{"id":623,"date":"2021-10-03T08:59:28","date_gmt":"2021-10-03T06:59:28","guid":{"rendered":"https:\/\/primerborrador.es\/?p=623"},"modified":"2025-01-16T12:16:06","modified_gmt":"2025-01-16T11:16:06","slug":"el-techo-blanco-de-berta-llonch","status":"publish","type":"post","link":"https:\/\/primerborrador.es\/index.php\/2021\/10\/03\/el-techo-blanco-de-berta-llonch\/","title":{"rendered":"El techo blanco de Berta Llonch"},"content":{"rendered":"\n<p class=\"wp-block-paragraph\">La artista <a href=\"https:\/\/bertallonch.com\/\" target=\"_blank\" rel=\"noreferrer noopener\">Berta Llonch<\/a> lo resume en dos frases que podr\u00edan ser dos versos: \u201cParar y mirar hacia arriba.\/All\u00ed un amplio e inmenso techo blanco\u201d. Son palabras con las que introduce su \u00faltima exposici\u00f3n en C\u00e1diz, titulada <em>El otro lado<\/em>.<\/p>\n\n\n\n<!--more-->\n\n\n\n<p class=\"wp-block-paragraph\">Para la artista gaditana ese otro lado era, cuando ni\u00f1a, el techo blanco de su habitaci\u00f3n, el espacio abierto a los sue\u00f1os y a la creatividad que, confiesa, se ha esforzado en mantener a lo largo del tiempo como realidad plausible en la que vivir y crear.<\/p>\n\n\n<div class=\"wp-block-image\">\n<figure class=\"aligncenter size-full\"><img loading=\"lazy\" decoding=\"async\" width=\"3004\" height=\"1562\" src=\"https:\/\/primerborrador.es\/wp-content\/uploads\/2021\/10\/Burbujas-cropped-1.png\" alt=\"El techo blanco de Berta Llonch\" class=\"wp-image-627\" srcset=\"https:\/\/primerborrador.es\/wp-content\/uploads\/2021\/10\/Burbujas-cropped-1.png 3004w, https:\/\/primerborrador.es\/wp-content\/uploads\/2021\/10\/Burbujas-cropped-1-768x399.png 768w, https:\/\/primerborrador.es\/wp-content\/uploads\/2021\/10\/Burbujas-cropped-1-1536x799.png 1536w, https:\/\/primerborrador.es\/wp-content\/uploads\/2021\/10\/Burbujas-cropped-1-2048x1065.png 2048w\" sizes=\"auto, (max-width: 3004px) 100vw, 3004px\" \/><figcaption class=\"wp-element-caption\">Fotos: Santiago P\u00e9rez<\/figcaption><\/figure>\n<\/div>\n\n\n<p class=\"wp-block-paragraph\">Y una peque\u00f1a parte de lo que hay en \u00e9l, en esta ocasi\u00f3n peces, corales y burbujas, es lo que nos ense\u00f1a en <em>El otro lado<\/em>.<\/p>\n\n\n\n<p class=\"wp-block-paragraph\">Es muy llamativo, al contemplar estas obras, que no aparezca directamente el mar por ning\u00fan sitio. M\u00e9rito de la artista, que nos hace creer lo contrario. El mar puede tener infinidad de formas y de colores, gamas de verde, cian, azul, dorado o rojo. Incluso blanco o pardo de espumas. Pero aqu\u00ed no est\u00e1n. El mar tan solo existe en la imaginaci\u00f3n del espectador que se deja llevar por el pincel y el rastro del agua.<\/p>\n\n\n\n<p class=\"wp-block-paragraph\">Como el s\u00edmil del humo y el fuego, por los peces creemos que est\u00e1 ah\u00ed. Algunos de los colores escogidos para representarlos gu\u00edan la mente del espectador a esa idea.<\/p>\n\n\n\n<h4 class=\"wp-block-heading\">Ese otro lado es el mar<\/h4>\n\n\n\n<p class=\"wp-block-paragraph\">O dicho en las palabras de la artista sobre su espacio creativo:<\/p>\n\n\n\n<p class=\"has-nv-light-bg-background-color has-background wp-block-paragraph\"><em>\u201cEse otro lado es el mar.<br>Es mi techo blanco, en el que voy situando elementos que van ampliando ese otro lado desde donde respiro y me sumerjo\u201d<\/em><\/p>\n\n\n\n<p class=\"wp-block-paragraph\">Los peces, corales y burbujas que ha creado Berta Llonch est\u00e1n precisados sobre el papel casi como insectos escogidos por un entom\u00f3logo, con la diferencia de que aqu\u00ed miran directamente al observador, como si estuvieran en una pecera, vivos. Vivos y extra\u00eddos de su medio natural. Recreados como figuras de un sue\u00f1o.<\/p>\n\n\n\n<p class=\"wp-block-paragraph\">Podr\u00eda pensarse que ese espacio en blanco es el vac\u00edo. Pero no creo que Berta Llonch tenga horror al vac\u00edo, ese p\u00e1nico al folio en blanco del que hablan algunos escritores.<\/p>\n\n\n<div class=\"wp-block-image\">\n<figure class=\"alignleft size-full is-resized\"><img loading=\"lazy\" decoding=\"async\" width=\"814\" height=\"1402\" src=\"https:\/\/primerborrador.es\/wp-content\/uploads\/2021\/10\/Peces-cropped-6.png\" alt=\"El techo blanco de Berta Llonch\" class=\"wp-image-628\" style=\"width:407px;height:701px\" srcset=\"https:\/\/primerborrador.es\/wp-content\/uploads\/2021\/10\/Peces-cropped-6.png 814w, https:\/\/primerborrador.es\/wp-content\/uploads\/2021\/10\/Peces-cropped-6-768x1323.png 768w\" sizes=\"auto, (max-width: 814px) 100vw, 814px\" \/><\/figure>\n<\/div>\n\n\n<p class=\"wp-block-paragraph\">Este no es el primer trabajo que la artista expone en C\u00e1diz. Anteriormente mostr\u00f3 en la Casa de Iberoam\u00e9rica <em>Construcciones en estado l\u00edquido<\/em>. Trabaja habitualmente en Madrid, donde tambi\u00e9n ha expuesto en muestras individuales y colectivas.<\/p>\n\n\n\n<p class=\"wp-block-paragraph\">Pero es C\u00e1diz lo que le inspira. As\u00ed lo recoge el <a href=\"https:\/\/www.dipucadiz.es\/cultura\/fomento-y-promocion-cultural\/exposiciones\/detalle\/Berta-Llonch-El-otro-lado\" target=\"_blank\" rel=\"noreferrer noopener nofollow\">cuaderno editado<\/a> para la exposici\u00f3n:<\/p>\n\n\n\n<p class=\"has-nv-light-bg-background-color has-background wp-block-paragraph\"><em>\u201cAll\u00ed es d\u00f3nde he crecido, d\u00f3nde he pasado d\u00edas y horas pensando e incluso dibujando. El sonido del agua simplemente al limpiar el pincel ya me transporta al mar y me gusta rodearme de todo aquello que me recuerda a \u00e9l\u201d.<\/em><\/p>\n\n\n\n<p class=\"wp-block-paragraph\">Y eso es lo que ver\u00e1 el p\u00fablico en esta exposici\u00f3n.<\/p>\n\n\n\n<p class=\"wp-block-paragraph\">Es cierto que esos nadadores de ojos suspendidos en el instante pueden transmitir cierta inquietud, pero la sensaci\u00f3n predominante al mirar estas acuarelas, donde los peces ocupan tan peque\u00f1o espacio, es de una cierta curiosidad no exenta de misterio. Al fin y al cabo, el mar y los seres que lo habitan siempre fueron, en la historia del arte y la literatura, un ente misterioso y desconocido.<\/p>\n\n\n\n<p class=\"wp-block-paragraph\"><strong>Exposici\u00f3n \u00abEl otro lado\u00bb<\/strong><br>Sala Rivadavia. Calle Presidente Rivadavia, 3. C\u00e1diz.<br>Hasta el 29 de octubre.<\/p>\n","protected":false},"excerpt":{"rendered":"<p>La artista Berta Llonch lo resume en dos frases que podr\u00edan ser dos versos: \u201cParar y mirar hacia arriba.\/All\u00ed un amplio e inmenso techo blanco\u201d. Son palabras con las que introduce su \u00faltima exposici\u00f3n en C\u00e1diz, titulada El otro lado.<\/p>\n","protected":false},"author":1,"featured_media":625,"comment_status":"open","ping_status":"closed","sticky":false,"template":"","format":"standard","meta":{"neve_meta_sidebar":"","neve_meta_container":"","neve_meta_enable_content_width":"","neve_meta_content_width":0,"neve_meta_title_alignment":"","neve_meta_author_avatar":"","neve_post_elements_order":"","neve_meta_disable_header":"","neve_meta_disable_footer":"","neve_meta_disable_title":"","_ayudawp_aiss_exclude":false,"_ayudawp_aiss_exclude_summary":false,"_ayudawp_aiss_summary":"","_ayudawp_aiss_summary_provider":"","_ayudawp_aiss_summary_hash":"","footnotes":""},"categories":[11],"tags":[118,125,117,122,34,121,123,124,61],"class_list":["post-623","post","type-post","status-publish","format-standard","has-post-thumbnail","hentry","category-arte","tag-acuarelas","tag-agua","tag-berta-llonch","tag-burbujas","tag-cadiz","tag-corales","tag-espacio-en-blanco","tag-papel-blanco","tag-peces"],"yoast_head":"<!-- This site is optimized with the Yoast SEO plugin v28.3 - https:\/\/yoast.com\/product\/yoast-seo-wordpress\/ -->\n<title>El techo blanco de Berta Llonch - Primer borrador<\/title>\n<meta name=\"description\" content=\"La artista Berta Llonch expone sus acuarelas sobre el mar, que reconoce es el techo blanco de su infancia, en la exposici\u00f3n &quot;El otro lado&quot;\" \/>\n<meta name=\"robots\" content=\"index, follow, max-snippet:-1, max-image-preview:large, max-video-preview:-1\" \/>\n<link rel=\"canonical\" href=\"https:\/\/primerborrador.es\/index.php\/2021\/10\/03\/el-techo-blanco-de-berta-llonch\/\" \/>\n<meta property=\"og:locale\" content=\"es_ES\" \/>\n<meta property=\"og:type\" content=\"article\" \/>\n<meta property=\"og:title\" content=\"El techo blanco de Berta Llonch - Primer borrador\" \/>\n<meta property=\"og:description\" content=\"La artista Berta Llonch expone sus acuarelas sobre el mar, que reconoce es el techo blanco de su infancia, en la exposici\u00f3n &quot;El otro lado&quot;\" \/>\n<meta property=\"og:url\" content=\"https:\/\/primerborrador.es\/index.php\/2021\/10\/03\/el-techo-blanco-de-berta-llonch\/\" \/>\n<meta property=\"og:site_name\" content=\"Primer borrador\" \/>\n<meta property=\"article:published_time\" content=\"2021-10-03T06:59:28+00:00\" \/>\n<meta property=\"article:modified_time\" content=\"2025-01-16T11:16:06+00:00\" \/>\n<meta property=\"og:image\" content=\"https:\/\/primerborrador.es\/wp-content\/uploads\/2021\/10\/Peces-cropped-5.png\" \/>\n\t<meta property=\"og:image:width\" content=\"1424\" \/>\n\t<meta property=\"og:image:height\" content=\"742\" \/>\n\t<meta property=\"og:image:type\" content=\"image\/png\" \/>\n<meta name=\"author\" content=\"Santiago P\u00e9rez\" \/>\n<script type=\"application\/ld+json\" class=\"yoast-schema-graph\">{\"@context\":\"https:\\\/\\\/schema.org\",\"@graph\":[{\"@type\":\"Article\",\"@id\":\"https:\\\/\\\/primerborrador.es\\\/index.php\\\/2021\\\/10\\\/03\\\/el-techo-blanco-de-berta-llonch\\\/#article\",\"isPartOf\":{\"@id\":\"https:\\\/\\\/primerborrador.es\\\/index.php\\\/2021\\\/10\\\/03\\\/el-techo-blanco-de-berta-llonch\\\/\"},\"author\":{\"name\":\"Santiago P\u00e9rez\",\"@id\":\"https:\\\/\\\/primerborrador.es\\\/#\\\/schema\\\/person\\\/39b8af43fb1e2774f05a0812a8f21bbc\"},\"headline\":\"El techo blanco de Berta Llonch\",\"datePublished\":\"2021-10-03T06:59:28+00:00\",\"dateModified\":\"2025-01-16T11:16:06+00:00\",\"mainEntityOfPage\":{\"@id\":\"https:\\\/\\\/primerborrador.es\\\/index.php\\\/2021\\\/10\\\/03\\\/el-techo-blanco-de-berta-llonch\\\/\"},\"wordCount\":582,\"commentCount\":0,\"publisher\":{\"@id\":\"https:\\\/\\\/primerborrador.es\\\/#\\\/schema\\\/person\\\/39b8af43fb1e2774f05a0812a8f21bbc\"},\"image\":{\"@id\":\"https:\\\/\\\/primerborrador.es\\\/index.php\\\/2021\\\/10\\\/03\\\/el-techo-blanco-de-berta-llonch\\\/#primaryimage\"},\"thumbnailUrl\":\"https:\\\/\\\/primerborrador.es\\\/wp-content\\\/uploads\\\/2021\\\/10\\\/Peces-cropped-5.png\",\"keywords\":[\"acuarelas\",\"agua\",\"berta-llonch\",\"burbujas\",\"cadiz\",\"corales\",\"espacio-en-blanco\",\"papel-blanco\",\"peces\"],\"articleSection\":[\"Arte\"],\"inLanguage\":\"es\",\"potentialAction\":[{\"@type\":\"CommentAction\",\"name\":\"Comment\",\"target\":[\"https:\\\/\\\/primerborrador.es\\\/index.php\\\/2021\\\/10\\\/03\\\/el-techo-blanco-de-berta-llonch\\\/#respond\"]}]},{\"@type\":\"WebPage\",\"@id\":\"https:\\\/\\\/primerborrador.es\\\/index.php\\\/2021\\\/10\\\/03\\\/el-techo-blanco-de-berta-llonch\\\/\",\"url\":\"https:\\\/\\\/primerborrador.es\\\/index.php\\\/2021\\\/10\\\/03\\\/el-techo-blanco-de-berta-llonch\\\/\",\"name\":\"El techo blanco de Berta Llonch - Primer borrador\",\"isPartOf\":{\"@id\":\"https:\\\/\\\/primerborrador.es\\\/#website\"},\"primaryImageOfPage\":{\"@id\":\"https:\\\/\\\/primerborrador.es\\\/index.php\\\/2021\\\/10\\\/03\\\/el-techo-blanco-de-berta-llonch\\\/#primaryimage\"},\"image\":{\"@id\":\"https:\\\/\\\/primerborrador.es\\\/index.php\\\/2021\\\/10\\\/03\\\/el-techo-blanco-de-berta-llonch\\\/#primaryimage\"},\"thumbnailUrl\":\"https:\\\/\\\/primerborrador.es\\\/wp-content\\\/uploads\\\/2021\\\/10\\\/Peces-cropped-5.png\",\"datePublished\":\"2021-10-03T06:59:28+00:00\",\"dateModified\":\"2025-01-16T11:16:06+00:00\",\"description\":\"La artista Berta Llonch expone sus acuarelas sobre el mar, que reconoce es el techo blanco de su infancia, en la exposici\u00f3n \\\"El otro lado\\\"\",\"breadcrumb\":{\"@id\":\"https:\\\/\\\/primerborrador.es\\\/index.php\\\/2021\\\/10\\\/03\\\/el-techo-blanco-de-berta-llonch\\\/#breadcrumb\"},\"inLanguage\":\"es\",\"potentialAction\":[{\"@type\":\"ReadAction\",\"target\":[\"https:\\\/\\\/primerborrador.es\\\/index.php\\\/2021\\\/10\\\/03\\\/el-techo-blanco-de-berta-llonch\\\/\"]}]},{\"@type\":\"ImageObject\",\"inLanguage\":\"es\",\"@id\":\"https:\\\/\\\/primerborrador.es\\\/index.php\\\/2021\\\/10\\\/03\\\/el-techo-blanco-de-berta-llonch\\\/#primaryimage\",\"url\":\"https:\\\/\\\/primerborrador.es\\\/wp-content\\\/uploads\\\/2021\\\/10\\\/Peces-cropped-5.png\",\"contentUrl\":\"https:\\\/\\\/primerborrador.es\\\/wp-content\\\/uploads\\\/2021\\\/10\\\/Peces-cropped-5.png\",\"width\":1424,\"height\":742,\"caption\":\"Fotos: Santiago P\u00e9rez\"},{\"@type\":\"BreadcrumbList\",\"@id\":\"https:\\\/\\\/primerborrador.es\\\/index.php\\\/2021\\\/10\\\/03\\\/el-techo-blanco-de-berta-llonch\\\/#breadcrumb\",\"itemListElement\":[{\"@type\":\"ListItem\",\"position\":1,\"name\":\"Home\",\"item\":\"https:\\\/\\\/primerborrador.es\\\/\"},{\"@type\":\"ListItem\",\"position\":2,\"name\":\"El techo blanco de Berta Llonch\"}]},{\"@type\":\"WebSite\",\"@id\":\"https:\\\/\\\/primerborrador.es\\\/#website\",\"url\":\"https:\\\/\\\/primerborrador.es\\\/\",\"name\":\"Primer borrador\",\"description\":\"Revista mensual de arte, literatura y jazz\",\"publisher\":{\"@id\":\"https:\\\/\\\/primerborrador.es\\\/#\\\/schema\\\/person\\\/39b8af43fb1e2774f05a0812a8f21bbc\"},\"potentialAction\":[{\"@type\":\"SearchAction\",\"target\":{\"@type\":\"EntryPoint\",\"urlTemplate\":\"https:\\\/\\\/primerborrador.es\\\/?s={search_term_string}\"},\"query-input\":{\"@type\":\"PropertyValueSpecification\",\"valueRequired\":true,\"valueName\":\"search_term_string\"}}],\"inLanguage\":\"es\"},{\"@type\":[\"Person\",\"Organization\"],\"@id\":\"https:\\\/\\\/primerborrador.es\\\/#\\\/schema\\\/person\\\/39b8af43fb1e2774f05a0812a8f21bbc\",\"name\":\"Santiago P\u00e9rez\",\"image\":{\"@type\":\"ImageObject\",\"inLanguage\":\"es\",\"@id\":\"https:\\\/\\\/primerborrador.es\\\/wp-content\\\/uploads\\\/2021\\\/02\\\/cropped-feather1-e1621103417910.png\",\"url\":\"https:\\\/\\\/primerborrador.es\\\/wp-content\\\/uploads\\\/2021\\\/02\\\/cropped-feather1-e1621103417910.png\",\"contentUrl\":\"https:\\\/\\\/primerborrador.es\\\/wp-content\\\/uploads\\\/2021\\\/02\\\/cropped-feather1-e1621103417910.png\",\"width\":256,\"height\":256,\"caption\":\"Santiago P\u00e9rez\"},\"logo\":{\"@id\":\"https:\\\/\\\/primerborrador.es\\\/wp-content\\\/uploads\\\/2021\\\/02\\\/cropped-feather1-e1621103417910.png\"},\"description\":\"Periodista. Escribo, desde Cadiz, sobre lo que me interesa: arte contempor\u00e1neo, literatura y m\u00fasica. Creo en la libertad de contar. Y tambi\u00e9n en la de elegir lo que quiero y no quiero leer.\",\"sameAs\":[\"https:\\\/\\\/primerborrador.es\"],\"url\":\"https:\\\/\\\/primerborrador.es\\\/index.php\\\/author\\\/santiagomperezm\\\/\"}]}<\/script>\n<!-- \/ Yoast SEO plugin. -->","yoast_head_json":{"title":"El techo blanco de Berta Llonch - Primer borrador","description":"La artista Berta Llonch expone sus acuarelas sobre el mar, que reconoce es el techo blanco de su infancia, en la exposici\u00f3n \"El otro lado\"","robots":{"index":"index","follow":"follow","max-snippet":"max-snippet:-1","max-image-preview":"max-image-preview:large","max-video-preview":"max-video-preview:-1"},"canonical":"https:\/\/primerborrador.es\/index.php\/2021\/10\/03\/el-techo-blanco-de-berta-llonch\/","og_locale":"es_ES","og_type":"article","og_title":"El techo blanco de Berta Llonch - Primer borrador","og_description":"La artista Berta Llonch expone sus acuarelas sobre el mar, que reconoce es el techo blanco de su infancia, en la exposici\u00f3n \"El otro lado\"","og_url":"https:\/\/primerborrador.es\/index.php\/2021\/10\/03\/el-techo-blanco-de-berta-llonch\/","og_site_name":"Primer borrador","article_published_time":"2021-10-03T06:59:28+00:00","article_modified_time":"2025-01-16T11:16:06+00:00","og_image":[{"width":1424,"height":742,"url":"https:\/\/primerborrador.es\/wp-content\/uploads\/2021\/10\/Peces-cropped-5.png","type":"image\/png"}],"author":"Santiago P\u00e9rez","schema":{"@context":"https:\/\/schema.org","@graph":[{"@type":"Article","@id":"https:\/\/primerborrador.es\/index.php\/2021\/10\/03\/el-techo-blanco-de-berta-llonch\/#article","isPartOf":{"@id":"https:\/\/primerborrador.es\/index.php\/2021\/10\/03\/el-techo-blanco-de-berta-llonch\/"},"author":{"name":"Santiago P\u00e9rez","@id":"https:\/\/primerborrador.es\/#\/schema\/person\/39b8af43fb1e2774f05a0812a8f21bbc"},"headline":"El techo blanco de Berta Llonch","datePublished":"2021-10-03T06:59:28+00:00","dateModified":"2025-01-16T11:16:06+00:00","mainEntityOfPage":{"@id":"https:\/\/primerborrador.es\/index.php\/2021\/10\/03\/el-techo-blanco-de-berta-llonch\/"},"wordCount":582,"commentCount":0,"publisher":{"@id":"https:\/\/primerborrador.es\/#\/schema\/person\/39b8af43fb1e2774f05a0812a8f21bbc"},"image":{"@id":"https:\/\/primerborrador.es\/index.php\/2021\/10\/03\/el-techo-blanco-de-berta-llonch\/#primaryimage"},"thumbnailUrl":"https:\/\/primerborrador.es\/wp-content\/uploads\/2021\/10\/Peces-cropped-5.png","keywords":["acuarelas","agua","berta-llonch","burbujas","cadiz","corales","espacio-en-blanco","papel-blanco","peces"],"articleSection":["Arte"],"inLanguage":"es","potentialAction":[{"@type":"CommentAction","name":"Comment","target":["https:\/\/primerborrador.es\/index.php\/2021\/10\/03\/el-techo-blanco-de-berta-llonch\/#respond"]}]},{"@type":"WebPage","@id":"https:\/\/primerborrador.es\/index.php\/2021\/10\/03\/el-techo-blanco-de-berta-llonch\/","url":"https:\/\/primerborrador.es\/index.php\/2021\/10\/03\/el-techo-blanco-de-berta-llonch\/","name":"El techo blanco de Berta Llonch - Primer borrador","isPartOf":{"@id":"https:\/\/primerborrador.es\/#website"},"primaryImageOfPage":{"@id":"https:\/\/primerborrador.es\/index.php\/2021\/10\/03\/el-techo-blanco-de-berta-llonch\/#primaryimage"},"image":{"@id":"https:\/\/primerborrador.es\/index.php\/2021\/10\/03\/el-techo-blanco-de-berta-llonch\/#primaryimage"},"thumbnailUrl":"https:\/\/primerborrador.es\/wp-content\/uploads\/2021\/10\/Peces-cropped-5.png","datePublished":"2021-10-03T06:59:28+00:00","dateModified":"2025-01-16T11:16:06+00:00","description":"La artista Berta Llonch expone sus acuarelas sobre el mar, que reconoce es el techo blanco de su infancia, en la exposici\u00f3n \"El otro lado\"","breadcrumb":{"@id":"https:\/\/primerborrador.es\/index.php\/2021\/10\/03\/el-techo-blanco-de-berta-llonch\/#breadcrumb"},"inLanguage":"es","potentialAction":[{"@type":"ReadAction","target":["https:\/\/primerborrador.es\/index.php\/2021\/10\/03\/el-techo-blanco-de-berta-llonch\/"]}]},{"@type":"ImageObject","inLanguage":"es","@id":"https:\/\/primerborrador.es\/index.php\/2021\/10\/03\/el-techo-blanco-de-berta-llonch\/#primaryimage","url":"https:\/\/primerborrador.es\/wp-content\/uploads\/2021\/10\/Peces-cropped-5.png","contentUrl":"https:\/\/primerborrador.es\/wp-content\/uploads\/2021\/10\/Peces-cropped-5.png","width":1424,"height":742,"caption":"Fotos: Santiago P\u00e9rez"},{"@type":"BreadcrumbList","@id":"https:\/\/primerborrador.es\/index.php\/2021\/10\/03\/el-techo-blanco-de-berta-llonch\/#breadcrumb","itemListElement":[{"@type":"ListItem","position":1,"name":"Home","item":"https:\/\/primerborrador.es\/"},{"@type":"ListItem","position":2,"name":"El techo blanco de Berta Llonch"}]},{"@type":"WebSite","@id":"https:\/\/primerborrador.es\/#website","url":"https:\/\/primerborrador.es\/","name":"Primer borrador","description":"Revista mensual de arte, literatura y jazz","publisher":{"@id":"https:\/\/primerborrador.es\/#\/schema\/person\/39b8af43fb1e2774f05a0812a8f21bbc"},"potentialAction":[{"@type":"SearchAction","target":{"@type":"EntryPoint","urlTemplate":"https:\/\/primerborrador.es\/?s={search_term_string}"},"query-input":{"@type":"PropertyValueSpecification","valueRequired":true,"valueName":"search_term_string"}}],"inLanguage":"es"},{"@type":["Person","Organization"],"@id":"https:\/\/primerborrador.es\/#\/schema\/person\/39b8af43fb1e2774f05a0812a8f21bbc","name":"Santiago P\u00e9rez","image":{"@type":"ImageObject","inLanguage":"es","@id":"https:\/\/primerborrador.es\/wp-content\/uploads\/2021\/02\/cropped-feather1-e1621103417910.png","url":"https:\/\/primerborrador.es\/wp-content\/uploads\/2021\/02\/cropped-feather1-e1621103417910.png","contentUrl":"https:\/\/primerborrador.es\/wp-content\/uploads\/2021\/02\/cropped-feather1-e1621103417910.png","width":256,"height":256,"caption":"Santiago P\u00e9rez"},"logo":{"@id":"https:\/\/primerborrador.es\/wp-content\/uploads\/2021\/02\/cropped-feather1-e1621103417910.png"},"description":"Periodista. Escribo, desde Cadiz, sobre lo que me interesa: arte contempor\u00e1neo, literatura y m\u00fasica. Creo en la libertad de contar. Y tambi\u00e9n en la de elegir lo que quiero y no quiero leer.","sameAs":["https:\/\/primerborrador.es"],"url":"https:\/\/primerborrador.es\/index.php\/author\/santiagomperezm\/"}]}},"_links":{"self":[{"href":"https:\/\/primerborrador.es\/index.php\/wp-json\/wp\/v2\/posts\/623","targetHints":{"allow":["GET"]}}],"collection":[{"href":"https:\/\/primerborrador.es\/index.php\/wp-json\/wp\/v2\/posts"}],"about":[{"href":"https:\/\/primerborrador.es\/index.php\/wp-json\/wp\/v2\/types\/post"}],"author":[{"embeddable":true,"href":"https:\/\/primerborrador.es\/index.php\/wp-json\/wp\/v2\/users\/1"}],"replies":[{"embeddable":true,"href":"https:\/\/primerborrador.es\/index.php\/wp-json\/wp\/v2\/comments?post=623"}],"version-history":[{"count":0,"href":"https:\/\/primerborrador.es\/index.php\/wp-json\/wp\/v2\/posts\/623\/revisions"}],"wp:featuredmedia":[{"embeddable":true,"href":"https:\/\/primerborrador.es\/index.php\/wp-json\/wp\/v2\/media\/625"}],"wp:attachment":[{"href":"https:\/\/primerborrador.es\/index.php\/wp-json\/wp\/v2\/media?parent=623"}],"wp:term":[{"taxonomy":"category","embeddable":true,"href":"https:\/\/primerborrador.es\/index.php\/wp-json\/wp\/v2\/categories?post=623"},{"taxonomy":"post_tag","embeddable":true,"href":"https:\/\/primerborrador.es\/index.php\/wp-json\/wp\/v2\/tags?post=623"}],"curies":[{"name":"wp","href":"https:\/\/api.w.org\/{rel}","templated":true}]}}