{"id":5363,"date":"2026-09-03T09:59:49","date_gmt":"2026-09-03T07:59:49","guid":{"rendered":"https:\/\/primerborrador.es\/?p=5363"},"modified":"2026-09-03T09:59:50","modified_gmt":"2026-09-03T07:59:50","slug":"heroicos-libreros-de-cadiz","status":"publish","type":"post","link":"https:\/\/primerborrador.es\/index.php\/2026\/09\/03\/heroicos-libreros-de-cadiz\/","title":{"rendered":"Heroicos libreros de C\u00e1diz"},"content":{"rendered":"\n<p class=\"wp-block-paragraph\">Cuando alguien dice que su actividad es heroica, siempre me acuerdo de Don Quijote. \u00bfHabr\u00e1 h\u00e9roe m\u00e1s espa\u00f1ol y m\u00e1s libresco que este? Don Quijote, Alonso Quijano, persegu\u00eda un sue\u00f1o imposible: hacer realidad lo que contaban los libros de caballer\u00edas, vivirlo en sus propias carnes, no solo leerlo.<\/p>\n\n\n\n<p class=\"wp-block-paragraph\">Claro que una cosa es lo que se sue\u00f1a y otra lo que se vive. Hay una diferencia importante entre lo que se elige al so\u00f1ar (los elementos que dar\u00e1n forma al sue\u00f1o) y lo que se experimenta al ponerlo en pr\u00e1ctica. Normalmente el sue\u00f1o romantiza la actividad, y la realidad suele ser un batacazo de considerable impacto. Algunos cuantos se llev\u00f3 Don Quijote.<\/p>\n\n\n\n<p class=\"wp-block-paragraph\">Y sin embargo, el sue\u00f1o siempre presente es el combustible de la idea, por quijotesca que parezca. Porque, y en Espa\u00f1a mucho, somos idealistas y amamos aquello que puede hacer el mundo m\u00e1s hermoso y m\u00e1s feliz, aunque sea por un rato.<\/p>\n\n\n\n<h3 class=\"wp-block-heading\"><strong>Pepe Jaime y Pedro Rivera, alma de Quorum<\/strong><\/h3>\n\n\n\n<p class=\"wp-block-paragraph\">Luego la realidad nos dar\u00e1 el conocimiento pr\u00e1ctico y nuestra resistencia, generosidad o capacidad de seguir so\u00f1ando mantendr\u00e1n viva la empresa. El portador del conocimiento pr\u00e1ctico, ese se\u00f1or con los pies en el suelo, siempre fue Sancho, aunque tambi\u00e9n se dejase embaucar por los ideales de Alonso Quijano.<\/p>\n\n\n\n<p class=\"wp-block-paragraph\">En realidad, Miguel de Cervantes bien pudo haber disgregado en dos personajes una \u00fanica personalidad, un car\u00e1cter bifronte en el que conjugar idealismo con sentido com\u00fan.<\/p>\n\n\n\n<p class=\"wp-block-paragraph\">Pienso en ello al leer la entrevista que han concedido Pedro Rivera y Pepe Jaime a Diario de C\u00e1diz con motivo de su jubilaci\u00f3n y de los 35 a\u00f1os de existencia de la libreria Quorum.<\/p>\n\n\n\n<p class=\"wp-block-paragraph\">Busqu\u00e9 en sus palabras qui\u00e9n podr\u00eda ser el Quijote de esta empresa heroica que es abrir y mantener una librer\u00eda tantos a\u00f1os, y quien podr\u00eda ser el Sancho, pero ninguno de los dos se ajusta perfectamente al arquetipo.<\/p>\n\n\n\n<h3 class=\"wp-block-heading\"><strong>Heredar un proyecto cultural<\/strong><\/h3>\n\n\n\n<p class=\"wp-block-paragraph\">Ambos, Pepe y Pedro, se deduce tras leer sus palabras, tienen esa mezcla de idealismo y sentido com\u00fan sin la cual ser\u00eda imposible mantener abierta una librer\u00eda durante 35 a\u00f1os de forma continuada.<\/p>\n\n\n\n<p class=\"wp-block-paragraph\">Reto que asume la nueva responsable, Mayka Crespo. Como bien dice, una librer\u00eda no solo es un lugar donde vender libros, es tambi\u00e9n un proyecto cultural en s\u00ed mismo, una identidad que trasciende el mero hecho mercantil de vender un producto. Se ve que hereda tambi\u00e9n el idealismo de sus predecesores.<\/p>\n\n\n\n<p class=\"wp-block-paragraph\">Tengo que confesar que Quorum nunca fue mi favorita en C\u00e1diz. Cuando era un chaval adoraba la desaparecida librer\u00eda Omega, en el paseo de Canalejas, con esa ingente masa abigarrada de libros aplilados en inestables estanter\u00edas verticales. Parec\u00eda m\u00e1s un lugar de lance que un comercio de novedades.<\/p>\n\n\n\n<h3 class=\"wp-block-heading\"><strong>Del amor por los libros<\/strong><\/h3>\n\n\n\n<p class=\"wp-block-paragraph\">La Marina y Manuel de Falla fueron una mezcla entre ese tipo de librero antiguo y uno moderno. Esa modernidad la manifest\u00f3 por completo Quorum desde que abri\u00f3. Su orden y disposici\u00f3n siempre fueron los de una librer\u00eda de finales del siglo veinte, preparada para dar el salto al nuevo siglo.<\/p>\n\n\n\n<p class=\"wp-block-paragraph\">No quiero valorar la profesionalidad de ninguno de los libreros que conoc\u00ed, a todos se les presupone. Y a todos les perdono su amabilidad o hura\u00f1ez, que ambas actitudes me parecen v\u00e1lidas en alguien que ha hecho del amor por los libros parte de su vida.<\/p>\n\n\n\n<p class=\"wp-block-paragraph\">Pero, aunque no fuera mi librer\u00eda favorita, que Quorum haya estado abierta durante 35 a\u00f1os es un motivo de alegr\u00eda para la ciudad. Celebremos su ambici\u00f3n de seguir chispeando, como una lluvia fina y persistente, la lib\u00e9rrima cultura de los libros. Despu\u00e9s de todo, \u00bfno fue un h\u00e9roe quien fund\u00f3 C\u00e1diz?<\/p>\n\n\n\n<hr class=\"wp-block-separator has-alpha-channel-opacity\"\/>\n\n\n\n<p class=\"wp-block-paragraph\">Ilustraci\u00f3n de <a href=\"https:\/\/pixabay.com\/photos\/nature-read-reading-to-enjoy-mood-4975498\/\" target=\"_blank\" rel=\"noreferrer noopener nofollow\">Susana Cipriano (Pixabay).<\/a><\/p>\n\n\n\n<p class=\"wp-block-paragraph\">No te pierdas nuestros reportajes y otras sugerencias, suscr\u00edbete a la newsletter quincenal \ud83d\udc47\ud83c\udffb<\/p>\n\n\n\n<div style=\"display: flex; justify-content: center; margin: 20px 0;\">\n  <iframe loading=\"lazy\" src=\"https:\/\/primerborradores.substack.com\/embed\" width=\"480\" height=\"320\" style=\"border: 1px solid #EEE; background: white\" frameborder=\"0\" scrolling=\"no\"><\/iframe><\/iframe>\n<\/div>\n\n\n\n<p class=\"wp-block-paragraph\"><\/p>\n","protected":false},"excerpt":{"rendered":"<p>Cuando alguien dice que su actividad es heroica, siempre me acuerdo de Don Quijote. \u00bfHabr\u00e1 h\u00e9roe m\u00e1s espa\u00f1ol y m\u00e1s libresco que este? Don Quijote, Alonso Quijano, persegu\u00eda un sue\u00f1o imposible: hacer realidad lo que contaban los libros de caballer\u00edas, vivirlo en sus propias carnes, no solo leerlo. Claro que una cosa es lo que&hellip;&nbsp;<a href=\"https:\/\/primerborrador.es\/index.php\/2026\/09\/03\/heroicos-libreros-de-cadiz\/\" rel=\"bookmark\">Leer m\u00e1s &raquo;<span class=\"screen-reader-text\">Heroicos libreros de C\u00e1diz<\/span><\/a><\/p>\n","protected":false},"author":1,"featured_media":5364,"comment_status":"open","ping_status":"closed","sticky":false,"template":"","format":"standard","meta":{"neve_meta_sidebar":"","neve_meta_container":"","neve_meta_enable_content_width":"","neve_meta_content_width":0,"neve_meta_title_alignment":"","neve_meta_author_avatar":"","neve_post_elements_order":"","neve_meta_disable_header":"","neve_meta_disable_footer":"","neve_meta_disable_title":"","_ayudawp_aiss_exclude":false,"_ayudawp_aiss_exclude_summary":false,"_ayudawp_aiss_summary":"Pienso en ello al leer la entrevista que han concedido Pedro Rivera y Pepe Jaime a Diario de C\u00e1diz con motivo de su jubilaci\u00f3n y de los 35 a\u00f1os de existencia de la libreria Quorum. Busqu\u00e9 en sus palabras qui\u00e9n podr\u00eda ser el Quijote de esta empresa heroica que es abrir y mantener una librer\u00eda tantos a\u00f1os, y quien podr\u00eda ser el Sancho, pero ninguno de los dos se ajusta perfectamente al arquetipo. Ambos, Pepe y Pedro, se deduce tras leer sus palabras, tienen esa mezcla de idealismo y sentido com\u00fan sin la cual ser\u00eda imposible mantener abierta una librer\u00eda durante 35 a\u00f1os de forma continuada.","_ayudawp_aiss_summary_provider":"extractive","_ayudawp_aiss_summary_hash":"ddd41a514443bc596777c21e1aee301258f5fdf8","footnotes":""},"categories":[525],"tags":[886,885],"class_list":["post-5363","post","type-post","status-publish","format-standard","has-post-thumbnail","hentry","category-opinion","tag-librerias-cadiz","tag-quorum-libros"],"yoast_head":"<!-- This site is optimized with the Yoast SEO plugin v28.4 - https:\/\/yoast.com\/product\/yoast-seo-wordpress\/ -->\n<title>Heroicos libreros de C\u00e1diz - Primer borrador<\/title>\n<meta name=\"description\" content=\"Quorum cumple 35 a\u00f1os, sus due\u00f1os se jubilan y pasan el testigo para que la librer\u00eda siga abierta y funcionando en plena libertad.\" \/>\n<meta name=\"robots\" content=\"index, follow, max-snippet:-1, max-image-preview:large, max-video-preview:-1\" \/>\n<link rel=\"canonical\" href=\"https:\/\/primerborrador.es\/index.php\/2026\/09\/03\/heroicos-libreros-de-cadiz\/\" \/>\n<meta property=\"og:locale\" content=\"es_ES\" \/>\n<meta property=\"og:type\" content=\"article\" \/>\n<meta property=\"og:title\" content=\"Heroicos libreros de C\u00e1diz - Primer borrador\" \/>\n<meta property=\"og:description\" content=\"Quorum cumple 35 a\u00f1os, sus due\u00f1os se jubilan y pasan el testigo para que la librer\u00eda siga abierta y funcionando en plena libertad.\" \/>\n<meta property=\"og:url\" content=\"https:\/\/primerborrador.es\/index.php\/2026\/09\/03\/heroicos-libreros-de-cadiz\/\" \/>\n<meta property=\"og:site_name\" content=\"Primer borrador\" \/>\n<meta property=\"article:published_time\" content=\"2026-09-03T07:59:49+00:00\" \/>\n<meta property=\"article:modified_time\" content=\"2026-09-03T07:59:50+00:00\" \/>\n<meta property=\"og:image\" content=\"https:\/\/primerborrador.es\/wp-content\/uploads\/2026\/09\/Ilustracion-de-Susana-Cipriano.jpg\" \/>\n\t<meta property=\"og:image:width\" content=\"1920\" \/>\n\t<meta property=\"og:image:height\" content=\"1286\" \/>\n\t<meta property=\"og:image:type\" content=\"image\/jpeg\" \/>\n<meta name=\"author\" content=\"Santiago P\u00e9rez\" \/>\n<script type=\"application\/ld+json\" class=\"yoast-schema-graph\">{\"@context\":\"https:\\\/\\\/schema.org\",\"@graph\":[{\"@type\":\"Article\",\"@id\":\"https:\\\/\\\/primerborrador.es\\\/index.php\\\/2026\\\/09\\\/03\\\/heroicos-libreros-de-cadiz\\\/#article\",\"isPartOf\":{\"@id\":\"https:\\\/\\\/primerborrador.es\\\/index.php\\\/2026\\\/09\\\/03\\\/heroicos-libreros-de-cadiz\\\/\"},\"author\":{\"name\":\"Santiago P\u00e9rez\",\"@id\":\"https:\\\/\\\/primerborrador.es\\\/#\\\/schema\\\/person\\\/39b8af43fb1e2774f05a0812a8f21bbc\"},\"headline\":\"Heroicos libreros de C\u00e1diz\",\"datePublished\":\"2026-09-03T07:59:49+00:00\",\"dateModified\":\"2026-09-03T07:59:50+00:00\",\"mainEntityOfPage\":{\"@id\":\"https:\\\/\\\/primerborrador.es\\\/index.php\\\/2026\\\/09\\\/03\\\/heroicos-libreros-de-cadiz\\\/\"},\"wordCount\":663,\"commentCount\":0,\"publisher\":{\"@id\":\"https:\\\/\\\/primerborrador.es\\\/#\\\/schema\\\/person\\\/39b8af43fb1e2774f05a0812a8f21bbc\"},\"image\":{\"@id\":\"https:\\\/\\\/primerborrador.es\\\/index.php\\\/2026\\\/09\\\/03\\\/heroicos-libreros-de-cadiz\\\/#primaryimage\"},\"thumbnailUrl\":\"https:\\\/\\\/primerborrador.es\\\/wp-content\\\/uploads\\\/2026\\\/09\\\/Ilustracion-de-Susana-Cipriano.jpg\",\"keywords\":[\"librer\u00edas-cadiz\",\"quorum-libros\"],\"articleSection\":[\"Opini\u00f3n\"],\"inLanguage\":\"es\",\"potentialAction\":[{\"@type\":\"CommentAction\",\"name\":\"Comment\",\"target\":[\"https:\\\/\\\/primerborrador.es\\\/index.php\\\/2026\\\/09\\\/03\\\/heroicos-libreros-de-cadiz\\\/#respond\"]}]},{\"@type\":\"WebPage\",\"@id\":\"https:\\\/\\\/primerborrador.es\\\/index.php\\\/2026\\\/09\\\/03\\\/heroicos-libreros-de-cadiz\\\/\",\"url\":\"https:\\\/\\\/primerborrador.es\\\/index.php\\\/2026\\\/09\\\/03\\\/heroicos-libreros-de-cadiz\\\/\",\"name\":\"Heroicos libreros de C\u00e1diz - Primer borrador\",\"isPartOf\":{\"@id\":\"https:\\\/\\\/primerborrador.es\\\/#website\"},\"primaryImageOfPage\":{\"@id\":\"https:\\\/\\\/primerborrador.es\\\/index.php\\\/2026\\\/09\\\/03\\\/heroicos-libreros-de-cadiz\\\/#primaryimage\"},\"image\":{\"@id\":\"https:\\\/\\\/primerborrador.es\\\/index.php\\\/2026\\\/09\\\/03\\\/heroicos-libreros-de-cadiz\\\/#primaryimage\"},\"thumbnailUrl\":\"https:\\\/\\\/primerborrador.es\\\/wp-content\\\/uploads\\\/2026\\\/09\\\/Ilustracion-de-Susana-Cipriano.jpg\",\"datePublished\":\"2026-09-03T07:59:49+00:00\",\"dateModified\":\"2026-09-03T07:59:50+00:00\",\"description\":\"Quorum cumple 35 a\u00f1os, sus due\u00f1os se jubilan y pasan el testigo para que la librer\u00eda siga abierta y funcionando en plena libertad.\",\"breadcrumb\":{\"@id\":\"https:\\\/\\\/primerborrador.es\\\/index.php\\\/2026\\\/09\\\/03\\\/heroicos-libreros-de-cadiz\\\/#breadcrumb\"},\"inLanguage\":\"es\",\"potentialAction\":[{\"@type\":\"ReadAction\",\"target\":[\"https:\\\/\\\/primerborrador.es\\\/index.php\\\/2026\\\/09\\\/03\\\/heroicos-libreros-de-cadiz\\\/\"]}]},{\"@type\":\"ImageObject\",\"inLanguage\":\"es\",\"@id\":\"https:\\\/\\\/primerborrador.es\\\/index.php\\\/2026\\\/09\\\/03\\\/heroicos-libreros-de-cadiz\\\/#primaryimage\",\"url\":\"https:\\\/\\\/primerborrador.es\\\/wp-content\\\/uploads\\\/2026\\\/09\\\/Ilustracion-de-Susana-Cipriano.jpg\",\"contentUrl\":\"https:\\\/\\\/primerborrador.es\\\/wp-content\\\/uploads\\\/2026\\\/09\\\/Ilustracion-de-Susana-Cipriano.jpg\",\"width\":1920,\"height\":1286,\"caption\":\"Ilustraci\u00f3n de Susana Cipriano\"},{\"@type\":\"BreadcrumbList\",\"@id\":\"https:\\\/\\\/primerborrador.es\\\/index.php\\\/2026\\\/09\\\/03\\\/heroicos-libreros-de-cadiz\\\/#breadcrumb\",\"itemListElement\":[{\"@type\":\"ListItem\",\"position\":1,\"name\":\"Home\",\"item\":\"https:\\\/\\\/primerborrador.es\\\/\"},{\"@type\":\"ListItem\",\"position\":2,\"name\":\"Heroicos libreros de C\u00e1diz\"}]},{\"@type\":\"WebSite\",\"@id\":\"https:\\\/\\\/primerborrador.es\\\/#website\",\"url\":\"https:\\\/\\\/primerborrador.es\\\/\",\"name\":\"Primer borrador\",\"description\":\"Revista mensual de arte, literatura y jazz\",\"publisher\":{\"@id\":\"https:\\\/\\\/primerborrador.es\\\/#\\\/schema\\\/person\\\/39b8af43fb1e2774f05a0812a8f21bbc\"},\"potentialAction\":[{\"@type\":\"SearchAction\",\"target\":{\"@type\":\"EntryPoint\",\"urlTemplate\":\"https:\\\/\\\/primerborrador.es\\\/?s={search_term_string}\"},\"query-input\":{\"@type\":\"PropertyValueSpecification\",\"valueRequired\":true,\"valueName\":\"search_term_string\"}}],\"inLanguage\":\"es\"},{\"@type\":[\"Person\",\"Organization\"],\"@id\":\"https:\\\/\\\/primerborrador.es\\\/#\\\/schema\\\/person\\\/39b8af43fb1e2774f05a0812a8f21bbc\",\"name\":\"Santiago P\u00e9rez\",\"image\":{\"@type\":\"ImageObject\",\"inLanguage\":\"es\",\"@id\":\"https:\\\/\\\/primerborrador.es\\\/wp-content\\\/uploads\\\/2021\\\/02\\\/cropped-feather1-e1621103417910.png\",\"url\":\"https:\\\/\\\/primerborrador.es\\\/wp-content\\\/uploads\\\/2021\\\/02\\\/cropped-feather1-e1621103417910.png\",\"contentUrl\":\"https:\\\/\\\/primerborrador.es\\\/wp-content\\\/uploads\\\/2021\\\/02\\\/cropped-feather1-e1621103417910.png\",\"width\":256,\"height\":256,\"caption\":\"Santiago P\u00e9rez\"},\"logo\":{\"@id\":\"https:\\\/\\\/primerborrador.es\\\/wp-content\\\/uploads\\\/2021\\\/02\\\/cropped-feather1-e1621103417910.png\"},\"description\":\"Periodista. Escribo, desde Cadiz, sobre lo que me interesa: arte contempor\u00e1neo, literatura y m\u00fasica. Creo en la libertad de contar. Y tambi\u00e9n en la de elegir lo que quiero y no quiero leer.\",\"sameAs\":[\"https:\\\/\\\/primerborrador.es\"],\"url\":\"https:\\\/\\\/primerborrador.es\\\/index.php\\\/author\\\/santiagomperezm\\\/\"}]}<\/script>\n<!-- \/ Yoast SEO plugin. -->","yoast_head_json":{"title":"Heroicos libreros de C\u00e1diz - Primer borrador","description":"Quorum cumple 35 a\u00f1os, sus due\u00f1os se jubilan y pasan el testigo para que la librer\u00eda siga abierta y funcionando en plena libertad.","robots":{"index":"index","follow":"follow","max-snippet":"max-snippet:-1","max-image-preview":"max-image-preview:large","max-video-preview":"max-video-preview:-1"},"canonical":"https:\/\/primerborrador.es\/index.php\/2026\/09\/03\/heroicos-libreros-de-cadiz\/","og_locale":"es_ES","og_type":"article","og_title":"Heroicos libreros de C\u00e1diz - Primer borrador","og_description":"Quorum cumple 35 a\u00f1os, sus due\u00f1os se jubilan y pasan el testigo para que la librer\u00eda siga abierta y funcionando en plena libertad.","og_url":"https:\/\/primerborrador.es\/index.php\/2026\/09\/03\/heroicos-libreros-de-cadiz\/","og_site_name":"Primer borrador","article_published_time":"2026-09-03T07:59:49+00:00","article_modified_time":"2026-09-03T07:59:50+00:00","og_image":[{"width":1920,"height":1286,"url":"https:\/\/primerborrador.es\/wp-content\/uploads\/2026\/09\/Ilustracion-de-Susana-Cipriano.jpg","type":"image\/jpeg"}],"author":"Santiago P\u00e9rez","schema":{"@context":"https:\/\/schema.org","@graph":[{"@type":"Article","@id":"https:\/\/primerborrador.es\/index.php\/2026\/09\/03\/heroicos-libreros-de-cadiz\/#article","isPartOf":{"@id":"https:\/\/primerborrador.es\/index.php\/2026\/09\/03\/heroicos-libreros-de-cadiz\/"},"author":{"name":"Santiago P\u00e9rez","@id":"https:\/\/primerborrador.es\/#\/schema\/person\/39b8af43fb1e2774f05a0812a8f21bbc"},"headline":"Heroicos libreros de C\u00e1diz","datePublished":"2026-09-03T07:59:49+00:00","dateModified":"2026-09-03T07:59:50+00:00","mainEntityOfPage":{"@id":"https:\/\/primerborrador.es\/index.php\/2026\/09\/03\/heroicos-libreros-de-cadiz\/"},"wordCount":663,"commentCount":0,"publisher":{"@id":"https:\/\/primerborrador.es\/#\/schema\/person\/39b8af43fb1e2774f05a0812a8f21bbc"},"image":{"@id":"https:\/\/primerborrador.es\/index.php\/2026\/09\/03\/heroicos-libreros-de-cadiz\/#primaryimage"},"thumbnailUrl":"https:\/\/primerborrador.es\/wp-content\/uploads\/2026\/09\/Ilustracion-de-Susana-Cipriano.jpg","keywords":["librer\u00edas-cadiz","quorum-libros"],"articleSection":["Opini\u00f3n"],"inLanguage":"es","potentialAction":[{"@type":"CommentAction","name":"Comment","target":["https:\/\/primerborrador.es\/index.php\/2026\/09\/03\/heroicos-libreros-de-cadiz\/#respond"]}]},{"@type":"WebPage","@id":"https:\/\/primerborrador.es\/index.php\/2026\/09\/03\/heroicos-libreros-de-cadiz\/","url":"https:\/\/primerborrador.es\/index.php\/2026\/09\/03\/heroicos-libreros-de-cadiz\/","name":"Heroicos libreros de C\u00e1diz - Primer borrador","isPartOf":{"@id":"https:\/\/primerborrador.es\/#website"},"primaryImageOfPage":{"@id":"https:\/\/primerborrador.es\/index.php\/2026\/09\/03\/heroicos-libreros-de-cadiz\/#primaryimage"},"image":{"@id":"https:\/\/primerborrador.es\/index.php\/2026\/09\/03\/heroicos-libreros-de-cadiz\/#primaryimage"},"thumbnailUrl":"https:\/\/primerborrador.es\/wp-content\/uploads\/2026\/09\/Ilustracion-de-Susana-Cipriano.jpg","datePublished":"2026-09-03T07:59:49+00:00","dateModified":"2026-09-03T07:59:50+00:00","description":"Quorum cumple 35 a\u00f1os, sus due\u00f1os se jubilan y pasan el testigo para que la librer\u00eda siga abierta y funcionando en plena libertad.","breadcrumb":{"@id":"https:\/\/primerborrador.es\/index.php\/2026\/09\/03\/heroicos-libreros-de-cadiz\/#breadcrumb"},"inLanguage":"es","potentialAction":[{"@type":"ReadAction","target":["https:\/\/primerborrador.es\/index.php\/2026\/09\/03\/heroicos-libreros-de-cadiz\/"]}]},{"@type":"ImageObject","inLanguage":"es","@id":"https:\/\/primerborrador.es\/index.php\/2026\/09\/03\/heroicos-libreros-de-cadiz\/#primaryimage","url":"https:\/\/primerborrador.es\/wp-content\/uploads\/2026\/09\/Ilustracion-de-Susana-Cipriano.jpg","contentUrl":"https:\/\/primerborrador.es\/wp-content\/uploads\/2026\/09\/Ilustracion-de-Susana-Cipriano.jpg","width":1920,"height":1286,"caption":"Ilustraci\u00f3n de Susana Cipriano"},{"@type":"BreadcrumbList","@id":"https:\/\/primerborrador.es\/index.php\/2026\/09\/03\/heroicos-libreros-de-cadiz\/#breadcrumb","itemListElement":[{"@type":"ListItem","position":1,"name":"Home","item":"https:\/\/primerborrador.es\/"},{"@type":"ListItem","position":2,"name":"Heroicos libreros de C\u00e1diz"}]},{"@type":"WebSite","@id":"https:\/\/primerborrador.es\/#website","url":"https:\/\/primerborrador.es\/","name":"Primer borrador","description":"Revista mensual de arte, literatura y jazz","publisher":{"@id":"https:\/\/primerborrador.es\/#\/schema\/person\/39b8af43fb1e2774f05a0812a8f21bbc"},"potentialAction":[{"@type":"SearchAction","target":{"@type":"EntryPoint","urlTemplate":"https:\/\/primerborrador.es\/?s={search_term_string}"},"query-input":{"@type":"PropertyValueSpecification","valueRequired":true,"valueName":"search_term_string"}}],"inLanguage":"es"},{"@type":["Person","Organization"],"@id":"https:\/\/primerborrador.es\/#\/schema\/person\/39b8af43fb1e2774f05a0812a8f21bbc","name":"Santiago P\u00e9rez","image":{"@type":"ImageObject","inLanguage":"es","@id":"https:\/\/primerborrador.es\/wp-content\/uploads\/2021\/02\/cropped-feather1-e1621103417910.png","url":"https:\/\/primerborrador.es\/wp-content\/uploads\/2021\/02\/cropped-feather1-e1621103417910.png","contentUrl":"https:\/\/primerborrador.es\/wp-content\/uploads\/2021\/02\/cropped-feather1-e1621103417910.png","width":256,"height":256,"caption":"Santiago P\u00e9rez"},"logo":{"@id":"https:\/\/primerborrador.es\/wp-content\/uploads\/2021\/02\/cropped-feather1-e1621103417910.png"},"description":"Periodista. Escribo, desde Cadiz, sobre lo que me interesa: arte contempor\u00e1neo, literatura y m\u00fasica. Creo en la libertad de contar. Y tambi\u00e9n en la de elegir lo que quiero y no quiero leer.","sameAs":["https:\/\/primerborrador.es"],"url":"https:\/\/primerborrador.es\/index.php\/author\/santiagomperezm\/"}]}},"_links":{"self":[{"href":"https:\/\/primerborrador.es\/index.php\/wp-json\/wp\/v2\/posts\/5363","targetHints":{"allow":["GET"]}}],"collection":[{"href":"https:\/\/primerborrador.es\/index.php\/wp-json\/wp\/v2\/posts"}],"about":[{"href":"https:\/\/primerborrador.es\/index.php\/wp-json\/wp\/v2\/types\/post"}],"author":[{"embeddable":true,"href":"https:\/\/primerborrador.es\/index.php\/wp-json\/wp\/v2\/users\/1"}],"replies":[{"embeddable":true,"href":"https:\/\/primerborrador.es\/index.php\/wp-json\/wp\/v2\/comments?post=5363"}],"version-history":[{"count":2,"href":"https:\/\/primerborrador.es\/index.php\/wp-json\/wp\/v2\/posts\/5363\/revisions"}],"predecessor-version":[{"id":5366,"href":"https:\/\/primerborrador.es\/index.php\/wp-json\/wp\/v2\/posts\/5363\/revisions\/5366"}],"wp:featuredmedia":[{"embeddable":true,"href":"https:\/\/primerborrador.es\/index.php\/wp-json\/wp\/v2\/media\/5364"}],"wp:attachment":[{"href":"https:\/\/primerborrador.es\/index.php\/wp-json\/wp\/v2\/media?parent=5363"}],"wp:term":[{"taxonomy":"category","embeddable":true,"href":"https:\/\/primerborrador.es\/index.php\/wp-json\/wp\/v2\/categories?post=5363"},{"taxonomy":"post_tag","embeddable":true,"href":"https:\/\/primerborrador.es\/index.php\/wp-json\/wp\/v2\/tags?post=5363"}],"curies":[{"name":"wp","href":"https:\/\/api.w.org\/{rel}","templated":true}]}}