{"id":5357,"date":"2026-09-03T09:58:41","date_gmt":"2026-09-03T07:58:41","guid":{"rendered":"https:\/\/primerborrador.es\/?p=5357"},"modified":"2026-09-03T09:58:43","modified_gmt":"2026-09-03T07:58:43","slug":"las-cinco-dimensiones-de-xose-miguelez","status":"publish","type":"post","link":"https:\/\/primerborrador.es\/index.php\/2026\/09\/03\/las-cinco-dimensiones-de-xose-miguelez\/","title":{"rendered":"Las cinco dimensiones de Xos\u00e9 Miguelez"},"content":{"rendered":"\n<p class=\"wp-block-paragraph\"><\/p>\n\n\n\n<p class=\"wp-block-paragraph\">Nuevo trabajo discogr\u00e1fico del saxofonista Xos\u00e9 Miguelez titulado <em>Five sides of a song<\/em>, las cinco caras de una canci\u00f3n, grabado en los estudios Tiny Moon de Santiago de Compostela.<\/p>\n\n\n\n<p class=\"wp-block-paragraph\">La canci\u00f3n en cuesti\u00f3n sobre la que ha construido este trabajo la ha titulado \u201cOntology\u201d, Ontolog\u00eda. Ling\u00fc\u00edsticamente, el concepto habla de esa parte de la filosof\u00eda, de la metaf\u00edsica, que se ocupa del ser.<\/p>\n\n\n\n<p class=\"wp-block-paragraph\">Musicalmente, pensando en la cartela con la que se presenta el disco, la esencia del ser de Migu\u00e9lez, al menos en este trabajo, est\u00e1 anclada en la memoria.<\/p>\n\n\n\n<p class=\"wp-block-paragraph\">Esto es as\u00ed porque el origen del \u00fanico tema y sus cinco versiones diferentes es una grabaci\u00f3n de voz de Amparo, t\u00eda abuela del m\u00fasico gallego que realiz\u00f3 en los a\u00f1os ochenta la music\u00f3loga Doroth\u00e9 Schubarth.<\/p>\n\n\n\n<h3 class=\"wp-block-heading\"><strong>Interpretar la memoria<\/strong><\/h3>\n\n\n\n<p class=\"wp-block-paragraph\">Podemos escuchar la voz de Amparo al comienzo de la primera de las versiones registradas por Xos\u00e9 Migu\u00e9lez, que data de 2018. Las dem\u00e1s fueron grabadas en 2022 y 2024.<\/p>\n\n\n\n<p class=\"wp-block-paragraph\">De esta voz el m\u00fasico orensano, junto con el m\u00fasico estaounidense Matt Otto, ha extraido una base mel\u00f3dica de cuatro notas, y con ellas (aqu\u00ed toca el saxo tenor) compone y graba cuatro versiones en distintas formaciones: sexteto, cuarteto, tr\u00edo y d\u00fao en las que explora las distintas posibilidades de esta base mel\u00f3dica.<\/p>\n\n\n\n<p class=\"wp-block-paragraph\">Todas las versiones, su ritmo pausado, transmiten una profunda melancol\u00eda, con matices m\u00e1s ligeros en algunos momentos, como atisbos de luz en un cielo cubierto de nubes. Tal vez no sea posible, o el m\u00fasico no ha querido abordarlo en este trabajo, expresar otros sentimientos asociables a la memoria.<\/p>\n\n\n\n<h3 class=\"wp-block-heading\"><strong>Jazz aut\u00e9ntico<\/strong><\/h3>\n\n\n\n<p class=\"wp-block-paragraph\">M\u00e1s all\u00e1 de valoraciones de concepto hechas por un visitante ocasional como yo sobre las intenciones personales del artista, las cuatro versiones (y la quinta, grabada en vivo) me han transmitido una m\u00fasica que atrapa la atenci\u00f3n con su bella delicadeza, sin renunciar en ning\u00fan momento a ese pellizco de blues y de swing que debe tener siempre el jazz aut\u00e9ntico.<\/p>\n\n\n\n<p class=\"wp-block-paragraph\">M\u00e9rito del artista, pero tambi\u00e9n del excelente grupo de m\u00fasicos que le acompa\u00f1an, en especial los pianistas Abe R\u00e1bade y Jean-Michel Pilc, cuya pulsaci\u00f3n a\u00f1ade una dimensi\u00f3n m\u00e1s a la m\u00fasica de Migu\u00e9lez.<\/p>\n\n\n\n<p class=\"wp-block-paragraph\">Con ellos aparecen en los cr\u00e9ditos el saxo tenor Matt Otto, el guitarrista Storm Nilson, los contrabajos Carlos Barretto y Ben Leifer, Marcos Cabaleiro a la bater\u00eda y John Kizilarmut repicando en el caj\u00f3n.<\/p>\n\n\n\n<p class=\"wp-block-paragraph\">El disco, producido <a href=\"https:\/\/xosemiguelez.com\/\" target=\"_blank\" rel=\"noreferrer noopener\">por el propio Migu\u00e9lez<\/a>, est\u00e1 disponible <a href=\"https:\/\/tinymoonrecords.com\/producto\/xose-miguelez-five-sides-of-a-song-cd\" target=\"_blank\" rel=\"noreferrer noopener\">en formato cd en el sitio web de Tiny moon records,<\/a> y en formato digital en plataformas como <a href=\"https:\/\/xosemiguelez.bandcamp.com\/album\/five-sides-of-a-song\" target=\"_blank\" rel=\"noreferrer noopener\">Bandcamp<\/a>. La cubierta es obra del artista pl\u00e1stico <a href=\"https:\/\/artedelio.com\/\" target=\"_blank\" rel=\"noreferrer noopener nofollow\">Delio S\u00e1nchez Lojo<\/a>.<\/p>\n\n\n\n<p class=\"wp-block-paragraph\">No te pierdas nuestros reportajes y otras sugerencias, suscr\u00edbete a la newsletter quincenal \ud83d\udc47\ud83c\udffb<\/p>\n\n\n\n<div style=\"display: flex; justify-content: center; margin: 20px 0;\">\n  <iframe loading=\"lazy\" src=\"https:\/\/primerborradores.substack.com\/embed\" width=\"480\" height=\"320\" style=\"border: 1px solid #EEE; background: white\" frameborder=\"0\" scrolling=\"no\"><\/iframe><\/iframe>\n<\/div>\n","protected":false},"excerpt":{"rendered":"<p>Nuevo trabajo discogr\u00e1fico del saxofonista Xos\u00e9 Miguelez titulado Five sides of a song, las cinco caras de una canci\u00f3n, grabado en los estudios Tiny Moon de Santiago de Compostela. La canci\u00f3n en cuesti\u00f3n sobre la que ha construido este trabajo la ha titulado \u201cOntology\u201d, Ontolog\u00eda. Ling\u00fc\u00edsticamente, el concepto habla de esa parte de la filosof\u00eda,&hellip;&nbsp;<a href=\"https:\/\/primerborrador.es\/index.php\/2026\/09\/03\/las-cinco-dimensiones-de-xose-miguelez\/\" rel=\"bookmark\">Leer m\u00e1s &raquo;<span class=\"screen-reader-text\">Las cinco dimensiones de Xos\u00e9 Miguelez<\/span><\/a><\/p>\n","protected":false},"author":1,"featured_media":5361,"comment_status":"open","ping_status":"closed","sticky":false,"template":"","format":"standard","meta":{"neve_meta_sidebar":"","neve_meta_container":"","neve_meta_enable_content_width":"","neve_meta_content_width":0,"neve_meta_title_alignment":"","neve_meta_author_avatar":"","neve_post_elements_order":"","neve_meta_disable_header":"","neve_meta_disable_footer":"","neve_meta_disable_title":"","_ayudawp_aiss_exclude":false,"_ayudawp_aiss_exclude_summary":false,"_ayudawp_aiss_summary":"Nuevo trabajo discogr\u00e1fico del saxofonista Xos\u00e9 Miguelez titulado Five sides of a song, las cinco caras de una canci\u00f3n, grabado en los estudios Tiny Moon de Santiago de Compostela. De esta voz el m\u00fasico orensano, junto con el m\u00fasico estaounidense Matt Otto, ha extraido una base mel\u00f3dica de cuatro notas, y con ellas (aqu\u00ed toca el saxo tenor) compone y graba cuatro versiones en distintas formaciones: sexteto, cuarteto, tr\u00edo y d\u00fao en las que explora las distintas posibilidades de esta base mel\u00f3dica. M\u00e1s all\u00e1 de valoraciones de concepto hechas por un visitante ocasional como yo sobre las intenciones personales del artista, las cuatro versiones (y la quinta, grabada en vivo) me han transmitido una m\u00fasica que atrapa la atenci\u00f3n con su bella delicadeza, sin renunciar en ning\u00fan momento a ese pellizco de blues y de swing que debe tener siempre el jazz aut\u00e9ntico.","_ayudawp_aiss_summary_provider":"extractive","_ayudawp_aiss_summary_hash":"61fdec8b42752ab3e24ef010dedf0168d2b7a1ee","footnotes":""},"categories":[10],"tags":[47,884,270,883,882],"class_list":["post-5357","post","type-post","status-publish","format-standard","has-post-thumbnail","hentry","category-musica","tag-jazz","tag-matt-otto","tag-memoria","tag-ontology","tag-xose-miguelez"],"yoast_head":"<!-- This site is optimized with the Yoast SEO plugin v28.4 - https:\/\/yoast.com\/product\/yoast-seo-wordpress\/ -->\n<title>Las cinco dimensiones de Xos\u00e9 Miguelez - Primer borrador<\/title>\n<meta name=\"description\" content=\"Nuevo trabajo del saxofonista Xos\u00e9 Miguelez titulado Five sides of a song, grabado en los estudios Tiny Moon de Santiago.\" \/>\n<meta name=\"robots\" content=\"index, follow, max-snippet:-1, max-image-preview:large, max-video-preview:-1\" \/>\n<link rel=\"canonical\" href=\"https:\/\/primerborrador.es\/index.php\/2026\/09\/03\/las-cinco-dimensiones-de-xose-miguelez\/\" \/>\n<meta property=\"og:locale\" content=\"es_ES\" \/>\n<meta property=\"og:type\" content=\"article\" \/>\n<meta property=\"og:title\" content=\"Las cinco dimensiones de Xos\u00e9 Miguelez - Primer borrador\" \/>\n<meta property=\"og:description\" content=\"Nuevo trabajo del saxofonista Xos\u00e9 Miguelez titulado Five sides of a song, grabado en los estudios Tiny Moon de Santiago.\" \/>\n<meta property=\"og:url\" content=\"https:\/\/primerborrador.es\/index.php\/2026\/09\/03\/las-cinco-dimensiones-de-xose-miguelez\/\" \/>\n<meta property=\"og:site_name\" content=\"Primer borrador\" \/>\n<meta property=\"article:published_time\" content=\"2026-09-03T07:58:41+00:00\" \/>\n<meta property=\"article:modified_time\" content=\"2026-09-03T07:58:43+00:00\" \/>\n<meta property=\"og:image\" content=\"https:\/\/primerborrador.es\/wp-content\/uploads\/2026\/08\/Xose-Miguelez-Five-sides.jpg\" \/>\n\t<meta property=\"og:image:width\" content=\"1080\" \/>\n\t<meta property=\"og:image:height\" content=\"1080\" \/>\n\t<meta property=\"og:image:type\" content=\"image\/jpeg\" \/>\n<meta name=\"author\" content=\"Santiago P\u00e9rez\" \/>\n<script type=\"application\/ld+json\" class=\"yoast-schema-graph\">{\"@context\":\"https:\\\/\\\/schema.org\",\"@graph\":[{\"@type\":\"Article\",\"@id\":\"https:\\\/\\\/primerborrador.es\\\/index.php\\\/2026\\\/09\\\/03\\\/las-cinco-dimensiones-de-xose-miguelez\\\/#article\",\"isPartOf\":{\"@id\":\"https:\\\/\\\/primerborrador.es\\\/index.php\\\/2026\\\/09\\\/03\\\/las-cinco-dimensiones-de-xose-miguelez\\\/\"},\"author\":{\"name\":\"Santiago P\u00e9rez\",\"@id\":\"https:\\\/\\\/primerborrador.es\\\/#\\\/schema\\\/person\\\/39b8af43fb1e2774f05a0812a8f21bbc\"},\"headline\":\"Las cinco dimensiones de Xos\u00e9 Miguelez\",\"datePublished\":\"2026-09-03T07:58:41+00:00\",\"dateModified\":\"2026-09-03T07:58:43+00:00\",\"mainEntityOfPage\":{\"@id\":\"https:\\\/\\\/primerborrador.es\\\/index.php\\\/2026\\\/09\\\/03\\\/las-cinco-dimensiones-de-xose-miguelez\\\/\"},\"wordCount\":481,\"commentCount\":0,\"publisher\":{\"@id\":\"https:\\\/\\\/primerborrador.es\\\/#\\\/schema\\\/person\\\/39b8af43fb1e2774f05a0812a8f21bbc\"},\"image\":{\"@id\":\"https:\\\/\\\/primerborrador.es\\\/index.php\\\/2026\\\/09\\\/03\\\/las-cinco-dimensiones-de-xose-miguelez\\\/#primaryimage\"},\"thumbnailUrl\":\"https:\\\/\\\/primerborrador.es\\\/wp-content\\\/uploads\\\/2026\\\/08\\\/Xose-Miguelez-Five-sides.jpg\",\"keywords\":[\"jazz\",\"matt-otto\",\"memoria\",\"ontology\",\"xos\u00e9-miguelez\"],\"articleSection\":[\"M\u00fasica\"],\"inLanguage\":\"es\",\"potentialAction\":[{\"@type\":\"CommentAction\",\"name\":\"Comment\",\"target\":[\"https:\\\/\\\/primerborrador.es\\\/index.php\\\/2026\\\/09\\\/03\\\/las-cinco-dimensiones-de-xose-miguelez\\\/#respond\"]}]},{\"@type\":\"WebPage\",\"@id\":\"https:\\\/\\\/primerborrador.es\\\/index.php\\\/2026\\\/09\\\/03\\\/las-cinco-dimensiones-de-xose-miguelez\\\/\",\"url\":\"https:\\\/\\\/primerborrador.es\\\/index.php\\\/2026\\\/09\\\/03\\\/las-cinco-dimensiones-de-xose-miguelez\\\/\",\"name\":\"Las cinco dimensiones de Xos\u00e9 Miguelez - Primer borrador\",\"isPartOf\":{\"@id\":\"https:\\\/\\\/primerborrador.es\\\/#website\"},\"primaryImageOfPage\":{\"@id\":\"https:\\\/\\\/primerborrador.es\\\/index.php\\\/2026\\\/09\\\/03\\\/las-cinco-dimensiones-de-xose-miguelez\\\/#primaryimage\"},\"image\":{\"@id\":\"https:\\\/\\\/primerborrador.es\\\/index.php\\\/2026\\\/09\\\/03\\\/las-cinco-dimensiones-de-xose-miguelez\\\/#primaryimage\"},\"thumbnailUrl\":\"https:\\\/\\\/primerborrador.es\\\/wp-content\\\/uploads\\\/2026\\\/08\\\/Xose-Miguelez-Five-sides.jpg\",\"datePublished\":\"2026-09-03T07:58:41+00:00\",\"dateModified\":\"2026-09-03T07:58:43+00:00\",\"description\":\"Nuevo trabajo del saxofonista Xos\u00e9 Miguelez titulado Five sides of a song, grabado en los estudios Tiny Moon de Santiago.\",\"breadcrumb\":{\"@id\":\"https:\\\/\\\/primerborrador.es\\\/index.php\\\/2026\\\/09\\\/03\\\/las-cinco-dimensiones-de-xose-miguelez\\\/#breadcrumb\"},\"inLanguage\":\"es\",\"potentialAction\":[{\"@type\":\"ReadAction\",\"target\":[\"https:\\\/\\\/primerborrador.es\\\/index.php\\\/2026\\\/09\\\/03\\\/las-cinco-dimensiones-de-xose-miguelez\\\/\"]}]},{\"@type\":\"ImageObject\",\"inLanguage\":\"es\",\"@id\":\"https:\\\/\\\/primerborrador.es\\\/index.php\\\/2026\\\/09\\\/03\\\/las-cinco-dimensiones-de-xose-miguelez\\\/#primaryimage\",\"url\":\"https:\\\/\\\/primerborrador.es\\\/wp-content\\\/uploads\\\/2026\\\/08\\\/Xose-Miguelez-Five-sides.jpg\",\"contentUrl\":\"https:\\\/\\\/primerborrador.es\\\/wp-content\\\/uploads\\\/2026\\\/08\\\/Xose-Miguelez-Five-sides.jpg\",\"width\":1080,\"height\":1080,\"caption\":\"Portada del disco. Cubierta: Delio S\u00e1nchez Lojo\"},{\"@type\":\"BreadcrumbList\",\"@id\":\"https:\\\/\\\/primerborrador.es\\\/index.php\\\/2026\\\/09\\\/03\\\/las-cinco-dimensiones-de-xose-miguelez\\\/#breadcrumb\",\"itemListElement\":[{\"@type\":\"ListItem\",\"position\":1,\"name\":\"Home\",\"item\":\"https:\\\/\\\/primerborrador.es\\\/\"},{\"@type\":\"ListItem\",\"position\":2,\"name\":\"Las cinco dimensiones de Xos\u00e9 Miguelez\"}]},{\"@type\":\"WebSite\",\"@id\":\"https:\\\/\\\/primerborrador.es\\\/#website\",\"url\":\"https:\\\/\\\/primerborrador.es\\\/\",\"name\":\"Primer borrador\",\"description\":\"Revista mensual de arte, literatura y jazz\",\"publisher\":{\"@id\":\"https:\\\/\\\/primerborrador.es\\\/#\\\/schema\\\/person\\\/39b8af43fb1e2774f05a0812a8f21bbc\"},\"potentialAction\":[{\"@type\":\"SearchAction\",\"target\":{\"@type\":\"EntryPoint\",\"urlTemplate\":\"https:\\\/\\\/primerborrador.es\\\/?s={search_term_string}\"},\"query-input\":{\"@type\":\"PropertyValueSpecification\",\"valueRequired\":true,\"valueName\":\"search_term_string\"}}],\"inLanguage\":\"es\"},{\"@type\":[\"Person\",\"Organization\"],\"@id\":\"https:\\\/\\\/primerborrador.es\\\/#\\\/schema\\\/person\\\/39b8af43fb1e2774f05a0812a8f21bbc\",\"name\":\"Santiago P\u00e9rez\",\"image\":{\"@type\":\"ImageObject\",\"inLanguage\":\"es\",\"@id\":\"https:\\\/\\\/primerborrador.es\\\/wp-content\\\/uploads\\\/2021\\\/02\\\/cropped-feather1-e1621103417910.png\",\"url\":\"https:\\\/\\\/primerborrador.es\\\/wp-content\\\/uploads\\\/2021\\\/02\\\/cropped-feather1-e1621103417910.png\",\"contentUrl\":\"https:\\\/\\\/primerborrador.es\\\/wp-content\\\/uploads\\\/2021\\\/02\\\/cropped-feather1-e1621103417910.png\",\"width\":256,\"height\":256,\"caption\":\"Santiago P\u00e9rez\"},\"logo\":{\"@id\":\"https:\\\/\\\/primerborrador.es\\\/wp-content\\\/uploads\\\/2021\\\/02\\\/cropped-feather1-e1621103417910.png\"},\"description\":\"Periodista. Escribo, desde Cadiz, sobre lo que me interesa: arte contempor\u00e1neo, literatura y m\u00fasica. Creo en la libertad de contar. Y tambi\u00e9n en la de elegir lo que quiero y no quiero leer.\",\"sameAs\":[\"https:\\\/\\\/primerborrador.es\"],\"url\":\"https:\\\/\\\/primerborrador.es\\\/index.php\\\/author\\\/santiagomperezm\\\/\"}]}<\/script>\n<!-- \/ Yoast SEO plugin. -->","yoast_head_json":{"title":"Las cinco dimensiones de Xos\u00e9 Miguelez - Primer borrador","description":"Nuevo trabajo del saxofonista Xos\u00e9 Miguelez titulado Five sides of a song, grabado en los estudios Tiny Moon de Santiago.","robots":{"index":"index","follow":"follow","max-snippet":"max-snippet:-1","max-image-preview":"max-image-preview:large","max-video-preview":"max-video-preview:-1"},"canonical":"https:\/\/primerborrador.es\/index.php\/2026\/09\/03\/las-cinco-dimensiones-de-xose-miguelez\/","og_locale":"es_ES","og_type":"article","og_title":"Las cinco dimensiones de Xos\u00e9 Miguelez - Primer borrador","og_description":"Nuevo trabajo del saxofonista Xos\u00e9 Miguelez titulado Five sides of a song, grabado en los estudios Tiny Moon de Santiago.","og_url":"https:\/\/primerborrador.es\/index.php\/2026\/09\/03\/las-cinco-dimensiones-de-xose-miguelez\/","og_site_name":"Primer borrador","article_published_time":"2026-09-03T07:58:41+00:00","article_modified_time":"2026-09-03T07:58:43+00:00","og_image":[{"width":1080,"height":1080,"url":"https:\/\/primerborrador.es\/wp-content\/uploads\/2026\/08\/Xose-Miguelez-Five-sides.jpg","type":"image\/jpeg"}],"author":"Santiago P\u00e9rez","schema":{"@context":"https:\/\/schema.org","@graph":[{"@type":"Article","@id":"https:\/\/primerborrador.es\/index.php\/2026\/09\/03\/las-cinco-dimensiones-de-xose-miguelez\/#article","isPartOf":{"@id":"https:\/\/primerborrador.es\/index.php\/2026\/09\/03\/las-cinco-dimensiones-de-xose-miguelez\/"},"author":{"name":"Santiago P\u00e9rez","@id":"https:\/\/primerborrador.es\/#\/schema\/person\/39b8af43fb1e2774f05a0812a8f21bbc"},"headline":"Las cinco dimensiones de Xos\u00e9 Miguelez","datePublished":"2026-09-03T07:58:41+00:00","dateModified":"2026-09-03T07:58:43+00:00","mainEntityOfPage":{"@id":"https:\/\/primerborrador.es\/index.php\/2026\/09\/03\/las-cinco-dimensiones-de-xose-miguelez\/"},"wordCount":481,"commentCount":0,"publisher":{"@id":"https:\/\/primerborrador.es\/#\/schema\/person\/39b8af43fb1e2774f05a0812a8f21bbc"},"image":{"@id":"https:\/\/primerborrador.es\/index.php\/2026\/09\/03\/las-cinco-dimensiones-de-xose-miguelez\/#primaryimage"},"thumbnailUrl":"https:\/\/primerborrador.es\/wp-content\/uploads\/2026\/08\/Xose-Miguelez-Five-sides.jpg","keywords":["jazz","matt-otto","memoria","ontology","xos\u00e9-miguelez"],"articleSection":["M\u00fasica"],"inLanguage":"es","potentialAction":[{"@type":"CommentAction","name":"Comment","target":["https:\/\/primerborrador.es\/index.php\/2026\/09\/03\/las-cinco-dimensiones-de-xose-miguelez\/#respond"]}]},{"@type":"WebPage","@id":"https:\/\/primerborrador.es\/index.php\/2026\/09\/03\/las-cinco-dimensiones-de-xose-miguelez\/","url":"https:\/\/primerborrador.es\/index.php\/2026\/09\/03\/las-cinco-dimensiones-de-xose-miguelez\/","name":"Las cinco dimensiones de Xos\u00e9 Miguelez - Primer borrador","isPartOf":{"@id":"https:\/\/primerborrador.es\/#website"},"primaryImageOfPage":{"@id":"https:\/\/primerborrador.es\/index.php\/2026\/09\/03\/las-cinco-dimensiones-de-xose-miguelez\/#primaryimage"},"image":{"@id":"https:\/\/primerborrador.es\/index.php\/2026\/09\/03\/las-cinco-dimensiones-de-xose-miguelez\/#primaryimage"},"thumbnailUrl":"https:\/\/primerborrador.es\/wp-content\/uploads\/2026\/08\/Xose-Miguelez-Five-sides.jpg","datePublished":"2026-09-03T07:58:41+00:00","dateModified":"2026-09-03T07:58:43+00:00","description":"Nuevo trabajo del saxofonista Xos\u00e9 Miguelez titulado Five sides of a song, grabado en los estudios Tiny Moon de Santiago.","breadcrumb":{"@id":"https:\/\/primerborrador.es\/index.php\/2026\/09\/03\/las-cinco-dimensiones-de-xose-miguelez\/#breadcrumb"},"inLanguage":"es","potentialAction":[{"@type":"ReadAction","target":["https:\/\/primerborrador.es\/index.php\/2026\/09\/03\/las-cinco-dimensiones-de-xose-miguelez\/"]}]},{"@type":"ImageObject","inLanguage":"es","@id":"https:\/\/primerborrador.es\/index.php\/2026\/09\/03\/las-cinco-dimensiones-de-xose-miguelez\/#primaryimage","url":"https:\/\/primerborrador.es\/wp-content\/uploads\/2026\/08\/Xose-Miguelez-Five-sides.jpg","contentUrl":"https:\/\/primerborrador.es\/wp-content\/uploads\/2026\/08\/Xose-Miguelez-Five-sides.jpg","width":1080,"height":1080,"caption":"Portada del disco. Cubierta: Delio S\u00e1nchez Lojo"},{"@type":"BreadcrumbList","@id":"https:\/\/primerborrador.es\/index.php\/2026\/09\/03\/las-cinco-dimensiones-de-xose-miguelez\/#breadcrumb","itemListElement":[{"@type":"ListItem","position":1,"name":"Home","item":"https:\/\/primerborrador.es\/"},{"@type":"ListItem","position":2,"name":"Las cinco dimensiones de Xos\u00e9 Miguelez"}]},{"@type":"WebSite","@id":"https:\/\/primerborrador.es\/#website","url":"https:\/\/primerborrador.es\/","name":"Primer borrador","description":"Revista mensual de arte, literatura y jazz","publisher":{"@id":"https:\/\/primerborrador.es\/#\/schema\/person\/39b8af43fb1e2774f05a0812a8f21bbc"},"potentialAction":[{"@type":"SearchAction","target":{"@type":"EntryPoint","urlTemplate":"https:\/\/primerborrador.es\/?s={search_term_string}"},"query-input":{"@type":"PropertyValueSpecification","valueRequired":true,"valueName":"search_term_string"}}],"inLanguage":"es"},{"@type":["Person","Organization"],"@id":"https:\/\/primerborrador.es\/#\/schema\/person\/39b8af43fb1e2774f05a0812a8f21bbc","name":"Santiago P\u00e9rez","image":{"@type":"ImageObject","inLanguage":"es","@id":"https:\/\/primerborrador.es\/wp-content\/uploads\/2021\/02\/cropped-feather1-e1621103417910.png","url":"https:\/\/primerborrador.es\/wp-content\/uploads\/2021\/02\/cropped-feather1-e1621103417910.png","contentUrl":"https:\/\/primerborrador.es\/wp-content\/uploads\/2021\/02\/cropped-feather1-e1621103417910.png","width":256,"height":256,"caption":"Santiago P\u00e9rez"},"logo":{"@id":"https:\/\/primerborrador.es\/wp-content\/uploads\/2021\/02\/cropped-feather1-e1621103417910.png"},"description":"Periodista. Escribo, desde Cadiz, sobre lo que me interesa: arte contempor\u00e1neo, literatura y m\u00fasica. Creo en la libertad de contar. Y tambi\u00e9n en la de elegir lo que quiero y no quiero leer.","sameAs":["https:\/\/primerborrador.es"],"url":"https:\/\/primerborrador.es\/index.php\/author\/santiagomperezm\/"}]}},"_links":{"self":[{"href":"https:\/\/primerborrador.es\/index.php\/wp-json\/wp\/v2\/posts\/5357","targetHints":{"allow":["GET"]}}],"collection":[{"href":"https:\/\/primerborrador.es\/index.php\/wp-json\/wp\/v2\/posts"}],"about":[{"href":"https:\/\/primerborrador.es\/index.php\/wp-json\/wp\/v2\/types\/post"}],"author":[{"embeddable":true,"href":"https:\/\/primerborrador.es\/index.php\/wp-json\/wp\/v2\/users\/1"}],"replies":[{"embeddable":true,"href":"https:\/\/primerborrador.es\/index.php\/wp-json\/wp\/v2\/comments?post=5357"}],"version-history":[{"count":5,"href":"https:\/\/primerborrador.es\/index.php\/wp-json\/wp\/v2\/posts\/5357\/revisions"}],"predecessor-version":[{"id":5372,"href":"https:\/\/primerborrador.es\/index.php\/wp-json\/wp\/v2\/posts\/5357\/revisions\/5372"}],"wp:featuredmedia":[{"embeddable":true,"href":"https:\/\/primerborrador.es\/index.php\/wp-json\/wp\/v2\/media\/5361"}],"wp:attachment":[{"href":"https:\/\/primerborrador.es\/index.php\/wp-json\/wp\/v2\/media?parent=5357"}],"wp:term":[{"taxonomy":"category","embeddable":true,"href":"https:\/\/primerborrador.es\/index.php\/wp-json\/wp\/v2\/categories?post=5357"},{"taxonomy":"post_tag","embeddable":true,"href":"https:\/\/primerborrador.es\/index.php\/wp-json\/wp\/v2\/tags?post=5357"}],"curies":[{"name":"wp","href":"https:\/\/api.w.org\/{rel}","templated":true}]}}