{"id":5353,"date":"2026-09-03T09:56:17","date_gmt":"2026-09-03T07:56:17","guid":{"rendered":"https:\/\/primerborrador.es\/?p=5353"},"modified":"2026-09-03T09:56:19","modified_gmt":"2026-09-03T07:56:19","slug":"el-arte-efimero-de-felix-gonzalez-torres","status":"publish","type":"post","link":"https:\/\/primerborrador.es\/index.php\/2026\/09\/03\/el-arte-efimero-de-felix-gonzalez-torres\/","title":{"rendered":"El arte ef\u00edmero de F\u00e9lix Gonz\u00e1lez-Torres"},"content":{"rendered":"\n<p class=\"wp-block-paragraph\">El Centro de Arte Reina Sof\u00eda de Madrid acoge una exposici\u00f3n dedicada a la obra de Felix Gonzalez-Torres (Gu\u00e1imaro, Cuba, 1957 \u2013 Miami, Estados Unidos, 1996), una de las figuras m\u00e1s influyentes del arte contempor\u00e1neo de las \u00faltimas d\u00e9cadas.<\/p>\n\n\n\n<p class=\"wp-block-paragraph\">Su obra, informa el Museo, est\u00e1 caracterizada por su efimeridad, su naturaleza participativa, su rigor conceptual y sus profundas dimensiones pol\u00edticas y emocionales y contin\u00faa influyendo de manera decisiva en las nuevas generaciones de artistas.<\/p>\n\n\n\n<p class=\"wp-block-paragraph\">La exposici\u00f3n incluye m\u00e1s de cincuenta obras del artista, presentadas en un espacio expositivo adaptado arquitect\u00f3nicamente para la ocasi\u00f3n.<\/p>\n\n\n\n<h3 class=\"wp-block-heading\"><strong>Madrid en la biograf\u00eda de Gonz\u00e1lez-Torres<\/strong><\/h3>\n\n\n\n<p class=\"wp-block-paragraph\">El Museo ha contado para organizarla con pr\u00e9stamos de instituciones como el Museo Solomon R. Guggenheim de Nueva York, el San Francisco Museum of Modern Art o Glenstone de Potomac, Maryland, entre otras, as\u00ed como de colecciones privadas. Asimismo, esta exposici\u00f3n ha sido posible gracias al apoyo de la Fundaci\u00f3n F\u00e9lix Gonz\u00e1lez-Torres.<\/p>\n\n\n\n<p class=\"wp-block-paragraph\">La ciudad de Madrid fue un lugar emocionalmente complejo para Gonzalez-Torres. En 1971, fue enviado a Espa\u00f1a como parte de un programa destinado a trasladar a ni\u00f1os desde Cuba para alejarlos del r\u00e9gimen. Permaneci\u00f3 aqu\u00ed durante un breve periodo antes de trasladarse a Puerto Rico y m\u00e1s tarde a Nueva York, donde pasar\u00eda la mayor parte de su vida adulta.<\/p>\n\n\n\n<p class=\"wp-block-paragraph\">No regres\u00f3 a la ciudad espa\u00f1ola hasta 1991, con motivo de una exposici\u00f3n colectiva. Al recordar ese primer regreso, escribi\u00f3: \u00ab\u2026 Volv\u00ed a Madrid casi veinte a\u00f1os despu\u00e9s \u2014dulce venganza\u2014\u00bb.<\/p>\n\n\n\n<figure class=\"wp-block-embed aligncenter is-type-video is-provider-youtube wp-block-embed-youtube wp-embed-aspect-16-9 wp-has-aspect-ratio\"><div class=\"wp-block-embed__wrapper\">\n<div class=\"nv-iframe-embed\"><iframe loading=\"lazy\" title=\"El arte puede ser un caramelo\" width=\"1200\" height=\"675\" src=\"https:\/\/www.youtube.com\/embed\/2gmZtHDQ5Vk?feature=oembed\" frameborder=\"0\" allow=\"accelerometer; autoplay; clipboard-write; encrypted-media; gyroscope; picture-in-picture; web-share\" referrerpolicy=\"strict-origin-when-cross-origin\" allowfullscreen><\/iframe><\/div>\n<\/div><\/figure>\n\n\n\n<div style=\"height:30px\" aria-hidden=\"true\" class=\"wp-block-spacer\"><\/div>\n\n\n\n<h3 class=\"wp-block-heading\"><strong>Una obra que se mezcla con su p\u00fablico<\/strong><\/h3>\n\n\n\n<p class=\"wp-block-paragraph\">Bajo esta noci\u00f3n de \u00abdulce venganza\u00bb, la exposici\u00f3n propone, en palabras de sus comisarios, <br>Alejandro Cesarco y Nancy Spector, \u00abuna comprensi\u00f3n del poderoso uso de la diferencia, la contradicci\u00f3n y la paradoja a lo largo de los distintos conjuntos de obras que re\u00fane\u00bb.<\/p>\n\n\n\n<p class=\"wp-block-paragraph\">Los trabajos de Felix Gonzalez-Torres operan dentro de un conjunto de principios, instrucciones y posibilidades. Por ejemplo, ciertas obras, compuestas por materiales producidos comercialmente, se fabrican de nuevo para cada presentaci\u00f3n.<\/p>\n\n\n\n<p class=\"wp-block-paragraph\">Por ejemplo sus esculturas hechas de las pilas de papel o montones de caramelos que el p\u00fablico puede tomar y que pueden ser repuestos indefinidamente.<\/p>\n\n\n\n<p class=\"wp-block-paragraph\">Asimismo, los retratos de texto son modificables; la persona o instituci\u00f3n que posee el retrato, as\u00ed como quienes son responsables de exhibirlo, pueden alterar su contenido. De este modo, el artista cuestiona las nociones de autor\u00eda y permanencia, adoptando la flexibilidad y la interpretaci\u00f3n abierta.<\/p>\n\n\n\n<h3 class=\"wp-block-heading\">La indeleble presencia de<strong>l sida<\/strong><\/h3>\n\n\n\n<p class=\"wp-block-paragraph\">La obra de Gonzalez-Torres es inseparable del contexto en el que desarroll\u00f3 su pr\u00e1ctica, marcado por la crisis del sida y las pol\u00edticas conservadoras en Estados Unidos durante las d\u00e9cadas de 1980 y 1990.<\/p>\n\n\n\n<p class=\"wp-block-paragraph\">Como artista queer, desarroll\u00f3 un lenguaje visual deliberadamente inestable y profundamente personal, marcado por la muerte de su pareja a causa del sida en 1991. Consciente de la inminencia de su propia muerte por la misma enfermedad, Gonzalez-Torres anticip\u00f3 el futuro de su obra y dej\u00f3 un legado influyente en el que las formas est\u00e9ticas se convierten en veh\u00edculos de resonancia emocional y urgencia pol\u00edtica.<\/p>\n\n\n\n<p class=\"wp-block-paragraph\">La exposici\u00f3n avanza de una sala a otra con sutiles cambios de tono y tem\u00e1tica, evocando cuestiones presentes en la pr\u00e1ctica de Gonzalez-Torres, como las nociones de exilio y viaje, la epidemia del sida y la homofobia, la autoridad y la historia, la necesidad de justicia social y la esperanza de renovaci\u00f3n.<\/p>\n\n\n\n<p class=\"has-background wp-block-paragraph\" style=\"background:linear-gradient(135deg,rgb(238,238,238) 23%,rgb(169,184,195) 100%)\"><strong>Exposici\u00f3n <em>Dulce venganza<\/em>. F\u00e9lix Gonz\u00e1lez-Torres.<\/strong><br>Museo Nacional Centro de Arte Reina Sof\u00eda. Edificio Sabatini, Planta 1.<br>Ronda de Atocha, s\/n. Madrid.<br>Hasta el 12 de octubre de 2026. <a href=\"https:\/\/www.museoreinasofia.es\/\" target=\"_blank\" rel=\"noreferrer noopener nofollow\">Horarios.<\/a><\/p>\n\n\n\n<p class=\"wp-block-paragraph\">No te pierdas nuestros reportajes y otras sugerencias, suscr\u00edbete a la newsletter quincenal \ud83d\udc47\ud83c\udffb<\/p>\n\n\n\n<div style=\"display: flex; justify-content: center; margin: 20px 0;\">\n  <iframe loading=\"lazy\" src=\"https:\/\/primerborradores.substack.com\/embed\" width=\"480\" height=\"320\" style=\"border: 1px solid #EEE; background: white\" frameborder=\"0\" scrolling=\"no\"><\/iframe><\/iframe>\n<\/div>\n","protected":false},"excerpt":{"rendered":"<p>El Centro de Arte Reina Sof\u00eda de Madrid acoge una exposici\u00f3n dedicada a la obra de Felix Gonzalez-Torres (Gu\u00e1imaro, Cuba, 1957 \u2013 Miami, Estados Unidos, 1996), una de las figuras m\u00e1s influyentes del arte contempor\u00e1neo de las \u00faltimas d\u00e9cadas. Su obra, informa el Museo, est\u00e1 caracterizada por su efimeridad, su naturaleza participativa, su rigor conceptual&hellip;&nbsp;<a href=\"https:\/\/primerborrador.es\/index.php\/2026\/09\/03\/el-arte-efimero-de-felix-gonzalez-torres\/\" rel=\"bookmark\">Leer m\u00e1s &raquo;<span class=\"screen-reader-text\">El arte ef\u00edmero de F\u00e9lix Gonz\u00e1lez-Torres<\/span><\/a><\/p>\n","protected":false},"author":2,"featured_media":0,"comment_status":"open","ping_status":"closed","sticky":false,"template":"","format":"standard","meta":{"neve_meta_sidebar":"","neve_meta_container":"","neve_meta_enable_content_width":"","neve_meta_content_width":0,"neve_meta_title_alignment":"","neve_meta_author_avatar":"","neve_post_elements_order":"","neve_meta_disable_header":"","neve_meta_disable_footer":"","neve_meta_disable_title":"","_ayudawp_aiss_exclude":false,"_ayudawp_aiss_exclude_summary":false,"_ayudawp_aiss_summary":"El Centro de Arte Reina Sof\u00eda de Madrid acoge una exposici\u00f3n dedicada a la obra de Felix Gonzalez-Torres (Gu\u00e1imaro, Cuba, 1957 \u2013 Miami, Estados Unidos, 1996), una de las figuras m\u00e1s influyentes del arte contempor\u00e1neo de las \u00faltimas d\u00e9cadas. La obra de Gonzalez-Torres es inseparable del contexto en el que desarroll\u00f3 su pr\u00e1ctica, marcado por la crisis del sida y las pol\u00edticas conservadoras en Estados Unidos durante las d\u00e9cadas de 1980 y 1990. La exposici\u00f3n avanza de una sala a otra con sutiles cambios de tono y tem\u00e1tica, evocando cuestiones presentes en la pr\u00e1ctica de Gonzalez-Torres, como las nociones de exilio y viaje, la epidemia del sida y la homofobia, la autoridad y la historia, la necesidad de justicia social y la esperanza de renovaci\u00f3n.","_ayudawp_aiss_summary_provider":"extractive","_ayudawp_aiss_summary_hash":"f477ff08695795ac922da1682293603e33ba8b7f","footnotes":""},"categories":[11],"tags":[881,879,880],"class_list":["post-5353","post","type-post","status-publish","format-standard","hentry","category-arte","tag-arte-cuba","tag-dulce-venganza","tag-felix-gonzalez-torres"],"yoast_head":"<!-- This site is optimized with the Yoast SEO plugin v28.4 - https:\/\/yoast.com\/product\/yoast-seo-wordpress\/ -->\n<title>El arte ef\u00edmero de F\u00e9lix Gonz\u00e1lez-Torres - Primer borrador<\/title>\n<meta name=\"description\" content=\"El Centro de Arte Reina Sof\u00eda acoge una exposici\u00f3n de Felix Gonzalez-Torres (Gu\u00e1imaro, Cuba, 1957 \u2013 Miami, Estados Unidos, 1996).\" \/>\n<meta name=\"robots\" content=\"index, follow, max-snippet:-1, max-image-preview:large, max-video-preview:-1\" \/>\n<link rel=\"canonical\" href=\"https:\/\/primerborrador.es\/index.php\/2026\/09\/03\/el-arte-efimero-de-felix-gonzalez-torres\/\" \/>\n<meta property=\"og:locale\" content=\"es_ES\" \/>\n<meta property=\"og:type\" content=\"article\" \/>\n<meta property=\"og:title\" content=\"El arte ef\u00edmero de F\u00e9lix Gonz\u00e1lez-Torres - Primer borrador\" \/>\n<meta property=\"og:description\" content=\"El Centro de Arte Reina Sof\u00eda acoge una exposici\u00f3n de Felix Gonzalez-Torres (Gu\u00e1imaro, Cuba, 1957 \u2013 Miami, Estados Unidos, 1996).\" \/>\n<meta property=\"og:url\" content=\"https:\/\/primerborrador.es\/index.php\/2026\/09\/03\/el-arte-efimero-de-felix-gonzalez-torres\/\" \/>\n<meta property=\"og:site_name\" content=\"Primer borrador\" \/>\n<meta property=\"article:published_time\" content=\"2026-09-03T07:56:17+00:00\" \/>\n<meta property=\"article:modified_time\" content=\"2026-09-03T07:56:19+00:00\" \/>\n<meta property=\"og:image\" content=\"https:\/\/primerborrador.es\/wp-content\/uploads\/2025\/03\/Logo-completo-fondo-blanco.png\" \/>\n\t<meta property=\"og:image:width\" content=\"1200\" \/>\n\t<meta property=\"og:image:height\" content=\"675\" \/>\n\t<meta property=\"og:image:type\" content=\"image\/png\" \/>\n<meta name=\"author\" content=\"Redacci\u00f3n\" \/>\n<script type=\"application\/ld+json\" class=\"yoast-schema-graph\">{\"@context\":\"https:\\\/\\\/schema.org\",\"@graph\":[{\"@type\":\"Article\",\"@id\":\"https:\\\/\\\/primerborrador.es\\\/index.php\\\/2026\\\/09\\\/03\\\/el-arte-efimero-de-felix-gonzalez-torres\\\/#article\",\"isPartOf\":{\"@id\":\"https:\\\/\\\/primerborrador.es\\\/index.php\\\/2026\\\/09\\\/03\\\/el-arte-efimero-de-felix-gonzalez-torres\\\/\"},\"author\":{\"name\":\"Redacci\u00f3n\",\"@id\":\"https:\\\/\\\/primerborrador.es\\\/#\\\/schema\\\/person\\\/0492196f9e50f87ef1f6e3ddcaba881e\"},\"headline\":\"El arte ef\u00edmero de F\u00e9lix Gonz\u00e1lez-Torres\",\"datePublished\":\"2026-09-03T07:56:17+00:00\",\"dateModified\":\"2026-09-03T07:56:19+00:00\",\"mainEntityOfPage\":{\"@id\":\"https:\\\/\\\/primerborrador.es\\\/index.php\\\/2026\\\/09\\\/03\\\/el-arte-efimero-de-felix-gonzalez-torres\\\/\"},\"wordCount\":634,\"commentCount\":0,\"publisher\":{\"@id\":\"https:\\\/\\\/primerborrador.es\\\/#\\\/schema\\\/person\\\/39b8af43fb1e2774f05a0812a8f21bbc\"},\"keywords\":[\"arte-Cuba\",\"dulce-venganza\",\"felix-gonz\u00e1lez-torres\"],\"articleSection\":[\"Arte\"],\"inLanguage\":\"es\",\"potentialAction\":[{\"@type\":\"CommentAction\",\"name\":\"Comment\",\"target\":[\"https:\\\/\\\/primerborrador.es\\\/index.php\\\/2026\\\/09\\\/03\\\/el-arte-efimero-de-felix-gonzalez-torres\\\/#respond\"]}]},{\"@type\":\"WebPage\",\"@id\":\"https:\\\/\\\/primerborrador.es\\\/index.php\\\/2026\\\/09\\\/03\\\/el-arte-efimero-de-felix-gonzalez-torres\\\/\",\"url\":\"https:\\\/\\\/primerborrador.es\\\/index.php\\\/2026\\\/09\\\/03\\\/el-arte-efimero-de-felix-gonzalez-torres\\\/\",\"name\":\"El arte ef\u00edmero de F\u00e9lix Gonz\u00e1lez-Torres - Primer borrador\",\"isPartOf\":{\"@id\":\"https:\\\/\\\/primerborrador.es\\\/#website\"},\"datePublished\":\"2026-09-03T07:56:17+00:00\",\"dateModified\":\"2026-09-03T07:56:19+00:00\",\"description\":\"El Centro de Arte Reina Sof\u00eda acoge una exposici\u00f3n de Felix Gonzalez-Torres (Gu\u00e1imaro, Cuba, 1957 \u2013 Miami, Estados Unidos, 1996).\",\"breadcrumb\":{\"@id\":\"https:\\\/\\\/primerborrador.es\\\/index.php\\\/2026\\\/09\\\/03\\\/el-arte-efimero-de-felix-gonzalez-torres\\\/#breadcrumb\"},\"inLanguage\":\"es\",\"potentialAction\":[{\"@type\":\"ReadAction\",\"target\":[\"https:\\\/\\\/primerborrador.es\\\/index.php\\\/2026\\\/09\\\/03\\\/el-arte-efimero-de-felix-gonzalez-torres\\\/\"]}]},{\"@type\":\"BreadcrumbList\",\"@id\":\"https:\\\/\\\/primerborrador.es\\\/index.php\\\/2026\\\/09\\\/03\\\/el-arte-efimero-de-felix-gonzalez-torres\\\/#breadcrumb\",\"itemListElement\":[{\"@type\":\"ListItem\",\"position\":1,\"name\":\"Home\",\"item\":\"https:\\\/\\\/primerborrador.es\\\/\"},{\"@type\":\"ListItem\",\"position\":2,\"name\":\"El arte ef\u00edmero de F\u00e9lix Gonz\u00e1lez-Torres\"}]},{\"@type\":\"WebSite\",\"@id\":\"https:\\\/\\\/primerborrador.es\\\/#website\",\"url\":\"https:\\\/\\\/primerborrador.es\\\/\",\"name\":\"Primer borrador\",\"description\":\"Revista mensual de arte, literatura y jazz\",\"publisher\":{\"@id\":\"https:\\\/\\\/primerborrador.es\\\/#\\\/schema\\\/person\\\/39b8af43fb1e2774f05a0812a8f21bbc\"},\"potentialAction\":[{\"@type\":\"SearchAction\",\"target\":{\"@type\":\"EntryPoint\",\"urlTemplate\":\"https:\\\/\\\/primerborrador.es\\\/?s={search_term_string}\"},\"query-input\":{\"@type\":\"PropertyValueSpecification\",\"valueRequired\":true,\"valueName\":\"search_term_string\"}}],\"inLanguage\":\"es\"},{\"@type\":[\"Person\",\"Organization\"],\"@id\":\"https:\\\/\\\/primerborrador.es\\\/#\\\/schema\\\/person\\\/39b8af43fb1e2774f05a0812a8f21bbc\",\"name\":\"Santiago P\u00e9rez\",\"image\":{\"@type\":\"ImageObject\",\"inLanguage\":\"es\",\"@id\":\"https:\\\/\\\/primerborrador.es\\\/wp-content\\\/uploads\\\/2021\\\/02\\\/cropped-feather1-e1621103417910.png\",\"url\":\"https:\\\/\\\/primerborrador.es\\\/wp-content\\\/uploads\\\/2021\\\/02\\\/cropped-feather1-e1621103417910.png\",\"contentUrl\":\"https:\\\/\\\/primerborrador.es\\\/wp-content\\\/uploads\\\/2021\\\/02\\\/cropped-feather1-e1621103417910.png\",\"width\":256,\"height\":256,\"caption\":\"Santiago P\u00e9rez\"},\"logo\":{\"@id\":\"https:\\\/\\\/primerborrador.es\\\/wp-content\\\/uploads\\\/2021\\\/02\\\/cropped-feather1-e1621103417910.png\"},\"description\":\"Periodista. Escribo, desde Cadiz, sobre lo que me interesa: arte contempor\u00e1neo, literatura y m\u00fasica. Creo en la libertad de contar. Y tambi\u00e9n en la de elegir lo que quiero y no quiero leer.\",\"sameAs\":[\"https:\\\/\\\/primerborrador.es\"]},{\"@type\":\"Person\",\"@id\":\"https:\\\/\\\/primerborrador.es\\\/#\\\/schema\\\/person\\\/0492196f9e50f87ef1f6e3ddcaba881e\",\"name\":\"Redacci\u00f3n\",\"image\":{\"@type\":\"ImageObject\",\"inLanguage\":\"es\",\"@id\":\"https:\\\/\\\/secure.gravatar.com\\\/avatar\\\/ecfa6921d61c8a99d5adf0e2c01c7d995559046fd5cadd1b489361fcade4d655?s=96&d=mm&r=g\",\"url\":\"https:\\\/\\\/secure.gravatar.com\\\/avatar\\\/ecfa6921d61c8a99d5adf0e2c01c7d995559046fd5cadd1b489361fcade4d655?s=96&d=mm&r=g\",\"contentUrl\":\"https:\\\/\\\/secure.gravatar.com\\\/avatar\\\/ecfa6921d61c8a99d5adf0e2c01c7d995559046fd5cadd1b489361fcade4d655?s=96&d=mm&r=g\",\"caption\":\"Redacci\u00f3n\"},\"url\":\"https:\\\/\\\/primerborrador.es\\\/index.php\\\/author\\\/redaccion\\\/\"}]}<\/script>\n<!-- \/ Yoast SEO plugin. -->","yoast_head_json":{"title":"El arte ef\u00edmero de F\u00e9lix Gonz\u00e1lez-Torres - Primer borrador","description":"El Centro de Arte Reina Sof\u00eda acoge una exposici\u00f3n de Felix Gonzalez-Torres (Gu\u00e1imaro, Cuba, 1957 \u2013 Miami, Estados Unidos, 1996).","robots":{"index":"index","follow":"follow","max-snippet":"max-snippet:-1","max-image-preview":"max-image-preview:large","max-video-preview":"max-video-preview:-1"},"canonical":"https:\/\/primerborrador.es\/index.php\/2026\/09\/03\/el-arte-efimero-de-felix-gonzalez-torres\/","og_locale":"es_ES","og_type":"article","og_title":"El arte ef\u00edmero de F\u00e9lix Gonz\u00e1lez-Torres - Primer borrador","og_description":"El Centro de Arte Reina Sof\u00eda acoge una exposici\u00f3n de Felix Gonzalez-Torres (Gu\u00e1imaro, Cuba, 1957 \u2013 Miami, Estados Unidos, 1996).","og_url":"https:\/\/primerborrador.es\/index.php\/2026\/09\/03\/el-arte-efimero-de-felix-gonzalez-torres\/","og_site_name":"Primer borrador","article_published_time":"2026-09-03T07:56:17+00:00","article_modified_time":"2026-09-03T07:56:19+00:00","og_image":[{"width":1200,"height":675,"url":"https:\/\/primerborrador.es\/wp-content\/uploads\/2025\/03\/Logo-completo-fondo-blanco.png","type":"image\/png"}],"author":"Redacci\u00f3n","schema":{"@context":"https:\/\/schema.org","@graph":[{"@type":"Article","@id":"https:\/\/primerborrador.es\/index.php\/2026\/09\/03\/el-arte-efimero-de-felix-gonzalez-torres\/#article","isPartOf":{"@id":"https:\/\/primerborrador.es\/index.php\/2026\/09\/03\/el-arte-efimero-de-felix-gonzalez-torres\/"},"author":{"name":"Redacci\u00f3n","@id":"https:\/\/primerborrador.es\/#\/schema\/person\/0492196f9e50f87ef1f6e3ddcaba881e"},"headline":"El arte ef\u00edmero de F\u00e9lix Gonz\u00e1lez-Torres","datePublished":"2026-09-03T07:56:17+00:00","dateModified":"2026-09-03T07:56:19+00:00","mainEntityOfPage":{"@id":"https:\/\/primerborrador.es\/index.php\/2026\/09\/03\/el-arte-efimero-de-felix-gonzalez-torres\/"},"wordCount":634,"commentCount":0,"publisher":{"@id":"https:\/\/primerborrador.es\/#\/schema\/person\/39b8af43fb1e2774f05a0812a8f21bbc"},"keywords":["arte-Cuba","dulce-venganza","felix-gonz\u00e1lez-torres"],"articleSection":["Arte"],"inLanguage":"es","potentialAction":[{"@type":"CommentAction","name":"Comment","target":["https:\/\/primerborrador.es\/index.php\/2026\/09\/03\/el-arte-efimero-de-felix-gonzalez-torres\/#respond"]}]},{"@type":"WebPage","@id":"https:\/\/primerborrador.es\/index.php\/2026\/09\/03\/el-arte-efimero-de-felix-gonzalez-torres\/","url":"https:\/\/primerborrador.es\/index.php\/2026\/09\/03\/el-arte-efimero-de-felix-gonzalez-torres\/","name":"El arte ef\u00edmero de F\u00e9lix Gonz\u00e1lez-Torres - Primer borrador","isPartOf":{"@id":"https:\/\/primerborrador.es\/#website"},"datePublished":"2026-09-03T07:56:17+00:00","dateModified":"2026-09-03T07:56:19+00:00","description":"El Centro de Arte Reina Sof\u00eda acoge una exposici\u00f3n de Felix Gonzalez-Torres (Gu\u00e1imaro, Cuba, 1957 \u2013 Miami, Estados Unidos, 1996).","breadcrumb":{"@id":"https:\/\/primerborrador.es\/index.php\/2026\/09\/03\/el-arte-efimero-de-felix-gonzalez-torres\/#breadcrumb"},"inLanguage":"es","potentialAction":[{"@type":"ReadAction","target":["https:\/\/primerborrador.es\/index.php\/2026\/09\/03\/el-arte-efimero-de-felix-gonzalez-torres\/"]}]},{"@type":"BreadcrumbList","@id":"https:\/\/primerborrador.es\/index.php\/2026\/09\/03\/el-arte-efimero-de-felix-gonzalez-torres\/#breadcrumb","itemListElement":[{"@type":"ListItem","position":1,"name":"Home","item":"https:\/\/primerborrador.es\/"},{"@type":"ListItem","position":2,"name":"El arte ef\u00edmero de F\u00e9lix Gonz\u00e1lez-Torres"}]},{"@type":"WebSite","@id":"https:\/\/primerborrador.es\/#website","url":"https:\/\/primerborrador.es\/","name":"Primer borrador","description":"Revista mensual de arte, literatura y jazz","publisher":{"@id":"https:\/\/primerborrador.es\/#\/schema\/person\/39b8af43fb1e2774f05a0812a8f21bbc"},"potentialAction":[{"@type":"SearchAction","target":{"@type":"EntryPoint","urlTemplate":"https:\/\/primerborrador.es\/?s={search_term_string}"},"query-input":{"@type":"PropertyValueSpecification","valueRequired":true,"valueName":"search_term_string"}}],"inLanguage":"es"},{"@type":["Person","Organization"],"@id":"https:\/\/primerborrador.es\/#\/schema\/person\/39b8af43fb1e2774f05a0812a8f21bbc","name":"Santiago P\u00e9rez","image":{"@type":"ImageObject","inLanguage":"es","@id":"https:\/\/primerborrador.es\/wp-content\/uploads\/2021\/02\/cropped-feather1-e1621103417910.png","url":"https:\/\/primerborrador.es\/wp-content\/uploads\/2021\/02\/cropped-feather1-e1621103417910.png","contentUrl":"https:\/\/primerborrador.es\/wp-content\/uploads\/2021\/02\/cropped-feather1-e1621103417910.png","width":256,"height":256,"caption":"Santiago P\u00e9rez"},"logo":{"@id":"https:\/\/primerborrador.es\/wp-content\/uploads\/2021\/02\/cropped-feather1-e1621103417910.png"},"description":"Periodista. Escribo, desde Cadiz, sobre lo que me interesa: arte contempor\u00e1neo, literatura y m\u00fasica. Creo en la libertad de contar. Y tambi\u00e9n en la de elegir lo que quiero y no quiero leer.","sameAs":["https:\/\/primerborrador.es"]},{"@type":"Person","@id":"https:\/\/primerborrador.es\/#\/schema\/person\/0492196f9e50f87ef1f6e3ddcaba881e","name":"Redacci\u00f3n","image":{"@type":"ImageObject","inLanguage":"es","@id":"https:\/\/secure.gravatar.com\/avatar\/ecfa6921d61c8a99d5adf0e2c01c7d995559046fd5cadd1b489361fcade4d655?s=96&d=mm&r=g","url":"https:\/\/secure.gravatar.com\/avatar\/ecfa6921d61c8a99d5adf0e2c01c7d995559046fd5cadd1b489361fcade4d655?s=96&d=mm&r=g","contentUrl":"https:\/\/secure.gravatar.com\/avatar\/ecfa6921d61c8a99d5adf0e2c01c7d995559046fd5cadd1b489361fcade4d655?s=96&d=mm&r=g","caption":"Redacci\u00f3n"},"url":"https:\/\/primerborrador.es\/index.php\/author\/redaccion\/"}]}},"_links":{"self":[{"href":"https:\/\/primerborrador.es\/index.php\/wp-json\/wp\/v2\/posts\/5353","targetHints":{"allow":["GET"]}}],"collection":[{"href":"https:\/\/primerborrador.es\/index.php\/wp-json\/wp\/v2\/posts"}],"about":[{"href":"https:\/\/primerborrador.es\/index.php\/wp-json\/wp\/v2\/types\/post"}],"author":[{"embeddable":true,"href":"https:\/\/primerborrador.es\/index.php\/wp-json\/wp\/v2\/users\/2"}],"replies":[{"embeddable":true,"href":"https:\/\/primerborrador.es\/index.php\/wp-json\/wp\/v2\/comments?post=5353"}],"version-history":[{"count":4,"href":"https:\/\/primerborrador.es\/index.php\/wp-json\/wp\/v2\/posts\/5353\/revisions"}],"predecessor-version":[{"id":5370,"href":"https:\/\/primerborrador.es\/index.php\/wp-json\/wp\/v2\/posts\/5353\/revisions\/5370"}],"wp:attachment":[{"href":"https:\/\/primerborrador.es\/index.php\/wp-json\/wp\/v2\/media?parent=5353"}],"wp:term":[{"taxonomy":"category","embeddable":true,"href":"https:\/\/primerborrador.es\/index.php\/wp-json\/wp\/v2\/categories?post=5353"},{"taxonomy":"post_tag","embeddable":true,"href":"https:\/\/primerborrador.es\/index.php\/wp-json\/wp\/v2\/tags?post=5353"}],"curies":[{"name":"wp","href":"https:\/\/api.w.org\/{rel}","templated":true}]}}