{"id":5315,"date":"2026-09-03T09:52:18","date_gmt":"2026-09-03T07:52:18","guid":{"rendered":"https:\/\/primerborrador.es\/?p=5315"},"modified":"2026-09-03T10:01:11","modified_gmt":"2026-09-03T08:01:11","slug":"el-arte-de-volar-cometas","status":"publish","type":"post","link":"https:\/\/primerborrador.es\/index.php\/2026\/09\/03\/el-arte-de-volar-cometas\/","title":{"rendered":"Tiempo de cometas"},"content":{"rendered":"\n<p class=\"wp-block-paragraph\">El vuelo de una cometa invita a la paz y el ensue\u00f1o. Me gusta verlas puntear el aire, sacudirse en las alturas con su ligereza fr\u00e1gil y ef\u00edmera, o\u00edr como la brisa sacude las copas de los \u00e1rboles o las olas rompen en la orilla como una melod\u00eda de una sola nota.<\/p>\n\n\n\n<p class=\"wp-block-paragraph\">La sencillez de una cometa se remonta a tiempos antiqu\u00edsimos, cuando volar era un deseo inalcanzable, salvo la excepcional ilusi\u00f3n del tacto de un hilo y una mirada al cielo.<\/p>\n\n\n\n<p class=\"wp-block-paragraph\">Al regresar de Oriente de su viaje medieval, Marco Polo titul\u00f3 su cr\u00f3nica <em>El libro de las maravillas. <\/em>Una de las maravillas era esta voladora de asombros.<\/p>\n\n\n\n<h3 class=\"wp-block-heading\"><strong>Hacer del arte un medio de vida<\/strong><\/h3>\n\n\n\n<p class=\"wp-block-paragraph\">Los historiadores afirman que fue China el lugar originario de las cometas. Hoy la ciudad de Weifang alberga el festival dedicado m\u00e1s famoso del mundo, que re\u00fane cada primavera a participantes de m\u00e1s de un centenar de paises.<\/p>\n\n\n\n<p class=\"wp-block-paragraph\">Alrededor de la fabricaci\u00f3n de estos artefactos se ha consolidado en la ciudad (nueve millones y pico de habitantes) una industria extraordinaria en los sectores artesano y art\u00edstico.<\/p>\n\n\n\n<p class=\"wp-block-paragraph\">Todas las actividades culturales que rodean a las cometas a\u00f1aden cada a\u00f1o tres millones y medio de d\u00f3lares al producto interior bruto de la ciudad y emplean a 100.000 personas, el 40 por ciento de ellas mujeres, seg\u00fan <a href=\"https:\/\/www.unesco.org\/en\/creative-cities\/weifang\" target=\"_blank\" rel=\"noreferrer noopener\">datos de la UNESCO<\/a>.<\/p>\n\n\n\n<h3 class=\"wp-block-heading\"><strong>El arte tiene valor y precio<\/strong><\/h3>\n\n\n\n<p class=\"wp-block-paragraph\">Una cometa es un objeto de artesan\u00eda. Puede fabricarse industrialmente, pero carece de todo encanto. Proust no habr\u00eda escrito <em>En busca del tiempo perdido <\/em>mojando en el t\u00e9 una magdalena industrial.<\/p>\n\n\n\n<p class=\"wp-block-paragraph\">Cuando un artista vende su obra de arte est\u00e1 vendiendo algo m\u00e1s que el propio soporte; en \u00e9l est\u00e1 incluido un hilo conductor con la belleza que emociona al comprador, siempre diferente para cada uno, la belleza y el hilo.<\/p>\n\n\n\n<p class=\"wp-block-paragraph\">No importa que sea un libro, una canci\u00f3n, un cuadro o una cometa. Esa capacidad de enlace es su valor. Pagar\u00e1 por ello quien sepa apreciarlo y qui\u00e9n no, pasar\u00e1 de largo. Pero eso no le resta valor a la obra.<\/p>\n\n\n\n<h3 class=\"wp-block-heading\"><strong>Tiempo de cometas<\/strong><\/h3>\n\n\n\n<p class=\"wp-block-paragraph\">Las cometas como met\u00e1foras de paz y ensue\u00f1o, como dec\u00eda, son voladoras que conectan a la perfecci\u00f3n con este tiempo septembrino..<\/p>\n\n\n\n<p class=\"wp-block-paragraph\">Han evolucionado hasta el punto de que ya podemos montar sobre ellas y volar nosotros mismos. Sobre las olas haciendo <em>kite surf<\/em> (cometa surf) o sobre los \u00e1rboles en un ala delta o en un parapente, realizando el sue\u00f1o del pol\u00edmata malague\u00f1o Abb\u00e1s Ibn Firnas, \u00cdcaro andalus\u00ed.<\/p>\n\n\n\n<p class=\"wp-block-paragraph\">El arte, la cultura en general, siempre ser\u00e1 tiempo de cometas. Un hilo para volar. Paguen su precio.<\/p>\n\n\n\n<p class=\"wp-block-paragraph\">Para saber m\u00e1s: <a href=\"https:\/\/publicdomainreview.org\/collection\/art-of-kite-flying\/\" target=\"_blank\" rel=\"noreferrer noopener\">The Art of Kite Flying (1430\u20131929)<\/a><\/p>\n\n\n\n<hr class=\"wp-block-separator has-alpha-channel-opacity\"\/>\n\n\n\n<p class=\"has-small-font-size wp-block-paragraph\">Foto de cabecera: <a href=\"https:\/\/pixabay.com\/users\/jayhawkmommy-2046313\/\" target=\"_blank\" rel=\"noreferrer noopener nofollow\">Denise Geelhart<\/a><\/p>\n\n\n\n<p class=\"wp-block-paragraph\">No te pierdas nuestros reportajes y otras sugerencias, suscr\u00edbete a la newsletter quincenal \ud83d\udc47\ud83c\udffb<\/p>\n\n\n\n<div style=\"display: flex; justify-content: center; margin: 20px 0;\">\n  <iframe loading=\"lazy\" src=\"https:\/\/primerborradores.substack.com\/embed\" width=\"480\" height=\"320\" style=\"border: 1px solid #EEE; background: white\" frameborder=\"0\" scrolling=\"no\"><\/iframe><\/iframe>\n<\/div>\n\n\n\n<p class=\"wp-block-paragraph\"><\/p>\n","protected":false},"excerpt":{"rendered":"<p>El vuelo de una cometa invita a la paz y el ensue\u00f1o. La sencillez de una cometa se remonta a tiempos antiqu\u00edsimos, cuando volar era un deseo inalcanzable, salvo la excepcional ilusi\u00f3n del tacto de un hilo y una mirada al cielo.<br \/>\nAl regresar de Oriente de su viaje medieval, Marco Polo titul\u00f3 su cr\u00f3nica El libro de las maravillas. Una de las maravillas era esta voladora de asombros.<\/p>\n","protected":false},"author":1,"featured_media":5320,"comment_status":"open","ping_status":"closed","sticky":false,"template":"","format":"standard","meta":{"neve_meta_sidebar":"","neve_meta_container":"","neve_meta_enable_content_width":"","neve_meta_content_width":0,"neve_meta_title_alignment":"","neve_meta_author_avatar":"","neve_post_elements_order":"","neve_meta_disable_header":"","neve_meta_disable_footer":"","neve_meta_disable_title":"","_ayudawp_aiss_exclude":false,"_ayudawp_aiss_exclude_summary":true,"_ayudawp_aiss_summary":"","_ayudawp_aiss_summary_provider":"","_ayudawp_aiss_summary_hash":"","footnotes":""},"categories":[11,525],"tags":[21,871,874,873],"class_list":["post-5315","post","type-post","status-publish","format-standard","has-post-thumbnail","hentry","category-arte","category-opinion","tag-arte","tag-cometas","tag-precio","tag-valor"],"yoast_head":"<!-- This site is optimized with the Yoast SEO plugin v28.4 - https:\/\/yoast.com\/product\/yoast-seo-wordpress\/ -->\n<title>Tiempo de cometas - Primer borrador<\/title>\n<meta name=\"description\" content=\"La sencillez de volar una cometa se remonta a tiempos antiqu\u00edsimos, cuando volar era un deseo inalcanzable.\" \/>\n<meta name=\"robots\" content=\"index, follow, max-snippet:-1, max-image-preview:large, max-video-preview:-1\" \/>\n<link rel=\"canonical\" href=\"https:\/\/primerborrador.es\/index.php\/2026\/09\/03\/el-arte-de-volar-cometas\/\" \/>\n<meta property=\"og:locale\" content=\"es_ES\" \/>\n<meta property=\"og:type\" content=\"article\" \/>\n<meta property=\"og:title\" content=\"Tiempo de cometas - Primer borrador\" \/>\n<meta property=\"og:description\" content=\"La sencillez de volar una cometa se remonta a tiempos antiqu\u00edsimos, cuando volar era un deseo inalcanzable.\" \/>\n<meta property=\"og:url\" content=\"https:\/\/primerborrador.es\/index.php\/2026\/09\/03\/el-arte-de-volar-cometas\/\" \/>\n<meta property=\"og:site_name\" content=\"Primer borrador\" \/>\n<meta property=\"article:published_time\" content=\"2026-09-03T07:52:18+00:00\" \/>\n<meta property=\"article:modified_time\" content=\"2026-09-03T08:01:11+00:00\" \/>\n<meta property=\"og:image\" content=\"https:\/\/primerborrador.es\/wp-content\/uploads\/2026\/07\/rec-Foto-Denise-Geelhart.jpg\" \/>\n\t<meta property=\"og:image:width\" content=\"1920\" \/>\n\t<meta property=\"og:image:height\" content=\"1281\" \/>\n\t<meta property=\"og:image:type\" content=\"image\/jpeg\" \/>\n<meta name=\"author\" content=\"Santiago P\u00e9rez\" \/>\n<script type=\"application\/ld+json\" class=\"yoast-schema-graph\">{\"@context\":\"https:\\\/\\\/schema.org\",\"@graph\":[{\"@type\":\"Article\",\"@id\":\"https:\\\/\\\/primerborrador.es\\\/index.php\\\/2026\\\/09\\\/03\\\/el-arte-de-volar-cometas\\\/#article\",\"isPartOf\":{\"@id\":\"https:\\\/\\\/primerborrador.es\\\/index.php\\\/2026\\\/09\\\/03\\\/el-arte-de-volar-cometas\\\/\"},\"author\":{\"name\":\"Santiago P\u00e9rez\",\"@id\":\"https:\\\/\\\/primerborrador.es\\\/#\\\/schema\\\/person\\\/39b8af43fb1e2774f05a0812a8f21bbc\"},\"headline\":\"Tiempo de cometas\",\"datePublished\":\"2026-09-03T07:52:18+00:00\",\"dateModified\":\"2026-09-03T08:01:11+00:00\",\"mainEntityOfPage\":{\"@id\":\"https:\\\/\\\/primerborrador.es\\\/index.php\\\/2026\\\/09\\\/03\\\/el-arte-de-volar-cometas\\\/\"},\"wordCount\":476,\"commentCount\":0,\"publisher\":{\"@id\":\"https:\\\/\\\/primerborrador.es\\\/#\\\/schema\\\/person\\\/39b8af43fb1e2774f05a0812a8f21bbc\"},\"image\":{\"@id\":\"https:\\\/\\\/primerborrador.es\\\/index.php\\\/2026\\\/09\\\/03\\\/el-arte-de-volar-cometas\\\/#primaryimage\"},\"thumbnailUrl\":\"https:\\\/\\\/primerborrador.es\\\/wp-content\\\/uploads\\\/2026\\\/07\\\/rec-Foto-Denise-Geelhart.jpg\",\"keywords\":[\"arte\",\"cometas\",\"precio\",\"valor\"],\"articleSection\":[\"Arte\",\"Opini\u00f3n\"],\"inLanguage\":\"es\",\"potentialAction\":[{\"@type\":\"CommentAction\",\"name\":\"Comment\",\"target\":[\"https:\\\/\\\/primerborrador.es\\\/index.php\\\/2026\\\/09\\\/03\\\/el-arte-de-volar-cometas\\\/#respond\"]}]},{\"@type\":\"WebPage\",\"@id\":\"https:\\\/\\\/primerborrador.es\\\/index.php\\\/2026\\\/09\\\/03\\\/el-arte-de-volar-cometas\\\/\",\"url\":\"https:\\\/\\\/primerborrador.es\\\/index.php\\\/2026\\\/09\\\/03\\\/el-arte-de-volar-cometas\\\/\",\"name\":\"Tiempo de cometas - Primer borrador\",\"isPartOf\":{\"@id\":\"https:\\\/\\\/primerborrador.es\\\/#website\"},\"primaryImageOfPage\":{\"@id\":\"https:\\\/\\\/primerborrador.es\\\/index.php\\\/2026\\\/09\\\/03\\\/el-arte-de-volar-cometas\\\/#primaryimage\"},\"image\":{\"@id\":\"https:\\\/\\\/primerborrador.es\\\/index.php\\\/2026\\\/09\\\/03\\\/el-arte-de-volar-cometas\\\/#primaryimage\"},\"thumbnailUrl\":\"https:\\\/\\\/primerborrador.es\\\/wp-content\\\/uploads\\\/2026\\\/07\\\/rec-Foto-Denise-Geelhart.jpg\",\"datePublished\":\"2026-09-03T07:52:18+00:00\",\"dateModified\":\"2026-09-03T08:01:11+00:00\",\"description\":\"La sencillez de volar una cometa se remonta a tiempos antiqu\u00edsimos, cuando volar era un deseo inalcanzable.\",\"breadcrumb\":{\"@id\":\"https:\\\/\\\/primerborrador.es\\\/index.php\\\/2026\\\/09\\\/03\\\/el-arte-de-volar-cometas\\\/#breadcrumb\"},\"inLanguage\":\"es\",\"potentialAction\":[{\"@type\":\"ReadAction\",\"target\":[\"https:\\\/\\\/primerborrador.es\\\/index.php\\\/2026\\\/09\\\/03\\\/el-arte-de-volar-cometas\\\/\"]}]},{\"@type\":\"ImageObject\",\"inLanguage\":\"es\",\"@id\":\"https:\\\/\\\/primerborrador.es\\\/index.php\\\/2026\\\/09\\\/03\\\/el-arte-de-volar-cometas\\\/#primaryimage\",\"url\":\"https:\\\/\\\/primerborrador.es\\\/wp-content\\\/uploads\\\/2026\\\/07\\\/rec-Foto-Denise-Geelhart.jpg\",\"contentUrl\":\"https:\\\/\\\/primerborrador.es\\\/wp-content\\\/uploads\\\/2026\\\/07\\\/rec-Foto-Denise-Geelhart.jpg\",\"width\":1920,\"height\":1281,\"caption\":\"Foto: Denise Geelhart\"},{\"@type\":\"BreadcrumbList\",\"@id\":\"https:\\\/\\\/primerborrador.es\\\/index.php\\\/2026\\\/09\\\/03\\\/el-arte-de-volar-cometas\\\/#breadcrumb\",\"itemListElement\":[{\"@type\":\"ListItem\",\"position\":1,\"name\":\"Home\",\"item\":\"https:\\\/\\\/primerborrador.es\\\/\"},{\"@type\":\"ListItem\",\"position\":2,\"name\":\"Tiempo de cometas\"}]},{\"@type\":\"WebSite\",\"@id\":\"https:\\\/\\\/primerborrador.es\\\/#website\",\"url\":\"https:\\\/\\\/primerborrador.es\\\/\",\"name\":\"Primer borrador\",\"description\":\"Revista mensual de arte, literatura y jazz\",\"publisher\":{\"@id\":\"https:\\\/\\\/primerborrador.es\\\/#\\\/schema\\\/person\\\/39b8af43fb1e2774f05a0812a8f21bbc\"},\"potentialAction\":[{\"@type\":\"SearchAction\",\"target\":{\"@type\":\"EntryPoint\",\"urlTemplate\":\"https:\\\/\\\/primerborrador.es\\\/?s={search_term_string}\"},\"query-input\":{\"@type\":\"PropertyValueSpecification\",\"valueRequired\":true,\"valueName\":\"search_term_string\"}}],\"inLanguage\":\"es\"},{\"@type\":[\"Person\",\"Organization\"],\"@id\":\"https:\\\/\\\/primerborrador.es\\\/#\\\/schema\\\/person\\\/39b8af43fb1e2774f05a0812a8f21bbc\",\"name\":\"Santiago P\u00e9rez\",\"image\":{\"@type\":\"ImageObject\",\"inLanguage\":\"es\",\"@id\":\"https:\\\/\\\/primerborrador.es\\\/wp-content\\\/uploads\\\/2021\\\/02\\\/cropped-feather1-e1621103417910.png\",\"url\":\"https:\\\/\\\/primerborrador.es\\\/wp-content\\\/uploads\\\/2021\\\/02\\\/cropped-feather1-e1621103417910.png\",\"contentUrl\":\"https:\\\/\\\/primerborrador.es\\\/wp-content\\\/uploads\\\/2021\\\/02\\\/cropped-feather1-e1621103417910.png\",\"width\":256,\"height\":256,\"caption\":\"Santiago P\u00e9rez\"},\"logo\":{\"@id\":\"https:\\\/\\\/primerborrador.es\\\/wp-content\\\/uploads\\\/2021\\\/02\\\/cropped-feather1-e1621103417910.png\"},\"description\":\"Periodista. Escribo, desde Cadiz, sobre lo que me interesa: arte contempor\u00e1neo, literatura y m\u00fasica. Creo en la libertad de contar. Y tambi\u00e9n en la de elegir lo que quiero y no quiero leer.\",\"sameAs\":[\"https:\\\/\\\/primerborrador.es\"],\"url\":\"https:\\\/\\\/primerborrador.es\\\/index.php\\\/author\\\/santiagomperezm\\\/\"}]}<\/script>\n<!-- \/ Yoast SEO plugin. -->","yoast_head_json":{"title":"Tiempo de cometas - Primer borrador","description":"La sencillez de volar una cometa se remonta a tiempos antiqu\u00edsimos, cuando volar era un deseo inalcanzable.","robots":{"index":"index","follow":"follow","max-snippet":"max-snippet:-1","max-image-preview":"max-image-preview:large","max-video-preview":"max-video-preview:-1"},"canonical":"https:\/\/primerborrador.es\/index.php\/2026\/09\/03\/el-arte-de-volar-cometas\/","og_locale":"es_ES","og_type":"article","og_title":"Tiempo de cometas - Primer borrador","og_description":"La sencillez de volar una cometa se remonta a tiempos antiqu\u00edsimos, cuando volar era un deseo inalcanzable.","og_url":"https:\/\/primerborrador.es\/index.php\/2026\/09\/03\/el-arte-de-volar-cometas\/","og_site_name":"Primer borrador","article_published_time":"2026-09-03T07:52:18+00:00","article_modified_time":"2026-09-03T08:01:11+00:00","og_image":[{"width":1920,"height":1281,"url":"https:\/\/primerborrador.es\/wp-content\/uploads\/2026\/07\/rec-Foto-Denise-Geelhart.jpg","type":"image\/jpeg"}],"author":"Santiago P\u00e9rez","schema":{"@context":"https:\/\/schema.org","@graph":[{"@type":"Article","@id":"https:\/\/primerborrador.es\/index.php\/2026\/09\/03\/el-arte-de-volar-cometas\/#article","isPartOf":{"@id":"https:\/\/primerborrador.es\/index.php\/2026\/09\/03\/el-arte-de-volar-cometas\/"},"author":{"name":"Santiago P\u00e9rez","@id":"https:\/\/primerborrador.es\/#\/schema\/person\/39b8af43fb1e2774f05a0812a8f21bbc"},"headline":"Tiempo de cometas","datePublished":"2026-09-03T07:52:18+00:00","dateModified":"2026-09-03T08:01:11+00:00","mainEntityOfPage":{"@id":"https:\/\/primerborrador.es\/index.php\/2026\/09\/03\/el-arte-de-volar-cometas\/"},"wordCount":476,"commentCount":0,"publisher":{"@id":"https:\/\/primerborrador.es\/#\/schema\/person\/39b8af43fb1e2774f05a0812a8f21bbc"},"image":{"@id":"https:\/\/primerborrador.es\/index.php\/2026\/09\/03\/el-arte-de-volar-cometas\/#primaryimage"},"thumbnailUrl":"https:\/\/primerborrador.es\/wp-content\/uploads\/2026\/07\/rec-Foto-Denise-Geelhart.jpg","keywords":["arte","cometas","precio","valor"],"articleSection":["Arte","Opini\u00f3n"],"inLanguage":"es","potentialAction":[{"@type":"CommentAction","name":"Comment","target":["https:\/\/primerborrador.es\/index.php\/2026\/09\/03\/el-arte-de-volar-cometas\/#respond"]}]},{"@type":"WebPage","@id":"https:\/\/primerborrador.es\/index.php\/2026\/09\/03\/el-arte-de-volar-cometas\/","url":"https:\/\/primerborrador.es\/index.php\/2026\/09\/03\/el-arte-de-volar-cometas\/","name":"Tiempo de cometas - Primer borrador","isPartOf":{"@id":"https:\/\/primerborrador.es\/#website"},"primaryImageOfPage":{"@id":"https:\/\/primerborrador.es\/index.php\/2026\/09\/03\/el-arte-de-volar-cometas\/#primaryimage"},"image":{"@id":"https:\/\/primerborrador.es\/index.php\/2026\/09\/03\/el-arte-de-volar-cometas\/#primaryimage"},"thumbnailUrl":"https:\/\/primerborrador.es\/wp-content\/uploads\/2026\/07\/rec-Foto-Denise-Geelhart.jpg","datePublished":"2026-09-03T07:52:18+00:00","dateModified":"2026-09-03T08:01:11+00:00","description":"La sencillez de volar una cometa se remonta a tiempos antiqu\u00edsimos, cuando volar era un deseo inalcanzable.","breadcrumb":{"@id":"https:\/\/primerborrador.es\/index.php\/2026\/09\/03\/el-arte-de-volar-cometas\/#breadcrumb"},"inLanguage":"es","potentialAction":[{"@type":"ReadAction","target":["https:\/\/primerborrador.es\/index.php\/2026\/09\/03\/el-arte-de-volar-cometas\/"]}]},{"@type":"ImageObject","inLanguage":"es","@id":"https:\/\/primerborrador.es\/index.php\/2026\/09\/03\/el-arte-de-volar-cometas\/#primaryimage","url":"https:\/\/primerborrador.es\/wp-content\/uploads\/2026\/07\/rec-Foto-Denise-Geelhart.jpg","contentUrl":"https:\/\/primerborrador.es\/wp-content\/uploads\/2026\/07\/rec-Foto-Denise-Geelhart.jpg","width":1920,"height":1281,"caption":"Foto: Denise Geelhart"},{"@type":"BreadcrumbList","@id":"https:\/\/primerborrador.es\/index.php\/2026\/09\/03\/el-arte-de-volar-cometas\/#breadcrumb","itemListElement":[{"@type":"ListItem","position":1,"name":"Home","item":"https:\/\/primerborrador.es\/"},{"@type":"ListItem","position":2,"name":"Tiempo de cometas"}]},{"@type":"WebSite","@id":"https:\/\/primerborrador.es\/#website","url":"https:\/\/primerborrador.es\/","name":"Primer borrador","description":"Revista mensual de arte, literatura y jazz","publisher":{"@id":"https:\/\/primerborrador.es\/#\/schema\/person\/39b8af43fb1e2774f05a0812a8f21bbc"},"potentialAction":[{"@type":"SearchAction","target":{"@type":"EntryPoint","urlTemplate":"https:\/\/primerborrador.es\/?s={search_term_string}"},"query-input":{"@type":"PropertyValueSpecification","valueRequired":true,"valueName":"search_term_string"}}],"inLanguage":"es"},{"@type":["Person","Organization"],"@id":"https:\/\/primerborrador.es\/#\/schema\/person\/39b8af43fb1e2774f05a0812a8f21bbc","name":"Santiago P\u00e9rez","image":{"@type":"ImageObject","inLanguage":"es","@id":"https:\/\/primerborrador.es\/wp-content\/uploads\/2021\/02\/cropped-feather1-e1621103417910.png","url":"https:\/\/primerborrador.es\/wp-content\/uploads\/2021\/02\/cropped-feather1-e1621103417910.png","contentUrl":"https:\/\/primerborrador.es\/wp-content\/uploads\/2021\/02\/cropped-feather1-e1621103417910.png","width":256,"height":256,"caption":"Santiago P\u00e9rez"},"logo":{"@id":"https:\/\/primerborrador.es\/wp-content\/uploads\/2021\/02\/cropped-feather1-e1621103417910.png"},"description":"Periodista. Escribo, desde Cadiz, sobre lo que me interesa: arte contempor\u00e1neo, literatura y m\u00fasica. Creo en la libertad de contar. Y tambi\u00e9n en la de elegir lo que quiero y no quiero leer.","sameAs":["https:\/\/primerborrador.es"],"url":"https:\/\/primerborrador.es\/index.php\/author\/santiagomperezm\/"}]}},"_links":{"self":[{"href":"https:\/\/primerborrador.es\/index.php\/wp-json\/wp\/v2\/posts\/5315","targetHints":{"allow":["GET"]}}],"collection":[{"href":"https:\/\/primerborrador.es\/index.php\/wp-json\/wp\/v2\/posts"}],"about":[{"href":"https:\/\/primerborrador.es\/index.php\/wp-json\/wp\/v2\/types\/post"}],"author":[{"embeddable":true,"href":"https:\/\/primerborrador.es\/index.php\/wp-json\/wp\/v2\/users\/1"}],"replies":[{"embeddable":true,"href":"https:\/\/primerborrador.es\/index.php\/wp-json\/wp\/v2\/comments?post=5315"}],"version-history":[{"count":8,"href":"https:\/\/primerborrador.es\/index.php\/wp-json\/wp\/v2\/posts\/5315\/revisions"}],"predecessor-version":[{"id":5373,"href":"https:\/\/primerborrador.es\/index.php\/wp-json\/wp\/v2\/posts\/5315\/revisions\/5373"}],"wp:featuredmedia":[{"embeddable":true,"href":"https:\/\/primerborrador.es\/index.php\/wp-json\/wp\/v2\/media\/5320"}],"wp:attachment":[{"href":"https:\/\/primerborrador.es\/index.php\/wp-json\/wp\/v2\/media?parent=5315"}],"wp:term":[{"taxonomy":"category","embeddable":true,"href":"https:\/\/primerborrador.es\/index.php\/wp-json\/wp\/v2\/categories?post=5315"},{"taxonomy":"post_tag","embeddable":true,"href":"https:\/\/primerborrador.es\/index.php\/wp-json\/wp\/v2\/tags?post=5315"}],"curies":[{"name":"wp","href":"https:\/\/api.w.org\/{rel}","templated":true}]}}