{"id":5079,"date":"2026-03-03T07:50:54","date_gmt":"2026-03-03T06:50:54","guid":{"rendered":"https:\/\/primerborrador.es\/?p=5079"},"modified":"2026-05-02T21:37:19","modified_gmt":"2026-05-02T19:37:19","slug":"perez-villalta-chema-cobo-y-costus-en-la-nueva-exposicion-permanente-del-reina-sofia","status":"publish","type":"post","link":"https:\/\/primerborrador.es\/index.php\/2026\/03\/03\/perez-villalta-chema-cobo-y-costus-en-la-nueva-exposicion-permanente-del-reina-sofia\/","title":{"rendered":"P\u00e9rez Villalta, Chema Cobo y Costus en la nueva exposici\u00f3n permanente del Reina Sof\u00eda"},"content":{"rendered":"\n<p class=\"wp-block-paragraph\">La obra de los artistas gaditanos Guillermo P\u00e9rez Villalta, Chema Cobo y los Costus se expone en la nueva organizaci\u00f3n de su colecci\u00f3n permanente que el Museo Nacional Centro de Arte Reina Sof\u00eda que ha comenzado a implantar este a\u00f1o.<\/p>\n\n\n\n<p class=\"wp-block-paragraph\">El MNCARS abri\u00f3 este febrero en la cuarta planta del Edificio Sabatini el espacio expositivo <em>Arte conte<\/em><em>m<\/em><em>por\u00e1neo. 1975-presente, <\/em>primera de las tres que tiene previsto realizar de aqu\u00ed a 2028, las dos siguientes dedicadas al arte de los a\u00f1os 50 y 60 en la tercera planta, y a las vanguardias en la segunda.<\/p>\n\n\n\n<p class=\"wp-block-paragraph\">En la nueva exposici\u00f3n abierta al p\u00fablico se han reunido y reorganizado m\u00e1s de 400 obras de 224 artistas en tres itinerarios y 21 cap\u00edtulos que abarcan los \u00faltimos 50 a\u00f1os de creaci\u00f3n art\u00edstica en Espa\u00f1a. M\u00e1s de la mitad son obras in\u00e9ditas que no hab\u00edan sido expuestas antes.<\/p>\n\n\n\n<h3 class=\"wp-block-heading\"><strong>Artistas en un atrio<\/strong><\/h3>\n\n\n\n<p class=\"wp-block-paragraph\">El MNCARS guarda en sus colecciones obras de los artistas gaditanos citados. Una de las m\u00e1s destacadas, titulada <em>Grupo de personas en un atrio o alegor\u00eda del arte y la vida o del presente y el futuro <\/em>(1975\/1976) de Guillermo P\u00e9rez Villalta, est\u00e1 expuesta en el cap\u00edtulo 21 titulado <em>Una pintura m\u00e1s pintada.<\/em><\/p>\n\n\n\n<p class=\"wp-block-paragraph\">La obra es un gran tr\u00edptico que representa a la generaci\u00f3n de artistas, cr\u00edticos y galeristas asociada a la nueva figuraci\u00f3n madrile\u00f1a que surgi\u00f3 en Madrid durante la d\u00e9cada de 1970. En \u00e9l aparecen retratados veintid\u00f3s personajes, entre ellos el propio autor, Carlos Alcolea, Chema Cobo, Carlos Franco, Luis Gordillo o \u00c1ngel Gonz\u00e1lez, entre otros.<\/p>\n\n\n\n<p class=\"wp-block-paragraph\">Junto al cuadro de GPV se puede ver la obra <em>Silla y m\u00e1quina de escribir (M\u00e1quina sentada en silla)<\/em> (1978-1979) de Manolo Quejido (Sevilla, 1946) y obras de otros artistas de la nueva figuraci\u00f3n madrile\u00f1a y del Grupo Atl\u00e1ntica.<\/p>\n\n\n\n<p class=\"wp-block-paragraph\">El t\u00edtulo del cap\u00edtulo, explica el MNCARS, hace referencia a un escrito del cr\u00edtico Juan Manuel Bonet sobre \u201cuna nueva vanguardia de la pintura espa\u00f1ola de los a\u00f1os 80 que disociaba el arte del discurso social, promulgando una pintura despolitizada en la que el objeto no es m\u00e1s que la pintura misma\u201d.<\/p>\n\n\n<div class=\"wp-block-image\">\n<figure class=\"aligncenter size-full\"><img loading=\"lazy\" decoding=\"async\" width=\"1800\" height=\"1200\" src=\"https:\/\/primerborrador.es\/wp-content\/uploads\/2026\/02\/Foto-sala-17.jpg\" alt=\"Imagen de la sala 17 de la exposici\u00f3n\" class=\"wp-image-5085\" srcset=\"https:\/\/primerborrador.es\/wp-content\/uploads\/2026\/02\/Foto-sala-17.jpg 1800w, https:\/\/primerborrador.es\/wp-content\/uploads\/2026\/02\/Foto-sala-17-768x512.jpg 768w, https:\/\/primerborrador.es\/wp-content\/uploads\/2026\/02\/Foto-sala-17-1536x1024.jpg 1536w, https:\/\/primerborrador.es\/wp-content\/uploads\/2026\/02\/Foto-sala-17-930x620.jpg 930w\" sizes=\"auto, (max-width: 1800px) 100vw, 1800px\" \/><figcaption class=\"wp-element-caption\">Vista de la Sala 17 \u00abUna pintura m\u00e1s pintada\u00bb. Fotograf\u00eda: Roberto Ruiz <\/figcaption><\/figure>\n<\/div>\n\n\n<h3 class=\"wp-block-heading\"><strong>Personajes a la salida de un concierto de rock<\/strong><\/h3>\n\n\n\n<p class=\"wp-block-paragraph\">Otra de las obras de GPV que pueden verse, en este caso en el cap\u00edtulo <em>Contracultura material<\/em>, es <em>Escena: personajes a la salida de un concierto de rock<\/em>, realizada unos a\u00f1os m\u00e1s tarde que la anterior, en 1979, y que, informa el museo, \u201cplasma un instante hist\u00f3rico a la salida de un concierto de Kaka de Luxe y los Zombies en el Ateneo Libertario\u201d.<\/p>\n\n\n\n<p class=\"wp-block-paragraph\">El lienzo retrata a once personajes emblem\u00e1ticos de la llamada <em>Movida <\/em>madrile\u00f1a, entre ellos, Javier Furia y Herminio Molero, de Radio Futura; Alaska, vestida de leopardo; Tesa Arranz, de los Zombies, con un cigarro; P\u00e9rez Villalta contemplando la escena y Carlos Garc\u00eda Berlanga, de Kaka de Luxe.<\/p>\n\n\n\n<p class=\"wp-block-paragraph\">En este espacio se muestran obras hechas durante la Transici\u00f3n, que reflejan \u201cun sistema art\u00edstico todav\u00eda en ciernes, en el que las exposiciones acontec\u00edan m\u00e1s all\u00e1 del marco institucional, en bares, paisajes urbanos del \u00e1mbito privado o entornos donde la desverg\u00fcenza y la juventud pod\u00edan aflorar como una nueva est\u00e9tica compartida\u201d, afirma el museo.<\/p>\n\n\n\n<h3 class=\"wp-block-heading\"><strong>Artistas consagrados y comprometidos<\/strong><\/h3>\n\n\n\n<p class=\"wp-block-paragraph\">Las colecciones del MNCARS guardan en propiedad o en dep\u00f3sito obras de artistas consagrados como Picasso, Mir\u00f3, Dal\u00ed, Juan Genov\u00e9s, Juan Mu\u00f1oz, Cristina Iglesias, Susana Solano, Juan Navarro Baldeweg, Esther Ferrer, Cristina Garc\u00eda Rodero, Richard Serra o Andy Warhol.<\/p>\n\n\n\n<p class=\"wp-block-paragraph\">Tambi\u00e9n nombres que como GPV, est\u00e1n inevitablemente unidos a la Transici\u00f3n y la Movida como Oca\u00f1a, Ouka Lele, Ceesepe, Nazario, Iv\u00e1n Zulueta o Alberto Garc\u00eda-Alix; artistas comprometidos con las sensibilidades de g\u00e9nero como Judy Chicago, Barbara Hammer, Eul\u00e0lia Grau, David Wojnarowicz, Pilar Albarrac\u00edn o Cabello\/Carceller.<\/p>\n\n\n\n<p class=\"wp-block-paragraph\">Y figuras clave en la representaci\u00f3n cultural, pol\u00edtica y social del sida como Pepe Espali\u00fa y Pepe Miralles. Otros que abordan sus propuestas desde posiciones pol\u00edticas y te\u00f3ricas en el marco de la cr\u00edtica de la representaci\u00f3n, como Joan Fontcuberta o Dora Garc\u00eda; o aquellos que han desarrollado diferentes aproximaciones a la identidad afro como Pocho Guimaraes, Agnes Essonti o Rub\u00e9n H. Berm\u00fadez.<\/p>\n\n\n\n<p class=\"wp-block-paragraph\">Pueden encontrar m\u00e1s informaci\u00f3n sobre la nueva organizaci\u00f3n de sus colecciones <a href=\"https:\/\/www.museoreinasofia.es\/colecciones\/coleccion-arte-contemporaneo-1975-presente\">en el sitio web del museo.<\/a><\/p>\n\n\n\n<hr class=\"wp-block-separator has-alpha-channel-opacity\"\/>\n\n\n\n<p class=\"has-small-font-size wp-block-paragraph\">Foto de cabecera: Vista de la Sala 17 \u00abUna pintura m\u00e1s pintada\u00bb. Guillermo P\u00e9rez Villalta, Grupo de personas en un atrio o alegor\u00eda del arte y la vida o del presente y el futuro, 1975-1976. Museo Reina Sof\u00eda. \u00a9 Guillermo P\u00e9rez Villalta, VEGAP, Madrid, 2026 \/ Manolo Quejido, Silla y m\u00e1quina de escribir (M\u00e1quina sentada en silla), 1978-1979. Museo Reina Sof\u00eda. \u00a9 Manolo Quejido, VEGAP, Madrid, 2026. Fotograf\u00eda: Roberto Ruiz<\/p>\n\n\n\n<hr class=\"wp-block-separator has-alpha-channel-opacity\"\/>\n\n\n\n<p class=\"wp-block-paragraph\">Para recibir nuestros reportajes y otras sugerencias, suscr\u00edbete a la newsletter quincenal \ud83d\udc47\ud83c\udffb<\/p>\n\n\n\n<div style=\"display: flex; justify-content: center; margin: 20px 0;\">\n  <iframe loading=\"lazy\" src=\"https:\/\/primerborradores.substack.com\/embed\" width=\"480\" height=\"320\" style=\"border: 1px solid #EEE; background: white\" frameborder=\"0\" scrolling=\"no\"><\/iframe><\/iframe>\n<\/div>\n","protected":false},"excerpt":{"rendered":"<p>La obra de los artistas gaditanos Guillermo P\u00e9rez Villalta, Chema Cobo y los Costus se expone en la nueva organizaci\u00f3n de su colecci\u00f3n permanente que el Museo Nacional Centro de Arte Reina Sof\u00eda que ha comenzado a implantar este a\u00f1o.<\/p>\n","protected":false},"author":2,"featured_media":5080,"comment_status":"open","ping_status":"closed","sticky":false,"template":"","format":"standard","meta":{"neve_meta_sidebar":"","neve_meta_container":"","neve_meta_enable_content_width":"","neve_meta_content_width":0,"neve_meta_title_alignment":"","neve_meta_author_avatar":"","neve_post_elements_order":"","neve_meta_disable_header":"","neve_meta_disable_footer":"","neve_meta_disable_title":"","_ayudawp_aiss_exclude":false,"_ayudawp_aiss_exclude_summary":false,"_ayudawp_aiss_summary":"","_ayudawp_aiss_summary_provider":"","_ayudawp_aiss_summary_hash":"","footnotes":""},"categories":[11],"tags":[821,820,383,187,642],"class_list":["post-5079","post","type-post","status-publish","format-standard","has-post-thumbnail","hentry","category-arte","tag-arte-espanol-contemporaneo","tag-chema-cobo","tag-costus","tag-guillermo-perez-villalta","tag-museo-reina-sofia"],"yoast_head":"<!-- This site is optimized with the Yoast SEO plugin v28.3 - https:\/\/yoast.com\/product\/yoast-seo-wordpress\/ -->\n<title>P\u00e9rez Villalta, Chema Cobo y Costus en la nueva exposici\u00f3n permanente del Reina Sof\u00eda - Primer borrador<\/title>\n<meta name=\"robots\" content=\"index, follow, max-snippet:-1, max-image-preview:large, max-video-preview:-1\" \/>\n<link rel=\"canonical\" href=\"https:\/\/primerborrador.es\/index.php\/2026\/03\/03\/perez-villalta-chema-cobo-y-costus-en-la-nueva-exposicion-permanente-del-reina-sofia\/\" \/>\n<meta property=\"og:locale\" content=\"es_ES\" \/>\n<meta property=\"og:type\" content=\"article\" \/>\n<meta property=\"og:title\" content=\"P\u00e9rez Villalta, Chema Cobo y Costus en la nueva exposici\u00f3n permanente del Reina Sof\u00eda - Primer borrador\" \/>\n<meta property=\"og:description\" content=\"La obra de los artistas gaditanos Guillermo P\u00e9rez Villalta, Chema Cobo y los Costus se expone en la nueva organizaci\u00f3n de su colecci\u00f3n permanente que el Museo Nacional Centro de Arte Reina Sof\u00eda que ha comenzado a implantar este a\u00f1o.\" \/>\n<meta property=\"og:url\" content=\"https:\/\/primerborrador.es\/index.php\/2026\/03\/03\/perez-villalta-chema-cobo-y-costus-en-la-nueva-exposicion-permanente-del-reina-sofia\/\" \/>\n<meta property=\"og:site_name\" content=\"Primer borrador\" \/>\n<meta property=\"article:published_time\" content=\"2026-03-03T06:50:54+00:00\" \/>\n<meta property=\"article:modified_time\" content=\"2026-05-02T19:37:19+00:00\" \/>\n<meta property=\"og:image\" content=\"https:\/\/primerborrador.es\/wp-content\/uploads\/2026\/02\/Foto-GPV.jpg\" \/>\n\t<meta property=\"og:image:width\" content=\"1800\" \/>\n\t<meta property=\"og:image:height\" content=\"1200\" \/>\n\t<meta property=\"og:image:type\" content=\"image\/jpeg\" \/>\n<meta name=\"author\" content=\"Redacci\u00f3n\" \/>\n<script type=\"application\/ld+json\" class=\"yoast-schema-graph\">{\"@context\":\"https:\\\/\\\/schema.org\",\"@graph\":[{\"@type\":\"Article\",\"@id\":\"https:\\\/\\\/primerborrador.es\\\/index.php\\\/2026\\\/03\\\/03\\\/perez-villalta-chema-cobo-y-costus-en-la-nueva-exposicion-permanente-del-reina-sofia\\\/#article\",\"isPartOf\":{\"@id\":\"https:\\\/\\\/primerborrador.es\\\/index.php\\\/2026\\\/03\\\/03\\\/perez-villalta-chema-cobo-y-costus-en-la-nueva-exposicion-permanente-del-reina-sofia\\\/\"},\"author\":{\"name\":\"Redacci\u00f3n\",\"@id\":\"https:\\\/\\\/primerborrador.es\\\/#\\\/schema\\\/person\\\/0492196f9e50f87ef1f6e3ddcaba881e\"},\"headline\":\"P\u00e9rez Villalta, Chema Cobo y Costus en la nueva exposici\u00f3n permanente del Reina Sof\u00eda\",\"datePublished\":\"2026-03-03T06:50:54+00:00\",\"dateModified\":\"2026-05-02T19:37:19+00:00\",\"mainEntityOfPage\":{\"@id\":\"https:\\\/\\\/primerborrador.es\\\/index.php\\\/2026\\\/03\\\/03\\\/perez-villalta-chema-cobo-y-costus-en-la-nueva-exposicion-permanente-del-reina-sofia\\\/\"},\"wordCount\":876,\"commentCount\":0,\"publisher\":{\"@id\":\"https:\\\/\\\/primerborrador.es\\\/#\\\/schema\\\/person\\\/39b8af43fb1e2774f05a0812a8f21bbc\"},\"image\":{\"@id\":\"https:\\\/\\\/primerborrador.es\\\/index.php\\\/2026\\\/03\\\/03\\\/perez-villalta-chema-cobo-y-costus-en-la-nueva-exposicion-permanente-del-reina-sofia\\\/#primaryimage\"},\"thumbnailUrl\":\"https:\\\/\\\/primerborrador.es\\\/wp-content\\\/uploads\\\/2026\\\/02\\\/Foto-GPV.jpg\",\"keywords\":[\"arte-espa\u00f1ol-contempor\u00e1neo\",\"Chema-Cobo\",\"costus\",\"guillermo-perez-villalta\",\"museo-reina-sofia\"],\"articleSection\":[\"Arte\"],\"inLanguage\":\"es\",\"potentialAction\":[{\"@type\":\"CommentAction\",\"name\":\"Comment\",\"target\":[\"https:\\\/\\\/primerborrador.es\\\/index.php\\\/2026\\\/03\\\/03\\\/perez-villalta-chema-cobo-y-costus-en-la-nueva-exposicion-permanente-del-reina-sofia\\\/#respond\"]}]},{\"@type\":\"WebPage\",\"@id\":\"https:\\\/\\\/primerborrador.es\\\/index.php\\\/2026\\\/03\\\/03\\\/perez-villalta-chema-cobo-y-costus-en-la-nueva-exposicion-permanente-del-reina-sofia\\\/\",\"url\":\"https:\\\/\\\/primerborrador.es\\\/index.php\\\/2026\\\/03\\\/03\\\/perez-villalta-chema-cobo-y-costus-en-la-nueva-exposicion-permanente-del-reina-sofia\\\/\",\"name\":\"P\u00e9rez Villalta, Chema Cobo y Costus en la nueva exposici\u00f3n permanente del Reina Sof\u00eda - Primer borrador\",\"isPartOf\":{\"@id\":\"https:\\\/\\\/primerborrador.es\\\/#website\"},\"primaryImageOfPage\":{\"@id\":\"https:\\\/\\\/primerborrador.es\\\/index.php\\\/2026\\\/03\\\/03\\\/perez-villalta-chema-cobo-y-costus-en-la-nueva-exposicion-permanente-del-reina-sofia\\\/#primaryimage\"},\"image\":{\"@id\":\"https:\\\/\\\/primerborrador.es\\\/index.php\\\/2026\\\/03\\\/03\\\/perez-villalta-chema-cobo-y-costus-en-la-nueva-exposicion-permanente-del-reina-sofia\\\/#primaryimage\"},\"thumbnailUrl\":\"https:\\\/\\\/primerborrador.es\\\/wp-content\\\/uploads\\\/2026\\\/02\\\/Foto-GPV.jpg\",\"datePublished\":\"2026-03-03T06:50:54+00:00\",\"dateModified\":\"2026-05-02T19:37:19+00:00\",\"breadcrumb\":{\"@id\":\"https:\\\/\\\/primerborrador.es\\\/index.php\\\/2026\\\/03\\\/03\\\/perez-villalta-chema-cobo-y-costus-en-la-nueva-exposicion-permanente-del-reina-sofia\\\/#breadcrumb\"},\"inLanguage\":\"es\",\"potentialAction\":[{\"@type\":\"ReadAction\",\"target\":[\"https:\\\/\\\/primerborrador.es\\\/index.php\\\/2026\\\/03\\\/03\\\/perez-villalta-chema-cobo-y-costus-en-la-nueva-exposicion-permanente-del-reina-sofia\\\/\"]}]},{\"@type\":\"ImageObject\",\"inLanguage\":\"es\",\"@id\":\"https:\\\/\\\/primerborrador.es\\\/index.php\\\/2026\\\/03\\\/03\\\/perez-villalta-chema-cobo-y-costus-en-la-nueva-exposicion-permanente-del-reina-sofia\\\/#primaryimage\",\"url\":\"https:\\\/\\\/primerborrador.es\\\/wp-content\\\/uploads\\\/2026\\\/02\\\/Foto-GPV.jpg\",\"contentUrl\":\"https:\\\/\\\/primerborrador.es\\\/wp-content\\\/uploads\\\/2026\\\/02\\\/Foto-GPV.jpg\",\"width\":1800,\"height\":1200,\"caption\":\"Grupo de personas en un atrio o alegor\u00eda del arte y la vida o del presente y el futuro, obra \u00a9 de Guillermo P\u00e9rez Villalta\"},{\"@type\":\"BreadcrumbList\",\"@id\":\"https:\\\/\\\/primerborrador.es\\\/index.php\\\/2026\\\/03\\\/03\\\/perez-villalta-chema-cobo-y-costus-en-la-nueva-exposicion-permanente-del-reina-sofia\\\/#breadcrumb\",\"itemListElement\":[{\"@type\":\"ListItem\",\"position\":1,\"name\":\"Home\",\"item\":\"https:\\\/\\\/primerborrador.es\\\/\"},{\"@type\":\"ListItem\",\"position\":2,\"name\":\"P\u00e9rez Villalta, Chema Cobo y Costus en la nueva exposici\u00f3n permanente del Reina Sof\u00eda\"}]},{\"@type\":\"WebSite\",\"@id\":\"https:\\\/\\\/primerborrador.es\\\/#website\",\"url\":\"https:\\\/\\\/primerborrador.es\\\/\",\"name\":\"Primer borrador\",\"description\":\"Revista mensual de arte, literatura y jazz\",\"publisher\":{\"@id\":\"https:\\\/\\\/primerborrador.es\\\/#\\\/schema\\\/person\\\/39b8af43fb1e2774f05a0812a8f21bbc\"},\"potentialAction\":[{\"@type\":\"SearchAction\",\"target\":{\"@type\":\"EntryPoint\",\"urlTemplate\":\"https:\\\/\\\/primerborrador.es\\\/?s={search_term_string}\"},\"query-input\":{\"@type\":\"PropertyValueSpecification\",\"valueRequired\":true,\"valueName\":\"search_term_string\"}}],\"inLanguage\":\"es\"},{\"@type\":[\"Person\",\"Organization\"],\"@id\":\"https:\\\/\\\/primerborrador.es\\\/#\\\/schema\\\/person\\\/39b8af43fb1e2774f05a0812a8f21bbc\",\"name\":\"Santiago P\u00e9rez\",\"image\":{\"@type\":\"ImageObject\",\"inLanguage\":\"es\",\"@id\":\"https:\\\/\\\/primerborrador.es\\\/wp-content\\\/uploads\\\/2021\\\/02\\\/cropped-feather1-e1621103417910.png\",\"url\":\"https:\\\/\\\/primerborrador.es\\\/wp-content\\\/uploads\\\/2021\\\/02\\\/cropped-feather1-e1621103417910.png\",\"contentUrl\":\"https:\\\/\\\/primerborrador.es\\\/wp-content\\\/uploads\\\/2021\\\/02\\\/cropped-feather1-e1621103417910.png\",\"width\":256,\"height\":256,\"caption\":\"Santiago P\u00e9rez\"},\"logo\":{\"@id\":\"https:\\\/\\\/primerborrador.es\\\/wp-content\\\/uploads\\\/2021\\\/02\\\/cropped-feather1-e1621103417910.png\"},\"description\":\"Periodista. Escribo, desde Cadiz, sobre lo que me interesa: arte contempor\u00e1neo, literatura y m\u00fasica. Creo en la libertad de contar. Y tambi\u00e9n en la de elegir lo que quiero y no quiero leer.\",\"sameAs\":[\"https:\\\/\\\/primerborrador.es\"]},{\"@type\":\"Person\",\"@id\":\"https:\\\/\\\/primerborrador.es\\\/#\\\/schema\\\/person\\\/0492196f9e50f87ef1f6e3ddcaba881e\",\"name\":\"Redacci\u00f3n\",\"image\":{\"@type\":\"ImageObject\",\"inLanguage\":\"es\",\"@id\":\"https:\\\/\\\/secure.gravatar.com\\\/avatar\\\/ecfa6921d61c8a99d5adf0e2c01c7d995559046fd5cadd1b489361fcade4d655?s=96&d=mm&r=g\",\"url\":\"https:\\\/\\\/secure.gravatar.com\\\/avatar\\\/ecfa6921d61c8a99d5adf0e2c01c7d995559046fd5cadd1b489361fcade4d655?s=96&d=mm&r=g\",\"contentUrl\":\"https:\\\/\\\/secure.gravatar.com\\\/avatar\\\/ecfa6921d61c8a99d5adf0e2c01c7d995559046fd5cadd1b489361fcade4d655?s=96&d=mm&r=g\",\"caption\":\"Redacci\u00f3n\"},\"url\":\"https:\\\/\\\/primerborrador.es\\\/index.php\\\/author\\\/redaccion\\\/\"}]}<\/script>\n<!-- \/ Yoast SEO plugin. -->","yoast_head_json":{"title":"P\u00e9rez Villalta, Chema Cobo y Costus en la nueva exposici\u00f3n permanente del Reina Sof\u00eda - Primer borrador","robots":{"index":"index","follow":"follow","max-snippet":"max-snippet:-1","max-image-preview":"max-image-preview:large","max-video-preview":"max-video-preview:-1"},"canonical":"https:\/\/primerborrador.es\/index.php\/2026\/03\/03\/perez-villalta-chema-cobo-y-costus-en-la-nueva-exposicion-permanente-del-reina-sofia\/","og_locale":"es_ES","og_type":"article","og_title":"P\u00e9rez Villalta, Chema Cobo y Costus en la nueva exposici\u00f3n permanente del Reina Sof\u00eda - Primer borrador","og_description":"La obra de los artistas gaditanos Guillermo P\u00e9rez Villalta, Chema Cobo y los Costus se expone en la nueva organizaci\u00f3n de su colecci\u00f3n permanente que el Museo Nacional Centro de Arte Reina Sof\u00eda que ha comenzado a implantar este a\u00f1o.","og_url":"https:\/\/primerborrador.es\/index.php\/2026\/03\/03\/perez-villalta-chema-cobo-y-costus-en-la-nueva-exposicion-permanente-del-reina-sofia\/","og_site_name":"Primer borrador","article_published_time":"2026-03-03T06:50:54+00:00","article_modified_time":"2026-05-02T19:37:19+00:00","og_image":[{"width":1800,"height":1200,"url":"https:\/\/primerborrador.es\/wp-content\/uploads\/2026\/02\/Foto-GPV.jpg","type":"image\/jpeg"}],"author":"Redacci\u00f3n","schema":{"@context":"https:\/\/schema.org","@graph":[{"@type":"Article","@id":"https:\/\/primerborrador.es\/index.php\/2026\/03\/03\/perez-villalta-chema-cobo-y-costus-en-la-nueva-exposicion-permanente-del-reina-sofia\/#article","isPartOf":{"@id":"https:\/\/primerborrador.es\/index.php\/2026\/03\/03\/perez-villalta-chema-cobo-y-costus-en-la-nueva-exposicion-permanente-del-reina-sofia\/"},"author":{"name":"Redacci\u00f3n","@id":"https:\/\/primerborrador.es\/#\/schema\/person\/0492196f9e50f87ef1f6e3ddcaba881e"},"headline":"P\u00e9rez Villalta, Chema Cobo y Costus en la nueva exposici\u00f3n permanente del Reina Sof\u00eda","datePublished":"2026-03-03T06:50:54+00:00","dateModified":"2026-05-02T19:37:19+00:00","mainEntityOfPage":{"@id":"https:\/\/primerborrador.es\/index.php\/2026\/03\/03\/perez-villalta-chema-cobo-y-costus-en-la-nueva-exposicion-permanente-del-reina-sofia\/"},"wordCount":876,"commentCount":0,"publisher":{"@id":"https:\/\/primerborrador.es\/#\/schema\/person\/39b8af43fb1e2774f05a0812a8f21bbc"},"image":{"@id":"https:\/\/primerborrador.es\/index.php\/2026\/03\/03\/perez-villalta-chema-cobo-y-costus-en-la-nueva-exposicion-permanente-del-reina-sofia\/#primaryimage"},"thumbnailUrl":"https:\/\/primerborrador.es\/wp-content\/uploads\/2026\/02\/Foto-GPV.jpg","keywords":["arte-espa\u00f1ol-contempor\u00e1neo","Chema-Cobo","costus","guillermo-perez-villalta","museo-reina-sofia"],"articleSection":["Arte"],"inLanguage":"es","potentialAction":[{"@type":"CommentAction","name":"Comment","target":["https:\/\/primerborrador.es\/index.php\/2026\/03\/03\/perez-villalta-chema-cobo-y-costus-en-la-nueva-exposicion-permanente-del-reina-sofia\/#respond"]}]},{"@type":"WebPage","@id":"https:\/\/primerborrador.es\/index.php\/2026\/03\/03\/perez-villalta-chema-cobo-y-costus-en-la-nueva-exposicion-permanente-del-reina-sofia\/","url":"https:\/\/primerborrador.es\/index.php\/2026\/03\/03\/perez-villalta-chema-cobo-y-costus-en-la-nueva-exposicion-permanente-del-reina-sofia\/","name":"P\u00e9rez Villalta, Chema Cobo y Costus en la nueva exposici\u00f3n permanente del Reina Sof\u00eda - Primer borrador","isPartOf":{"@id":"https:\/\/primerborrador.es\/#website"},"primaryImageOfPage":{"@id":"https:\/\/primerborrador.es\/index.php\/2026\/03\/03\/perez-villalta-chema-cobo-y-costus-en-la-nueva-exposicion-permanente-del-reina-sofia\/#primaryimage"},"image":{"@id":"https:\/\/primerborrador.es\/index.php\/2026\/03\/03\/perez-villalta-chema-cobo-y-costus-en-la-nueva-exposicion-permanente-del-reina-sofia\/#primaryimage"},"thumbnailUrl":"https:\/\/primerborrador.es\/wp-content\/uploads\/2026\/02\/Foto-GPV.jpg","datePublished":"2026-03-03T06:50:54+00:00","dateModified":"2026-05-02T19:37:19+00:00","breadcrumb":{"@id":"https:\/\/primerborrador.es\/index.php\/2026\/03\/03\/perez-villalta-chema-cobo-y-costus-en-la-nueva-exposicion-permanente-del-reina-sofia\/#breadcrumb"},"inLanguage":"es","potentialAction":[{"@type":"ReadAction","target":["https:\/\/primerborrador.es\/index.php\/2026\/03\/03\/perez-villalta-chema-cobo-y-costus-en-la-nueva-exposicion-permanente-del-reina-sofia\/"]}]},{"@type":"ImageObject","inLanguage":"es","@id":"https:\/\/primerborrador.es\/index.php\/2026\/03\/03\/perez-villalta-chema-cobo-y-costus-en-la-nueva-exposicion-permanente-del-reina-sofia\/#primaryimage","url":"https:\/\/primerborrador.es\/wp-content\/uploads\/2026\/02\/Foto-GPV.jpg","contentUrl":"https:\/\/primerborrador.es\/wp-content\/uploads\/2026\/02\/Foto-GPV.jpg","width":1800,"height":1200,"caption":"Grupo de personas en un atrio o alegor\u00eda del arte y la vida o del presente y el futuro, obra \u00a9 de Guillermo P\u00e9rez Villalta"},{"@type":"BreadcrumbList","@id":"https:\/\/primerborrador.es\/index.php\/2026\/03\/03\/perez-villalta-chema-cobo-y-costus-en-la-nueva-exposicion-permanente-del-reina-sofia\/#breadcrumb","itemListElement":[{"@type":"ListItem","position":1,"name":"Home","item":"https:\/\/primerborrador.es\/"},{"@type":"ListItem","position":2,"name":"P\u00e9rez Villalta, Chema Cobo y Costus en la nueva exposici\u00f3n permanente del Reina Sof\u00eda"}]},{"@type":"WebSite","@id":"https:\/\/primerborrador.es\/#website","url":"https:\/\/primerborrador.es\/","name":"Primer borrador","description":"Revista mensual de arte, literatura y jazz","publisher":{"@id":"https:\/\/primerborrador.es\/#\/schema\/person\/39b8af43fb1e2774f05a0812a8f21bbc"},"potentialAction":[{"@type":"SearchAction","target":{"@type":"EntryPoint","urlTemplate":"https:\/\/primerborrador.es\/?s={search_term_string}"},"query-input":{"@type":"PropertyValueSpecification","valueRequired":true,"valueName":"search_term_string"}}],"inLanguage":"es"},{"@type":["Person","Organization"],"@id":"https:\/\/primerborrador.es\/#\/schema\/person\/39b8af43fb1e2774f05a0812a8f21bbc","name":"Santiago P\u00e9rez","image":{"@type":"ImageObject","inLanguage":"es","@id":"https:\/\/primerborrador.es\/wp-content\/uploads\/2021\/02\/cropped-feather1-e1621103417910.png","url":"https:\/\/primerborrador.es\/wp-content\/uploads\/2021\/02\/cropped-feather1-e1621103417910.png","contentUrl":"https:\/\/primerborrador.es\/wp-content\/uploads\/2021\/02\/cropped-feather1-e1621103417910.png","width":256,"height":256,"caption":"Santiago P\u00e9rez"},"logo":{"@id":"https:\/\/primerborrador.es\/wp-content\/uploads\/2021\/02\/cropped-feather1-e1621103417910.png"},"description":"Periodista. Escribo, desde Cadiz, sobre lo que me interesa: arte contempor\u00e1neo, literatura y m\u00fasica. Creo en la libertad de contar. Y tambi\u00e9n en la de elegir lo que quiero y no quiero leer.","sameAs":["https:\/\/primerborrador.es"]},{"@type":"Person","@id":"https:\/\/primerborrador.es\/#\/schema\/person\/0492196f9e50f87ef1f6e3ddcaba881e","name":"Redacci\u00f3n","image":{"@type":"ImageObject","inLanguage":"es","@id":"https:\/\/secure.gravatar.com\/avatar\/ecfa6921d61c8a99d5adf0e2c01c7d995559046fd5cadd1b489361fcade4d655?s=96&d=mm&r=g","url":"https:\/\/secure.gravatar.com\/avatar\/ecfa6921d61c8a99d5adf0e2c01c7d995559046fd5cadd1b489361fcade4d655?s=96&d=mm&r=g","contentUrl":"https:\/\/secure.gravatar.com\/avatar\/ecfa6921d61c8a99d5adf0e2c01c7d995559046fd5cadd1b489361fcade4d655?s=96&d=mm&r=g","caption":"Redacci\u00f3n"},"url":"https:\/\/primerborrador.es\/index.php\/author\/redaccion\/"}]}},"_links":{"self":[{"href":"https:\/\/primerborrador.es\/index.php\/wp-json\/wp\/v2\/posts\/5079","targetHints":{"allow":["GET"]}}],"collection":[{"href":"https:\/\/primerborrador.es\/index.php\/wp-json\/wp\/v2\/posts"}],"about":[{"href":"https:\/\/primerborrador.es\/index.php\/wp-json\/wp\/v2\/types\/post"}],"author":[{"embeddable":true,"href":"https:\/\/primerborrador.es\/index.php\/wp-json\/wp\/v2\/users\/2"}],"replies":[{"embeddable":true,"href":"https:\/\/primerborrador.es\/index.php\/wp-json\/wp\/v2\/comments?post=5079"}],"version-history":[{"count":8,"href":"https:\/\/primerborrador.es\/index.php\/wp-json\/wp\/v2\/posts\/5079\/revisions"}],"predecessor-version":[{"id":5229,"href":"https:\/\/primerborrador.es\/index.php\/wp-json\/wp\/v2\/posts\/5079\/revisions\/5229"}],"wp:featuredmedia":[{"embeddable":true,"href":"https:\/\/primerborrador.es\/index.php\/wp-json\/wp\/v2\/media\/5080"}],"wp:attachment":[{"href":"https:\/\/primerborrador.es\/index.php\/wp-json\/wp\/v2\/media?parent=5079"}],"wp:term":[{"taxonomy":"category","embeddable":true,"href":"https:\/\/primerborrador.es\/index.php\/wp-json\/wp\/v2\/categories?post=5079"},{"taxonomy":"post_tag","embeddable":true,"href":"https:\/\/primerborrador.es\/index.php\/wp-json\/wp\/v2\/tags?post=5079"}],"curies":[{"name":"wp","href":"https:\/\/api.w.org\/{rel}","templated":true}]}}