{"id":5064,"date":"2026-03-03T07:55:31","date_gmt":"2026-03-03T06:55:31","guid":{"rendered":"https:\/\/primerborrador.es\/?p=5064"},"modified":"2026-03-03T08:02:59","modified_gmt":"2026-03-03T07:02:59","slug":"la-inutil-y-monstruosa-torre-eiffel","status":"publish","type":"post","link":"https:\/\/primerborrador.es\/index.php\/2026\/03\/03\/la-inutil-y-monstruosa-torre-eiffel\/","title":{"rendered":"La in\u00fatil y monstruosa torre Eiffel"},"content":{"rendered":"\n<p class=\"wp-block-paragraph\">\u201c<em>Nosotros, escritores, pintores, escultores, arquitectos, apasionados amantes de la belleza hasta ahora intacta de Par\u00eds, venimos a protestar con todas nuestras fuerzas, con toda nuestra indignaci\u00f3n, en nombre del gusto franc\u00e9s desconocido, en nombre del arte y de la historia francesa amenazados, contra la erecci\u00f3n, en pleno coraz\u00f3n de nuestra capital, de la in\u00fatil y monstruosa torre Eiffel, que la malicia p\u00fablica, a menudo impregnada de buen sentido y esp\u00edritu de justicia, ha bautizado ya con el nombre de \u00abtorre de Babel\u00bb\u201d.<\/em><\/p>\n\n\n\n<p class=\"wp-block-paragraph\">As\u00ed comenzaba el manifiesto publicado en el peri\u00f3dico parisino <em>Le Temps<\/em> por una cohorte de artistas y profesionales contra la famosa torre en el mismo a\u00f1o en el que empezaba su construcci\u00f3n, 1887.<\/p>\n\n\n\n<p class=\"wp-block-paragraph\">Nombres de mucho prestigio respaldaron aquel escrito: el arquitecto Charles Garnier, que lo promovi\u00f3, el m\u00fasico Charles Gounod, el escritor Guy de Maupassant o el pintor William Bouguereau, entre otros muchos, que no previeron que la torre acabar\u00eda convirti\u00e9ndose en icono cultural de Francia.<\/p>\n\n\n\n<h3 class=\"wp-block-heading\"><strong>A\u00f1os de nuevos cimientos para el arte<\/strong><\/h3>\n\n\n\n<p class=\"wp-block-paragraph\">No deja de ser llamativa la protesta en aquel momento. Durante los trece a\u00f1os anteriores la Academia de Bellas Artes de Par\u00eds, garante del buen gusto art\u00edstico hasta entonces, estaba siendo seriamente cuestionada y sin necesidad de manifiesto alguno.<\/p>\n\n\n\n<p class=\"wp-block-paragraph\">Las obras de los impresionistas, que hab\u00edan decidido exponer por su cuenta al margen de la Academia y que iban a cambiar para siempre el mercado del arte, hablaban por s\u00ed mismas.<\/p>\n\n\n\n<p class=\"wp-block-paragraph\">Ah\u00ed estaban Monet, C\u00e9zanne, Degas, Morisot\u2026 Empezaba a circular otra forma de expresi\u00f3n de la realidad, otra manera de mirar hacia ella.<\/p>\n\n\n<div class=\"wp-block-image\">\n<figure class=\"aligncenter size-full\"><img loading=\"lazy\" decoding=\"async\" width=\"1800\" height=\"1374\" src=\"https:\/\/primerborrador.es\/wp-content\/uploads\/2026\/02\/Avenida-de-Versalles-y-la-Torre-Eiffel-1922-por-Maurice-Utrillo.jpg\" alt=\"Imagen de la Avenida de Versalles con la torre Eiffel\" class=\"wp-image-5067\" srcset=\"https:\/\/primerborrador.es\/wp-content\/uploads\/2026\/02\/Avenida-de-Versalles-y-la-Torre-Eiffel-1922-por-Maurice-Utrillo.jpg 1800w, https:\/\/primerborrador.es\/wp-content\/uploads\/2026\/02\/Avenida-de-Versalles-y-la-Torre-Eiffel-1922-por-Maurice-Utrillo-768x586.jpg 768w, https:\/\/primerborrador.es\/wp-content\/uploads\/2026\/02\/Avenida-de-Versalles-y-la-Torre-Eiffel-1922-por-Maurice-Utrillo-1536x1172.jpg 1536w\" sizes=\"auto, (max-width: 1800px) 100vw, 1800px\" \/><figcaption class=\"wp-element-caption\">Avenida de Versalles y la Torre Eiffel pintadas en 1922 por Maurice Utrillo<\/figcaption><\/figure>\n<\/div>\n\n\n<p class=\"wp-block-paragraph\">Hoy es m\u00e1s f\u00e1cil aceptar que la \u201cDama de hierro\u201d sea considerada una obra de arte, pero hace ciento cincuenta a\u00f1os levantar aquella mole de hierro en mitad de Paris era una abominaci\u00f3n, si nos atenemos a lo que sosten\u00eda el manifiesto:<\/p>\n\n\n\n<p class=\"wp-block-paragraph\">\u201c<em>Basta, por lo dem\u00e1s, para darse cuenta de lo que afirmamos, imaginar por un instante una torre vertiginosamente rid\u00edcula dominando Par\u00eds como una gigantesca y negra chimenea de f\u00e1brica, aplastando con su masa b\u00e1rbara Notre-Dame, la Sainte-Chapelle, la torre Saint-Jacques, el Louvre, la c\u00fapula de los Inv\u00e1lidos, el Arco de Triunfo, todos nuestros monumentos humillados, todas nuestras arquitecturas empeque\u00f1ecidas, que desaparecer\u00e1n en esta alucinante pesadilla\u201d.<\/em><\/p>\n\n\n\n<h3 class=\"wp-block-heading\"><strong>El zasca de Eiffel<\/strong><\/h3>\n\n\n\n<p class=\"wp-block-paragraph\">Un periodista fue a preguntar a Gustave Eiffel qu\u00e9 le parec\u00eda todo esto y el ingeniero se sorprend\u00eda de que Garnier encabezara el manifiesto a pesar de formar parte de la comisi\u00f3n encargada del proyecto: \u201cno se ha hecho nada sin que \u00e9l lo haya aprobado; protesta, pues, contra s\u00ed mismo\u201d.<\/p>\n\n\n\n<p class=\"wp-block-paragraph\">Tambi\u00e9n arg\u00fc\u00eda el ingeniero no entender por qu\u00e9 hab\u00edan decidido manifestarse en contra cuando las obras estaban ya empezadas y no un a\u00f1o antes cuando se conoci\u00f3 el proyecto: \u201cSe la habr\u00eda admitido en el debate como una opini\u00f3n cuyo valor se habr\u00eda examinado. Hoy es in\u00fatil; todos nuestros contratos est\u00e1n firmados.\u201d<\/p>\n\n\n\n<p class=\"wp-block-paragraph\">Y se quejaba con cierta amargura de que juzgaran su obra sobre plano: \u201cY si mi torre, cuando est\u00e9 construida, en lugar de ser un horror, fuera algo bello, \u00bfno lamentar\u00edan los artistas haberse lanzado tan pronto y tan ligeramente contra la conservaci\u00f3n de un monumento que a\u00fan est\u00e1 por construirse? Que esperen, pues, a verla.\u201d<\/p>\n\n\n\n<h3 class=\"wp-block-heading\"><strong>La belleza de la ingenier\u00eda<\/strong><\/h3>\n\n\n\n<p class=\"wp-block-paragraph\">Es f\u00e1cil imaginar que en aquellos a\u00f1os en los que se hab\u00eda extendido ya el progreso industrial por toda Europa, la visi\u00f3n del hierro, el carb\u00f3n, los humos y malos olores pudiera ser irreconciliable con el concepto de belleza art\u00edstica de entonces.<\/p>\n\n\n\n<p class=\"wp-block-paragraph\">Eiffel, sin embargo, apunta hacia la posibilidad contraria, la posibilidad de que pueda existir belleza tambi\u00e9n en las obras de ingenier\u00eda:<\/p>\n\n\n\n<p class=\"wp-block-paragraph\">\u201c<em>Les dir\u00e9 todo mi pensamiento y todas mis esperanzas. Yo creo que mi torre ser\u00e1 bella. Porque somos ingenieros, \u00bfse cree que la belleza no nos preocupa en nuestras construcciones y que, al mismo tiempo que hacemos algo s\u00f3lido y duradero, no procuramos hacerlo elegante? \u00bfAcaso las verdaderas condiciones de la fuerza no est\u00e1n siempre conformes con las condiciones secretas de la armon\u00eda?\u201d<\/em><\/p>\n\n\n\n<p class=\"wp-block-paragraph\">Tal vez hoy se sorprender\u00eda al ver que su torre est\u00e1 considerada patrimonio de la humanidad y es uno de los monumentos m\u00e1s visitados del mundo, 6.75 millones de visitantes en 2025, seg\u00fan datos difundidos por la Agencia EFE el pasado enero. Teniendo en cuenta que la entrada individual para subir en ascensor a su punto m\u00e1s alto es de 36 euros, la torre podr\u00eda ser uno de los monumentos m\u00e1s rentables del mundo.<\/p>\n\n\n\n<p class=\"wp-block-paragraph\">Aunque tal vez algo sospechaba porque se atrevi\u00f3 a comparar la torre con las pir\u00e1mides de Egipto, aunque \u00e9l tan solo hab\u00eda podido imaginarla por entonces y verla solo dibujada en plano; la torre no estar\u00eda acabada hasta dos a\u00f1os m\u00e1s tarde.<\/p>\n\n\n<div class=\"wp-block-image\">\n<figure class=\"aligncenter size-full\"><img loading=\"lazy\" decoding=\"async\" width=\"1800\" height=\"1252\" src=\"https:\/\/primerborrador.es\/wp-content\/uploads\/2026\/02\/La-Tour-Eiffel-en-construction-vue-du-quai-de-la-Conference1888-por-Marc-Marie-Georges-Mouclier.jpg\" alt=\"Imagen de la torre Eiffel durante su construcci\u00f3n\" class=\"wp-image-5075\" srcset=\"https:\/\/primerborrador.es\/wp-content\/uploads\/2026\/02\/La-Tour-Eiffel-en-construction-vue-du-quai-de-la-Conference1888-por-Marc-Marie-Georges-Mouclier.jpg 1800w, https:\/\/primerborrador.es\/wp-content\/uploads\/2026\/02\/La-Tour-Eiffel-en-construction-vue-du-quai-de-la-Conference1888-por-Marc-Marie-Georges-Mouclier-768x534.jpg 768w, https:\/\/primerborrador.es\/wp-content\/uploads\/2026\/02\/La-Tour-Eiffel-en-construction-vue-du-quai-de-la-Conference1888-por-Marc-Marie-Georges-Mouclier-1536x1068.jpg 1536w\" sizes=\"auto, (max-width: 1800px) 100vw, 1800px\" \/><figcaption class=\"wp-element-caption\">La torre Eiffel en construccion pintada en 1888  por Marc Marie Georges Mouclier<\/figcaption><\/figure>\n<\/div>\n\n\n<h3 class=\"wp-block-heading\"><strong>Manifiesto y respuesta \u00edntegras<\/strong><\/h3>\n\n\n\n<p class=\"wp-block-paragraph\">Este manifiesto y la respuesta de Gustave Eiffel han sido incluidos hace unos d\u00edas en el Proyecto Gutenberg, un proyecto sin \u00e1nimo de lucro que digitaliza desde hace a\u00f1os obras literarias y las pone a disposici\u00f3n del p\u00fablico gratuitamente.<\/p>\n\n\n\n<p class=\"wp-block-paragraph\">Caroline Corbasson ha digitalizado el documento. Para ello ha contado con la colaboraci\u00f3n de la Biblioteca Nacional de Francia que puso a su disposici\u00f3n las im\u00e1genes que reprocucen estos textos, en concreto del peri\u00f3dico <em>Le Rappel<\/em>, que como <em>Le Temps, <\/em>tambi\u00e9n se hizo eco de la pol\u00e9mica.<\/p>\n\n\n\n<p class=\"wp-block-paragraph\">Pueden <a href=\"https:\/\/www.gutenberg.org\/ebooks\/77985\" target=\"_blank\" rel=\"noreferrer noopener nofollow\">leerlo y consultarlo \u00edntegramente en este enlace<\/a>.<\/p>\n\n\n\n<hr class=\"wp-block-separator has-alpha-channel-opacity\"\/>\n\n\n\n<p class=\"wp-block-paragraph\">Imagen de cabecera: La torre Eiffel en construcci\u00f3n pintada en 1889 por Paul Louis Delance.<\/p>\n\n\n\n<p class=\"wp-block-paragraph\"><\/p>\n","protected":false},"excerpt":{"rendered":"<p>Aunque estaba destinada a convertirse en un icono cultural de Francia, la construcci\u00f3n de la Torre Eiffel recibi\u00f3 acerbas cr\u00edticas en sus inicios.<\/p>\n","protected":false},"author":1,"featured_media":5065,"comment_status":"open","ping_status":"closed","sticky":false,"template":"","format":"standard","meta":{"neve_meta_sidebar":"","neve_meta_container":"","neve_meta_enable_content_width":"","neve_meta_content_width":0,"neve_meta_title_alignment":"","neve_meta_author_avatar":"","neve_post_elements_order":"[\"title\",\"meta\",\"thumbnail\",\"content\",\"comments\",\"tags\"]","neve_meta_disable_header":"","neve_meta_disable_footer":"","neve_meta_disable_title":"","_ayudawp_aiss_exclude":false,"_ayudawp_aiss_exclude_summary":false,"_ayudawp_aiss_summary":"","_ayudawp_aiss_summary_provider":"","_ayudawp_aiss_summary_hash":"","footnotes":""},"categories":[11],"tags":[816,817,818,819],"class_list":["post-5064","post","type-post","status-publish","format-standard","has-post-thumbnail","hentry","category-arte","tag-eiffel","tag-ingenieria","tag-innovacion","tag-monumentos"],"yoast_head":"<!-- This site is optimized with the Yoast SEO plugin v28.3 - https:\/\/yoast.com\/product\/yoast-seo-wordpress\/ -->\n<title>La in\u00fatil y monstruosa torre Eiffel - Primer borrador<\/title>\n<meta name=\"robots\" content=\"index, follow, max-snippet:-1, max-image-preview:large, max-video-preview:-1\" \/>\n<link rel=\"canonical\" href=\"https:\/\/primerborrador.es\/index.php\/2026\/03\/03\/la-inutil-y-monstruosa-torre-eiffel\/\" \/>\n<meta property=\"og:locale\" content=\"es_ES\" \/>\n<meta property=\"og:type\" content=\"article\" \/>\n<meta property=\"og:title\" content=\"La in\u00fatil y monstruosa torre Eiffel - Primer borrador\" \/>\n<meta property=\"og:description\" content=\"Aunque estaba destinada a convertirse en un icono cultural de Francia, la construcci\u00f3n de la Torre Eiffel recibi\u00f3 acerbas cr\u00edticas en sus inicios.\" \/>\n<meta property=\"og:url\" content=\"https:\/\/primerborrador.es\/index.php\/2026\/03\/03\/la-inutil-y-monstruosa-torre-eiffel\/\" \/>\n<meta property=\"og:site_name\" content=\"Primer borrador\" \/>\n<meta property=\"article:published_time\" content=\"2026-03-03T06:55:31+00:00\" \/>\n<meta property=\"article:modified_time\" content=\"2026-03-03T07:02:59+00:00\" \/>\n<meta property=\"og:image\" content=\"https:\/\/primerborrador.es\/wp-content\/uploads\/2026\/02\/La-torre-eiffel-en-construccion-en-1889-por-Paul-Louis-Delance.jpg\" \/>\n\t<meta property=\"og:image:width\" content=\"1800\" \/>\n\t<meta property=\"og:image:height\" content=\"1196\" \/>\n\t<meta property=\"og:image:type\" content=\"image\/jpeg\" \/>\n<meta name=\"author\" content=\"Santiago P\u00e9rez\" \/>\n<script type=\"application\/ld+json\" class=\"yoast-schema-graph\">{\"@context\":\"https:\\\/\\\/schema.org\",\"@graph\":[{\"@type\":\"Article\",\"@id\":\"https:\\\/\\\/primerborrador.es\\\/index.php\\\/2026\\\/03\\\/03\\\/la-inutil-y-monstruosa-torre-eiffel\\\/#article\",\"isPartOf\":{\"@id\":\"https:\\\/\\\/primerborrador.es\\\/index.php\\\/2026\\\/03\\\/03\\\/la-inutil-y-monstruosa-torre-eiffel\\\/\"},\"author\":{\"name\":\"Santiago P\u00e9rez\",\"@id\":\"https:\\\/\\\/primerborrador.es\\\/#\\\/schema\\\/person\\\/39b8af43fb1e2774f05a0812a8f21bbc\"},\"headline\":\"La in\u00fatil y monstruosa torre Eiffel\",\"datePublished\":\"2026-03-03T06:55:31+00:00\",\"dateModified\":\"2026-03-03T07:02:59+00:00\",\"mainEntityOfPage\":{\"@id\":\"https:\\\/\\\/primerborrador.es\\\/index.php\\\/2026\\\/03\\\/03\\\/la-inutil-y-monstruosa-torre-eiffel\\\/\"},\"wordCount\":999,\"commentCount\":0,\"publisher\":{\"@id\":\"https:\\\/\\\/primerborrador.es\\\/#\\\/schema\\\/person\\\/39b8af43fb1e2774f05a0812a8f21bbc\"},\"image\":{\"@id\":\"https:\\\/\\\/primerborrador.es\\\/index.php\\\/2026\\\/03\\\/03\\\/la-inutil-y-monstruosa-torre-eiffel\\\/#primaryimage\"},\"thumbnailUrl\":\"https:\\\/\\\/primerborrador.es\\\/wp-content\\\/uploads\\\/2026\\\/02\\\/La-torre-eiffel-en-construccion-en-1889-por-Paul-Louis-Delance.jpg\",\"keywords\":[\"Eiffel\",\"ingenier\u00eda\",\"innovaci\u00f3n\",\"monumentos\"],\"articleSection\":[\"Arte\"],\"inLanguage\":\"es\",\"potentialAction\":[{\"@type\":\"CommentAction\",\"name\":\"Comment\",\"target\":[\"https:\\\/\\\/primerborrador.es\\\/index.php\\\/2026\\\/03\\\/03\\\/la-inutil-y-monstruosa-torre-eiffel\\\/#respond\"]}]},{\"@type\":\"WebPage\",\"@id\":\"https:\\\/\\\/primerborrador.es\\\/index.php\\\/2026\\\/03\\\/03\\\/la-inutil-y-monstruosa-torre-eiffel\\\/\",\"url\":\"https:\\\/\\\/primerborrador.es\\\/index.php\\\/2026\\\/03\\\/03\\\/la-inutil-y-monstruosa-torre-eiffel\\\/\",\"name\":\"La in\u00fatil y monstruosa torre Eiffel - Primer borrador\",\"isPartOf\":{\"@id\":\"https:\\\/\\\/primerborrador.es\\\/#website\"},\"primaryImageOfPage\":{\"@id\":\"https:\\\/\\\/primerborrador.es\\\/index.php\\\/2026\\\/03\\\/03\\\/la-inutil-y-monstruosa-torre-eiffel\\\/#primaryimage\"},\"image\":{\"@id\":\"https:\\\/\\\/primerborrador.es\\\/index.php\\\/2026\\\/03\\\/03\\\/la-inutil-y-monstruosa-torre-eiffel\\\/#primaryimage\"},\"thumbnailUrl\":\"https:\\\/\\\/primerborrador.es\\\/wp-content\\\/uploads\\\/2026\\\/02\\\/La-torre-eiffel-en-construccion-en-1889-por-Paul-Louis-Delance.jpg\",\"datePublished\":\"2026-03-03T06:55:31+00:00\",\"dateModified\":\"2026-03-03T07:02:59+00:00\",\"breadcrumb\":{\"@id\":\"https:\\\/\\\/primerborrador.es\\\/index.php\\\/2026\\\/03\\\/03\\\/la-inutil-y-monstruosa-torre-eiffel\\\/#breadcrumb\"},\"inLanguage\":\"es\",\"potentialAction\":[{\"@type\":\"ReadAction\",\"target\":[\"https:\\\/\\\/primerborrador.es\\\/index.php\\\/2026\\\/03\\\/03\\\/la-inutil-y-monstruosa-torre-eiffel\\\/\"]}]},{\"@type\":\"ImageObject\",\"inLanguage\":\"es\",\"@id\":\"https:\\\/\\\/primerborrador.es\\\/index.php\\\/2026\\\/03\\\/03\\\/la-inutil-y-monstruosa-torre-eiffel\\\/#primaryimage\",\"url\":\"https:\\\/\\\/primerborrador.es\\\/wp-content\\\/uploads\\\/2026\\\/02\\\/La-torre-eiffel-en-construccion-en-1889-por-Paul-Louis-Delance.jpg\",\"contentUrl\":\"https:\\\/\\\/primerborrador.es\\\/wp-content\\\/uploads\\\/2026\\\/02\\\/La-torre-eiffel-en-construccion-en-1889-por-Paul-Louis-Delance.jpg\",\"width\":1800,\"height\":1196,\"caption\":\"La torre Eiffel en construcci\u00f3n en 1889 pintada por Paul Louis Delance\"},{\"@type\":\"BreadcrumbList\",\"@id\":\"https:\\\/\\\/primerborrador.es\\\/index.php\\\/2026\\\/03\\\/03\\\/la-inutil-y-monstruosa-torre-eiffel\\\/#breadcrumb\",\"itemListElement\":[{\"@type\":\"ListItem\",\"position\":1,\"name\":\"Home\",\"item\":\"https:\\\/\\\/primerborrador.es\\\/\"},{\"@type\":\"ListItem\",\"position\":2,\"name\":\"La in\u00fatil y monstruosa torre Eiffel\"}]},{\"@type\":\"WebSite\",\"@id\":\"https:\\\/\\\/primerborrador.es\\\/#website\",\"url\":\"https:\\\/\\\/primerborrador.es\\\/\",\"name\":\"Primer borrador\",\"description\":\"Revista mensual de arte, literatura y jazz\",\"publisher\":{\"@id\":\"https:\\\/\\\/primerborrador.es\\\/#\\\/schema\\\/person\\\/39b8af43fb1e2774f05a0812a8f21bbc\"},\"potentialAction\":[{\"@type\":\"SearchAction\",\"target\":{\"@type\":\"EntryPoint\",\"urlTemplate\":\"https:\\\/\\\/primerborrador.es\\\/?s={search_term_string}\"},\"query-input\":{\"@type\":\"PropertyValueSpecification\",\"valueRequired\":true,\"valueName\":\"search_term_string\"}}],\"inLanguage\":\"es\"},{\"@type\":[\"Person\",\"Organization\"],\"@id\":\"https:\\\/\\\/primerborrador.es\\\/#\\\/schema\\\/person\\\/39b8af43fb1e2774f05a0812a8f21bbc\",\"name\":\"Santiago P\u00e9rez\",\"image\":{\"@type\":\"ImageObject\",\"inLanguage\":\"es\",\"@id\":\"https:\\\/\\\/primerborrador.es\\\/wp-content\\\/uploads\\\/2021\\\/02\\\/cropped-feather1-e1621103417910.png\",\"url\":\"https:\\\/\\\/primerborrador.es\\\/wp-content\\\/uploads\\\/2021\\\/02\\\/cropped-feather1-e1621103417910.png\",\"contentUrl\":\"https:\\\/\\\/primerborrador.es\\\/wp-content\\\/uploads\\\/2021\\\/02\\\/cropped-feather1-e1621103417910.png\",\"width\":256,\"height\":256,\"caption\":\"Santiago P\u00e9rez\"},\"logo\":{\"@id\":\"https:\\\/\\\/primerborrador.es\\\/wp-content\\\/uploads\\\/2021\\\/02\\\/cropped-feather1-e1621103417910.png\"},\"description\":\"Periodista. Escribo, desde Cadiz, sobre lo que me interesa: arte contempor\u00e1neo, literatura y m\u00fasica. Creo en la libertad de contar. Y tambi\u00e9n en la de elegir lo que quiero y no quiero leer.\",\"sameAs\":[\"https:\\\/\\\/primerborrador.es\"],\"url\":\"https:\\\/\\\/primerborrador.es\\\/index.php\\\/author\\\/santiagomperezm\\\/\"}]}<\/script>\n<!-- \/ Yoast SEO plugin. -->","yoast_head_json":{"title":"La in\u00fatil y monstruosa torre Eiffel - Primer borrador","robots":{"index":"index","follow":"follow","max-snippet":"max-snippet:-1","max-image-preview":"max-image-preview:large","max-video-preview":"max-video-preview:-1"},"canonical":"https:\/\/primerborrador.es\/index.php\/2026\/03\/03\/la-inutil-y-monstruosa-torre-eiffel\/","og_locale":"es_ES","og_type":"article","og_title":"La in\u00fatil y monstruosa torre Eiffel - Primer borrador","og_description":"Aunque estaba destinada a convertirse en un icono cultural de Francia, la construcci\u00f3n de la Torre Eiffel recibi\u00f3 acerbas cr\u00edticas en sus inicios.","og_url":"https:\/\/primerborrador.es\/index.php\/2026\/03\/03\/la-inutil-y-monstruosa-torre-eiffel\/","og_site_name":"Primer borrador","article_published_time":"2026-03-03T06:55:31+00:00","article_modified_time":"2026-03-03T07:02:59+00:00","og_image":[{"width":1800,"height":1196,"url":"https:\/\/primerborrador.es\/wp-content\/uploads\/2026\/02\/La-torre-eiffel-en-construccion-en-1889-por-Paul-Louis-Delance.jpg","type":"image\/jpeg"}],"author":"Santiago P\u00e9rez","schema":{"@context":"https:\/\/schema.org","@graph":[{"@type":"Article","@id":"https:\/\/primerborrador.es\/index.php\/2026\/03\/03\/la-inutil-y-monstruosa-torre-eiffel\/#article","isPartOf":{"@id":"https:\/\/primerborrador.es\/index.php\/2026\/03\/03\/la-inutil-y-monstruosa-torre-eiffel\/"},"author":{"name":"Santiago P\u00e9rez","@id":"https:\/\/primerborrador.es\/#\/schema\/person\/39b8af43fb1e2774f05a0812a8f21bbc"},"headline":"La in\u00fatil y monstruosa torre Eiffel","datePublished":"2026-03-03T06:55:31+00:00","dateModified":"2026-03-03T07:02:59+00:00","mainEntityOfPage":{"@id":"https:\/\/primerborrador.es\/index.php\/2026\/03\/03\/la-inutil-y-monstruosa-torre-eiffel\/"},"wordCount":999,"commentCount":0,"publisher":{"@id":"https:\/\/primerborrador.es\/#\/schema\/person\/39b8af43fb1e2774f05a0812a8f21bbc"},"image":{"@id":"https:\/\/primerborrador.es\/index.php\/2026\/03\/03\/la-inutil-y-monstruosa-torre-eiffel\/#primaryimage"},"thumbnailUrl":"https:\/\/primerborrador.es\/wp-content\/uploads\/2026\/02\/La-torre-eiffel-en-construccion-en-1889-por-Paul-Louis-Delance.jpg","keywords":["Eiffel","ingenier\u00eda","innovaci\u00f3n","monumentos"],"articleSection":["Arte"],"inLanguage":"es","potentialAction":[{"@type":"CommentAction","name":"Comment","target":["https:\/\/primerborrador.es\/index.php\/2026\/03\/03\/la-inutil-y-monstruosa-torre-eiffel\/#respond"]}]},{"@type":"WebPage","@id":"https:\/\/primerborrador.es\/index.php\/2026\/03\/03\/la-inutil-y-monstruosa-torre-eiffel\/","url":"https:\/\/primerborrador.es\/index.php\/2026\/03\/03\/la-inutil-y-monstruosa-torre-eiffel\/","name":"La in\u00fatil y monstruosa torre Eiffel - Primer borrador","isPartOf":{"@id":"https:\/\/primerborrador.es\/#website"},"primaryImageOfPage":{"@id":"https:\/\/primerborrador.es\/index.php\/2026\/03\/03\/la-inutil-y-monstruosa-torre-eiffel\/#primaryimage"},"image":{"@id":"https:\/\/primerborrador.es\/index.php\/2026\/03\/03\/la-inutil-y-monstruosa-torre-eiffel\/#primaryimage"},"thumbnailUrl":"https:\/\/primerborrador.es\/wp-content\/uploads\/2026\/02\/La-torre-eiffel-en-construccion-en-1889-por-Paul-Louis-Delance.jpg","datePublished":"2026-03-03T06:55:31+00:00","dateModified":"2026-03-03T07:02:59+00:00","breadcrumb":{"@id":"https:\/\/primerborrador.es\/index.php\/2026\/03\/03\/la-inutil-y-monstruosa-torre-eiffel\/#breadcrumb"},"inLanguage":"es","potentialAction":[{"@type":"ReadAction","target":["https:\/\/primerborrador.es\/index.php\/2026\/03\/03\/la-inutil-y-monstruosa-torre-eiffel\/"]}]},{"@type":"ImageObject","inLanguage":"es","@id":"https:\/\/primerborrador.es\/index.php\/2026\/03\/03\/la-inutil-y-monstruosa-torre-eiffel\/#primaryimage","url":"https:\/\/primerborrador.es\/wp-content\/uploads\/2026\/02\/La-torre-eiffel-en-construccion-en-1889-por-Paul-Louis-Delance.jpg","contentUrl":"https:\/\/primerborrador.es\/wp-content\/uploads\/2026\/02\/La-torre-eiffel-en-construccion-en-1889-por-Paul-Louis-Delance.jpg","width":1800,"height":1196,"caption":"La torre Eiffel en construcci\u00f3n en 1889 pintada por Paul Louis Delance"},{"@type":"BreadcrumbList","@id":"https:\/\/primerborrador.es\/index.php\/2026\/03\/03\/la-inutil-y-monstruosa-torre-eiffel\/#breadcrumb","itemListElement":[{"@type":"ListItem","position":1,"name":"Home","item":"https:\/\/primerborrador.es\/"},{"@type":"ListItem","position":2,"name":"La in\u00fatil y monstruosa torre Eiffel"}]},{"@type":"WebSite","@id":"https:\/\/primerborrador.es\/#website","url":"https:\/\/primerborrador.es\/","name":"Primer borrador","description":"Revista mensual de arte, literatura y jazz","publisher":{"@id":"https:\/\/primerborrador.es\/#\/schema\/person\/39b8af43fb1e2774f05a0812a8f21bbc"},"potentialAction":[{"@type":"SearchAction","target":{"@type":"EntryPoint","urlTemplate":"https:\/\/primerborrador.es\/?s={search_term_string}"},"query-input":{"@type":"PropertyValueSpecification","valueRequired":true,"valueName":"search_term_string"}}],"inLanguage":"es"},{"@type":["Person","Organization"],"@id":"https:\/\/primerborrador.es\/#\/schema\/person\/39b8af43fb1e2774f05a0812a8f21bbc","name":"Santiago P\u00e9rez","image":{"@type":"ImageObject","inLanguage":"es","@id":"https:\/\/primerborrador.es\/wp-content\/uploads\/2021\/02\/cropped-feather1-e1621103417910.png","url":"https:\/\/primerborrador.es\/wp-content\/uploads\/2021\/02\/cropped-feather1-e1621103417910.png","contentUrl":"https:\/\/primerborrador.es\/wp-content\/uploads\/2021\/02\/cropped-feather1-e1621103417910.png","width":256,"height":256,"caption":"Santiago P\u00e9rez"},"logo":{"@id":"https:\/\/primerborrador.es\/wp-content\/uploads\/2021\/02\/cropped-feather1-e1621103417910.png"},"description":"Periodista. Escribo, desde Cadiz, sobre lo que me interesa: arte contempor\u00e1neo, literatura y m\u00fasica. Creo en la libertad de contar. Y tambi\u00e9n en la de elegir lo que quiero y no quiero leer.","sameAs":["https:\/\/primerborrador.es"],"url":"https:\/\/primerborrador.es\/index.php\/author\/santiagomperezm\/"}]}},"_links":{"self":[{"href":"https:\/\/primerborrador.es\/index.php\/wp-json\/wp\/v2\/posts\/5064","targetHints":{"allow":["GET"]}}],"collection":[{"href":"https:\/\/primerborrador.es\/index.php\/wp-json\/wp\/v2\/posts"}],"about":[{"href":"https:\/\/primerborrador.es\/index.php\/wp-json\/wp\/v2\/types\/post"}],"author":[{"embeddable":true,"href":"https:\/\/primerborrador.es\/index.php\/wp-json\/wp\/v2\/users\/1"}],"replies":[{"embeddable":true,"href":"https:\/\/primerborrador.es\/index.php\/wp-json\/wp\/v2\/comments?post=5064"}],"version-history":[{"count":11,"href":"https:\/\/primerborrador.es\/index.php\/wp-json\/wp\/v2\/posts\/5064\/revisions"}],"predecessor-version":[{"id":5092,"href":"https:\/\/primerborrador.es\/index.php\/wp-json\/wp\/v2\/posts\/5064\/revisions\/5092"}],"wp:featuredmedia":[{"embeddable":true,"href":"https:\/\/primerborrador.es\/index.php\/wp-json\/wp\/v2\/media\/5065"}],"wp:attachment":[{"href":"https:\/\/primerborrador.es\/index.php\/wp-json\/wp\/v2\/media?parent=5064"}],"wp:term":[{"taxonomy":"category","embeddable":true,"href":"https:\/\/primerborrador.es\/index.php\/wp-json\/wp\/v2\/categories?post=5064"},{"taxonomy":"post_tag","embeddable":true,"href":"https:\/\/primerborrador.es\/index.php\/wp-json\/wp\/v2\/tags?post=5064"}],"curies":[{"name":"wp","href":"https:\/\/api.w.org\/{rel}","templated":true}]}}