{"id":5054,"date":"2026-02-03T07:21:34","date_gmt":"2026-02-03T06:21:34","guid":{"rendered":"https:\/\/primerborrador.es\/?p=5054"},"modified":"2026-05-02T20:28:31","modified_gmt":"2026-05-02T18:28:31","slug":"jesus-nunez-musico-el-jazz-se-asocia-a-mi-manera-de-sentir","status":"publish","type":"post","link":"https:\/\/primerborrador.es\/index.php\/2026\/02\/03\/jesus-nunez-musico-el-jazz-se-asocia-a-mi-manera-de-sentir\/","title":{"rendered":"Jes\u00fas N\u00fa\u00f1ez, m\u00fasico: \u201cel jazz se asocia a mi manera de sentir\u201d"},"content":{"rendered":"\n<p class=\"wp-block-paragraph\">El m\u00fasico de jazz <a href=\"https:\/\/www.instagram.com\/sjesusnunez\/\" target=\"_blank\" rel=\"noreferrer noopener\">Jes\u00fas N\u00fa\u00f1ez S\u00e1nchez<\/a> (San Fernando, C\u00e1diz, 1989) debuta en el mercado discogr\u00e1fico con <em>Introducing Jes\u00fas N\u00fa\u00f1ez Quartet, publicado por Sedajazz records.<\/em><\/p>\n\n\n\n<p class=\"wp-block-paragraph\">Una vez acabada su formaci\u00f3n acad\u00e9mica y con la idea bastante clara de que esta es la m\u00fasica que m\u00e1s le divierte y a la que quiere dedicar su tiempo y sus energ\u00edas, ha compuesto y grabado estos temas junto a Jeff Jerolamon a la bater\u00eda, Jorge Sevilla al piano, C\u00e9sar Cort\u00e9s al contrabajo y \u00e9l mismo como saxof\u00f3n alto.<\/p>\n\n\n\n<p class=\"wp-block-paragraph\">Todos los temas son composiciones propias a excepci\u00f3n de<em> The way you loo<\/em><em>k<\/em><em> tonight, <\/em>un <em>standard<\/em> compuesto por Jerome Kern, autor de canciones archiconocidas como <em>Smoke gets in your eyes <\/em>o <em>All the things you are, <\/em>entre otras muchas.<\/p>\n\n\n\n<p class=\"wp-block-paragraph\">Con esta salvedad, el disco al completo est\u00e1 firmado por Jes\u00fas N\u00fa\u00f1ez, que lo presenta el pr\u00f3ximo s\u00e1bado 21 de febrero en el club de jazz <em>Jimmy Glass <\/em>de Valencia, ciudad en la que reside actualmente.<\/p>\n\n\n\n<h3 class=\"wp-block-heading\"><strong>Paul Desmond llamando a Jes\u00fas N\u00fa\u00f1ez<\/strong><\/h3>\n\n\n\n<p class=\"wp-block-paragraph\">D\u00edas atr\u00e1s particip\u00f3 en la tercera edici\u00f3n del Festival de Jazz \u201cJamb\u00e1\u201d de Chiclana formando parte del grupo de m\u00fasicos gaditanos que se presenta como <em>The wise guys octet, <\/em>as\u00ed que acordamos charlar un rato sobre su incipiente carrera m\u00fasical, sus gustos, referentes y proyectos.<\/p>\n\n\n\n<p class=\"wp-block-paragraph\">\u201cEl jazz, desde peque\u00f1o, se asocia a mi manera de sentir\u201d por sus propias caracter\u00edsticas como estilo musical donde la improvisaci\u00f3n juega un papel clave. \u201cCuando descubro algo me gusta encontrar mi propia manera de hacerlo\u201d.<\/p>\n\n\n\n<figure class=\"wp-block-embed aligncenter is-type-video is-provider-youtube wp-block-embed-youtube wp-embed-aspect-16-9 wp-has-aspect-ratio\"><div class=\"wp-block-embed__wrapper\">\n<div class=\"nv-iframe-embed\"><iframe loading=\"lazy\" title=\"Jes\u00fas N\u00fa\u00f1ez: &quot;Componer jazz es para m\u00ed una excusa para improvisar&quot;\" width=\"1200\" height=\"675\" src=\"https:\/\/www.youtube.com\/embed\/wfiF1x5dVPA?feature=oembed\" frameborder=\"0\" allow=\"accelerometer; autoplay; clipboard-write; encrypted-media; gyroscope; picture-in-picture; web-share\" referrerpolicy=\"strict-origin-when-cross-origin\" allowfullscreen><\/iframe><\/div>\n<\/div><\/figure>\n\n\n\n<div style=\"height:21px\" aria-hidden=\"true\" class=\"wp-block-spacer\"><\/div>\n\n\n\n<p class=\"wp-block-paragraph\">Estudi\u00f3 en C\u00e1diz y el el Conservatorio de M\u00fasica de Granada, pero para poder especializarse en jazz tuvo que hacerlo en el de Valencia, donde se gradu\u00f3. All\u00ed trabaja como profesor de m\u00fasica y compone. Tambi\u00e9n act\u00faa en <em>bolos<\/em> con diferentes m\u00fasicos.<\/p>\n\n\n\n<p class=\"wp-block-paragraph\">Recuerda que de ni\u00f1o le fascin\u00f3 el saxo de Paul Desmond, pero cuando habla de referentes, los m\u00fasicos que nombra son de C\u00e1diz, como Pedro Cortejosa, o sus maestros en el conservatorio como Rogelio Gil, de quien aprendi\u00f3 en su etapa en Granada: \u201cMe flipaba\u201d.<\/p>\n\n\n\n<p class=\"wp-block-paragraph\">Sabe que todos ellos tienen calidad de sobra como m\u00fasicos, pero tambi\u00e9n que este no es un estilo musical que vaya a vender millones de discos como hacen los artistas de otros g\u00e9neros como el pop o el rock.<\/p>\n\n\n\n<h3 class=\"wp-block-heading\">\u201c<strong>Componer es una excusa para improvisar\u201d<\/strong><\/h3>\n\n\n\n<p class=\"wp-block-paragraph\">Jes\u00fas afirma que tiene una voz propia como m\u00fasico que surge de manera natural, sin pretensiones, y admite que en \u00e9ste g\u00e9nero se aprende imitando.<\/p>\n\n\n\n<p class=\"wp-block-paragraph\">Con ese esp\u00edritu de hacer las cosas a su manera, explica que para \u00e9l la composici\u00f3n musical \u201ces m\u00e1s o menos una excusa para improvisar\u201d y ya puestos en esa tesitura, con el saxof\u00f3n colgado al cuello \u201cme lo paso muy bien tocando\u201d.<\/p>\n\n\n\n<p class=\"wp-block-paragraph\">Durante su etapa como estudiante coincidi\u00f3 con el tambi\u00e9n saxofonista de jazz isle\u00f1o <a href=\"https:\/\/primerborrador.es\/index.php\/2025\/08\/03\/el-jazz-de-ida-y-vuelta-de-antonio-lizana-y-erik-truffaz\/\" target=\"_blank\" rel=\"noreferrer noopener\">Antonio Lizana<\/a>, cuya forma de mezclar el jazz y el flamenco le est\u00e1 llevando a actuar por lugares de todo el mundo.<\/p>\n\n\n\n<p class=\"wp-block-paragraph\">Sin embargo N\u00fa\u00f1ez, a pesar de haber nacido en la cuna de Camar\u00f3n de la Isla y de haber escuchado esta m\u00fasica desde que era ni\u00f1o, no cree que su trayectoria musical vaya por ah\u00ed: el flamenco \u201cnunca ha sido mi manera de expresarme en t\u00e9rminos musicales, no me he identificado mucho, no s\u00e9 por qu\u00e9\u201d.<\/p>\n\n\n\n<hr class=\"wp-block-separator has-alpha-channel-opacity\"\/>\n\n\n\n<p class=\"wp-block-paragraph\">Para recibir nuestros reportajes y otras sugerencias, suscr\u00edbete a la newsletter quincenal \ud83d\udc47\ud83c\udffb<\/p>\n\n\n\n<div style=\"display: flex; justify-content: center; margin: 20px 0;\">\n  <iframe loading=\"lazy\" src=\"https:\/\/primerborradores.substack.com\/embed\" width=\"480\" height=\"320\" style=\"border: 1px solid #EEE; background: white\" frameborder=\"0\" scrolling=\"no\"><\/iframe><\/iframe>\n<\/div>\n","protected":false},"excerpt":{"rendered":"<p>El m\u00fasico de jazz Jes\u00fas N\u00fa\u00f1ez S\u00e1nchez (San Fernando, C\u00e1diz, 1989) debuta en el mercado discogr\u00e1fico con Introducing Jes\u00fas N\u00fa\u00f1ez Quartet, publicado por Sedajazz records.<\/p>\n","protected":false},"author":1,"featured_media":5059,"comment_status":"open","ping_status":"closed","sticky":false,"template":"","format":"standard","meta":{"neve_meta_sidebar":"","neve_meta_container":"","neve_meta_enable_content_width":"","neve_meta_content_width":0,"neve_meta_title_alignment":"","neve_meta_author_avatar":"","neve_post_elements_order":"","neve_meta_disable_header":"","neve_meta_disable_footer":"","neve_meta_disable_title":"","_ayudawp_aiss_exclude":false,"_ayudawp_aiss_exclude_summary":false,"_ayudawp_aiss_summary":"","_ayudawp_aiss_summary_provider":"","_ayudawp_aiss_summary_hash":"","footnotes":""},"categories":[5,10],"tags":[47,815],"class_list":["post-5054","post","type-post","status-publish","format-standard","has-post-thumbnail","hentry","category-entrevistas","category-musica","tag-jazz","tag-jesus-nunez-sanchez"],"yoast_head":"<!-- This site is optimized with the Yoast SEO plugin v28.3 - https:\/\/yoast.com\/product\/yoast-seo-wordpress\/ -->\n<title>Jes\u00fas N\u00fa\u00f1ez, m\u00fasico: \u201cel jazz se asocia a mi manera de sentir\u201d - Primer borrador<\/title>\n<meta name=\"description\" content=\"El m\u00fasico de jazz Jes\u00fas N\u00fa\u00f1ez S\u00e1nchez (San Fernando, C\u00e1diz, 1989) debuta en el mercado discogr\u00e1fico con Introducing Jes\u00fas N\u00fa\u00f1ez Quartet.\" \/>\n<meta name=\"robots\" content=\"index, follow, max-snippet:-1, max-image-preview:large, max-video-preview:-1\" \/>\n<link rel=\"canonical\" href=\"https:\/\/primerborrador.es\/index.php\/2026\/02\/03\/jesus-nunez-musico-el-jazz-se-asocia-a-mi-manera-de-sentir\/\" \/>\n<meta property=\"og:locale\" content=\"es_ES\" \/>\n<meta property=\"og:type\" content=\"article\" \/>\n<meta property=\"og:title\" content=\"Jes\u00fas N\u00fa\u00f1ez, m\u00fasico: \u201cel jazz se asocia a mi manera de sentir\u201d - Primer borrador\" \/>\n<meta property=\"og:description\" content=\"El m\u00fasico de jazz Jes\u00fas N\u00fa\u00f1ez S\u00e1nchez (San Fernando, C\u00e1diz, 1989) debuta en el mercado discogr\u00e1fico con Introducing Jes\u00fas N\u00fa\u00f1ez Quartet.\" \/>\n<meta property=\"og:url\" content=\"https:\/\/primerborrador.es\/index.php\/2026\/02\/03\/jesus-nunez-musico-el-jazz-se-asocia-a-mi-manera-de-sentir\/\" \/>\n<meta property=\"og:site_name\" content=\"Primer borrador\" \/>\n<meta property=\"article:published_time\" content=\"2026-02-03T06:21:34+00:00\" \/>\n<meta property=\"article:modified_time\" content=\"2026-05-02T18:28:31+00:00\" \/>\n<meta property=\"og:image\" content=\"https:\/\/primerborrador.es\/wp-content\/uploads\/2026\/02\/Cover-Jesus-Nunez.jpg\" \/>\n\t<meta property=\"og:image:width\" content=\"1860\" \/>\n\t<meta property=\"og:image:height\" content=\"1260\" \/>\n\t<meta property=\"og:image:type\" content=\"image\/jpeg\" \/>\n<meta name=\"author\" content=\"Santiago P\u00e9rez\" \/>\n<script type=\"application\/ld+json\" class=\"yoast-schema-graph\">{\"@context\":\"https:\\\/\\\/schema.org\",\"@graph\":[{\"@type\":\"Article\",\"@id\":\"https:\\\/\\\/primerborrador.es\\\/index.php\\\/2026\\\/02\\\/03\\\/jesus-nunez-musico-el-jazz-se-asocia-a-mi-manera-de-sentir\\\/#article\",\"isPartOf\":{\"@id\":\"https:\\\/\\\/primerborrador.es\\\/index.php\\\/2026\\\/02\\\/03\\\/jesus-nunez-musico-el-jazz-se-asocia-a-mi-manera-de-sentir\\\/\"},\"author\":{\"name\":\"Santiago P\u00e9rez\",\"@id\":\"https:\\\/\\\/primerborrador.es\\\/#\\\/schema\\\/person\\\/39b8af43fb1e2774f05a0812a8f21bbc\"},\"headline\":\"Jes\u00fas N\u00fa\u00f1ez, m\u00fasico: \u201cel jazz se asocia a mi manera de sentir\u201d\",\"datePublished\":\"2026-02-03T06:21:34+00:00\",\"dateModified\":\"2026-05-02T18:28:31+00:00\",\"mainEntityOfPage\":{\"@id\":\"https:\\\/\\\/primerborrador.es\\\/index.php\\\/2026\\\/02\\\/03\\\/jesus-nunez-musico-el-jazz-se-asocia-a-mi-manera-de-sentir\\\/\"},\"wordCount\":634,\"commentCount\":0,\"publisher\":{\"@id\":\"https:\\\/\\\/primerborrador.es\\\/#\\\/schema\\\/person\\\/39b8af43fb1e2774f05a0812a8f21bbc\"},\"image\":{\"@id\":\"https:\\\/\\\/primerborrador.es\\\/index.php\\\/2026\\\/02\\\/03\\\/jesus-nunez-musico-el-jazz-se-asocia-a-mi-manera-de-sentir\\\/#primaryimage\"},\"thumbnailUrl\":\"https:\\\/\\\/primerborrador.es\\\/wp-content\\\/uploads\\\/2026\\\/02\\\/Cover-Jesus-Nunez.jpg\",\"keywords\":[\"jazz\",\"jes\u00fas-n\u00fa\u00f1ez-s\u00e1nchez\"],\"articleSection\":[\"Entrevistas\",\"M\u00fasica\"],\"inLanguage\":\"es\",\"potentialAction\":[{\"@type\":\"CommentAction\",\"name\":\"Comment\",\"target\":[\"https:\\\/\\\/primerborrador.es\\\/index.php\\\/2026\\\/02\\\/03\\\/jesus-nunez-musico-el-jazz-se-asocia-a-mi-manera-de-sentir\\\/#respond\"]}]},{\"@type\":\"WebPage\",\"@id\":\"https:\\\/\\\/primerborrador.es\\\/index.php\\\/2026\\\/02\\\/03\\\/jesus-nunez-musico-el-jazz-se-asocia-a-mi-manera-de-sentir\\\/\",\"url\":\"https:\\\/\\\/primerborrador.es\\\/index.php\\\/2026\\\/02\\\/03\\\/jesus-nunez-musico-el-jazz-se-asocia-a-mi-manera-de-sentir\\\/\",\"name\":\"Jes\u00fas N\u00fa\u00f1ez, m\u00fasico: \u201cel jazz se asocia a mi manera de sentir\u201d - Primer borrador\",\"isPartOf\":{\"@id\":\"https:\\\/\\\/primerborrador.es\\\/#website\"},\"primaryImageOfPage\":{\"@id\":\"https:\\\/\\\/primerborrador.es\\\/index.php\\\/2026\\\/02\\\/03\\\/jesus-nunez-musico-el-jazz-se-asocia-a-mi-manera-de-sentir\\\/#primaryimage\"},\"image\":{\"@id\":\"https:\\\/\\\/primerborrador.es\\\/index.php\\\/2026\\\/02\\\/03\\\/jesus-nunez-musico-el-jazz-se-asocia-a-mi-manera-de-sentir\\\/#primaryimage\"},\"thumbnailUrl\":\"https:\\\/\\\/primerborrador.es\\\/wp-content\\\/uploads\\\/2026\\\/02\\\/Cover-Jesus-Nunez.jpg\",\"datePublished\":\"2026-02-03T06:21:34+00:00\",\"dateModified\":\"2026-05-02T18:28:31+00:00\",\"description\":\"El m\u00fasico de jazz Jes\u00fas N\u00fa\u00f1ez S\u00e1nchez (San Fernando, C\u00e1diz, 1989) debuta en el mercado discogr\u00e1fico con Introducing Jes\u00fas N\u00fa\u00f1ez Quartet.\",\"breadcrumb\":{\"@id\":\"https:\\\/\\\/primerborrador.es\\\/index.php\\\/2026\\\/02\\\/03\\\/jesus-nunez-musico-el-jazz-se-asocia-a-mi-manera-de-sentir\\\/#breadcrumb\"},\"inLanguage\":\"es\",\"potentialAction\":[{\"@type\":\"ReadAction\",\"target\":[\"https:\\\/\\\/primerborrador.es\\\/index.php\\\/2026\\\/02\\\/03\\\/jesus-nunez-musico-el-jazz-se-asocia-a-mi-manera-de-sentir\\\/\"]}]},{\"@type\":\"ImageObject\",\"inLanguage\":\"es\",\"@id\":\"https:\\\/\\\/primerborrador.es\\\/index.php\\\/2026\\\/02\\\/03\\\/jesus-nunez-musico-el-jazz-se-asocia-a-mi-manera-de-sentir\\\/#primaryimage\",\"url\":\"https:\\\/\\\/primerborrador.es\\\/wp-content\\\/uploads\\\/2026\\\/02\\\/Cover-Jesus-Nunez.jpg\",\"contentUrl\":\"https:\\\/\\\/primerborrador.es\\\/wp-content\\\/uploads\\\/2026\\\/02\\\/Cover-Jesus-Nunez.jpg\",\"width\":1860,\"height\":1260,\"caption\":\"Jes\u00fas N\u00fa\u00f1ez S\u00e1nchez durante la entrevista. Foto: Santiago P\u00e9rez\"},{\"@type\":\"BreadcrumbList\",\"@id\":\"https:\\\/\\\/primerborrador.es\\\/index.php\\\/2026\\\/02\\\/03\\\/jesus-nunez-musico-el-jazz-se-asocia-a-mi-manera-de-sentir\\\/#breadcrumb\",\"itemListElement\":[{\"@type\":\"ListItem\",\"position\":1,\"name\":\"Home\",\"item\":\"https:\\\/\\\/primerborrador.es\\\/\"},{\"@type\":\"ListItem\",\"position\":2,\"name\":\"Jes\u00fas N\u00fa\u00f1ez, m\u00fasico: \u201cel jazz se asocia a mi manera de sentir\u201d\"}]},{\"@type\":\"WebSite\",\"@id\":\"https:\\\/\\\/primerborrador.es\\\/#website\",\"url\":\"https:\\\/\\\/primerborrador.es\\\/\",\"name\":\"Primer borrador\",\"description\":\"Revista mensual de arte, literatura y jazz\",\"publisher\":{\"@id\":\"https:\\\/\\\/primerborrador.es\\\/#\\\/schema\\\/person\\\/39b8af43fb1e2774f05a0812a8f21bbc\"},\"potentialAction\":[{\"@type\":\"SearchAction\",\"target\":{\"@type\":\"EntryPoint\",\"urlTemplate\":\"https:\\\/\\\/primerborrador.es\\\/?s={search_term_string}\"},\"query-input\":{\"@type\":\"PropertyValueSpecification\",\"valueRequired\":true,\"valueName\":\"search_term_string\"}}],\"inLanguage\":\"es\"},{\"@type\":[\"Person\",\"Organization\"],\"@id\":\"https:\\\/\\\/primerborrador.es\\\/#\\\/schema\\\/person\\\/39b8af43fb1e2774f05a0812a8f21bbc\",\"name\":\"Santiago P\u00e9rez\",\"image\":{\"@type\":\"ImageObject\",\"inLanguage\":\"es\",\"@id\":\"https:\\\/\\\/primerborrador.es\\\/wp-content\\\/uploads\\\/2021\\\/02\\\/cropped-feather1-e1621103417910.png\",\"url\":\"https:\\\/\\\/primerborrador.es\\\/wp-content\\\/uploads\\\/2021\\\/02\\\/cropped-feather1-e1621103417910.png\",\"contentUrl\":\"https:\\\/\\\/primerborrador.es\\\/wp-content\\\/uploads\\\/2021\\\/02\\\/cropped-feather1-e1621103417910.png\",\"width\":256,\"height\":256,\"caption\":\"Santiago P\u00e9rez\"},\"logo\":{\"@id\":\"https:\\\/\\\/primerborrador.es\\\/wp-content\\\/uploads\\\/2021\\\/02\\\/cropped-feather1-e1621103417910.png\"},\"description\":\"Periodista. Escribo, desde Cadiz, sobre lo que me interesa: arte contempor\u00e1neo, literatura y m\u00fasica. Creo en la libertad de contar. Y tambi\u00e9n en la de elegir lo que quiero y no quiero leer.\",\"sameAs\":[\"https:\\\/\\\/primerborrador.es\"],\"url\":\"https:\\\/\\\/primerborrador.es\\\/index.php\\\/author\\\/santiagomperezm\\\/\"}]}<\/script>\n<!-- \/ Yoast SEO plugin. -->","yoast_head_json":{"title":"Jes\u00fas N\u00fa\u00f1ez, m\u00fasico: \u201cel jazz se asocia a mi manera de sentir\u201d - Primer borrador","description":"El m\u00fasico de jazz Jes\u00fas N\u00fa\u00f1ez S\u00e1nchez (San Fernando, C\u00e1diz, 1989) debuta en el mercado discogr\u00e1fico con Introducing Jes\u00fas N\u00fa\u00f1ez Quartet.","robots":{"index":"index","follow":"follow","max-snippet":"max-snippet:-1","max-image-preview":"max-image-preview:large","max-video-preview":"max-video-preview:-1"},"canonical":"https:\/\/primerborrador.es\/index.php\/2026\/02\/03\/jesus-nunez-musico-el-jazz-se-asocia-a-mi-manera-de-sentir\/","og_locale":"es_ES","og_type":"article","og_title":"Jes\u00fas N\u00fa\u00f1ez, m\u00fasico: \u201cel jazz se asocia a mi manera de sentir\u201d - Primer borrador","og_description":"El m\u00fasico de jazz Jes\u00fas N\u00fa\u00f1ez S\u00e1nchez (San Fernando, C\u00e1diz, 1989) debuta en el mercado discogr\u00e1fico con Introducing Jes\u00fas N\u00fa\u00f1ez Quartet.","og_url":"https:\/\/primerborrador.es\/index.php\/2026\/02\/03\/jesus-nunez-musico-el-jazz-se-asocia-a-mi-manera-de-sentir\/","og_site_name":"Primer borrador","article_published_time":"2026-02-03T06:21:34+00:00","article_modified_time":"2026-05-02T18:28:31+00:00","og_image":[{"width":1860,"height":1260,"url":"https:\/\/primerborrador.es\/wp-content\/uploads\/2026\/02\/Cover-Jesus-Nunez.jpg","type":"image\/jpeg"}],"author":"Santiago P\u00e9rez","schema":{"@context":"https:\/\/schema.org","@graph":[{"@type":"Article","@id":"https:\/\/primerborrador.es\/index.php\/2026\/02\/03\/jesus-nunez-musico-el-jazz-se-asocia-a-mi-manera-de-sentir\/#article","isPartOf":{"@id":"https:\/\/primerborrador.es\/index.php\/2026\/02\/03\/jesus-nunez-musico-el-jazz-se-asocia-a-mi-manera-de-sentir\/"},"author":{"name":"Santiago P\u00e9rez","@id":"https:\/\/primerborrador.es\/#\/schema\/person\/39b8af43fb1e2774f05a0812a8f21bbc"},"headline":"Jes\u00fas N\u00fa\u00f1ez, m\u00fasico: \u201cel jazz se asocia a mi manera de sentir\u201d","datePublished":"2026-02-03T06:21:34+00:00","dateModified":"2026-05-02T18:28:31+00:00","mainEntityOfPage":{"@id":"https:\/\/primerborrador.es\/index.php\/2026\/02\/03\/jesus-nunez-musico-el-jazz-se-asocia-a-mi-manera-de-sentir\/"},"wordCount":634,"commentCount":0,"publisher":{"@id":"https:\/\/primerborrador.es\/#\/schema\/person\/39b8af43fb1e2774f05a0812a8f21bbc"},"image":{"@id":"https:\/\/primerborrador.es\/index.php\/2026\/02\/03\/jesus-nunez-musico-el-jazz-se-asocia-a-mi-manera-de-sentir\/#primaryimage"},"thumbnailUrl":"https:\/\/primerborrador.es\/wp-content\/uploads\/2026\/02\/Cover-Jesus-Nunez.jpg","keywords":["jazz","jes\u00fas-n\u00fa\u00f1ez-s\u00e1nchez"],"articleSection":["Entrevistas","M\u00fasica"],"inLanguage":"es","potentialAction":[{"@type":"CommentAction","name":"Comment","target":["https:\/\/primerborrador.es\/index.php\/2026\/02\/03\/jesus-nunez-musico-el-jazz-se-asocia-a-mi-manera-de-sentir\/#respond"]}]},{"@type":"WebPage","@id":"https:\/\/primerborrador.es\/index.php\/2026\/02\/03\/jesus-nunez-musico-el-jazz-se-asocia-a-mi-manera-de-sentir\/","url":"https:\/\/primerborrador.es\/index.php\/2026\/02\/03\/jesus-nunez-musico-el-jazz-se-asocia-a-mi-manera-de-sentir\/","name":"Jes\u00fas N\u00fa\u00f1ez, m\u00fasico: \u201cel jazz se asocia a mi manera de sentir\u201d - Primer borrador","isPartOf":{"@id":"https:\/\/primerborrador.es\/#website"},"primaryImageOfPage":{"@id":"https:\/\/primerborrador.es\/index.php\/2026\/02\/03\/jesus-nunez-musico-el-jazz-se-asocia-a-mi-manera-de-sentir\/#primaryimage"},"image":{"@id":"https:\/\/primerborrador.es\/index.php\/2026\/02\/03\/jesus-nunez-musico-el-jazz-se-asocia-a-mi-manera-de-sentir\/#primaryimage"},"thumbnailUrl":"https:\/\/primerborrador.es\/wp-content\/uploads\/2026\/02\/Cover-Jesus-Nunez.jpg","datePublished":"2026-02-03T06:21:34+00:00","dateModified":"2026-05-02T18:28:31+00:00","description":"El m\u00fasico de jazz Jes\u00fas N\u00fa\u00f1ez S\u00e1nchez (San Fernando, C\u00e1diz, 1989) debuta en el mercado discogr\u00e1fico con Introducing Jes\u00fas N\u00fa\u00f1ez Quartet.","breadcrumb":{"@id":"https:\/\/primerborrador.es\/index.php\/2026\/02\/03\/jesus-nunez-musico-el-jazz-se-asocia-a-mi-manera-de-sentir\/#breadcrumb"},"inLanguage":"es","potentialAction":[{"@type":"ReadAction","target":["https:\/\/primerborrador.es\/index.php\/2026\/02\/03\/jesus-nunez-musico-el-jazz-se-asocia-a-mi-manera-de-sentir\/"]}]},{"@type":"ImageObject","inLanguage":"es","@id":"https:\/\/primerborrador.es\/index.php\/2026\/02\/03\/jesus-nunez-musico-el-jazz-se-asocia-a-mi-manera-de-sentir\/#primaryimage","url":"https:\/\/primerborrador.es\/wp-content\/uploads\/2026\/02\/Cover-Jesus-Nunez.jpg","contentUrl":"https:\/\/primerborrador.es\/wp-content\/uploads\/2026\/02\/Cover-Jesus-Nunez.jpg","width":1860,"height":1260,"caption":"Jes\u00fas N\u00fa\u00f1ez S\u00e1nchez durante la entrevista. Foto: Santiago P\u00e9rez"},{"@type":"BreadcrumbList","@id":"https:\/\/primerborrador.es\/index.php\/2026\/02\/03\/jesus-nunez-musico-el-jazz-se-asocia-a-mi-manera-de-sentir\/#breadcrumb","itemListElement":[{"@type":"ListItem","position":1,"name":"Home","item":"https:\/\/primerborrador.es\/"},{"@type":"ListItem","position":2,"name":"Jes\u00fas N\u00fa\u00f1ez, m\u00fasico: \u201cel jazz se asocia a mi manera de sentir\u201d"}]},{"@type":"WebSite","@id":"https:\/\/primerborrador.es\/#website","url":"https:\/\/primerborrador.es\/","name":"Primer borrador","description":"Revista mensual de arte, literatura y jazz","publisher":{"@id":"https:\/\/primerborrador.es\/#\/schema\/person\/39b8af43fb1e2774f05a0812a8f21bbc"},"potentialAction":[{"@type":"SearchAction","target":{"@type":"EntryPoint","urlTemplate":"https:\/\/primerborrador.es\/?s={search_term_string}"},"query-input":{"@type":"PropertyValueSpecification","valueRequired":true,"valueName":"search_term_string"}}],"inLanguage":"es"},{"@type":["Person","Organization"],"@id":"https:\/\/primerborrador.es\/#\/schema\/person\/39b8af43fb1e2774f05a0812a8f21bbc","name":"Santiago P\u00e9rez","image":{"@type":"ImageObject","inLanguage":"es","@id":"https:\/\/primerborrador.es\/wp-content\/uploads\/2021\/02\/cropped-feather1-e1621103417910.png","url":"https:\/\/primerborrador.es\/wp-content\/uploads\/2021\/02\/cropped-feather1-e1621103417910.png","contentUrl":"https:\/\/primerborrador.es\/wp-content\/uploads\/2021\/02\/cropped-feather1-e1621103417910.png","width":256,"height":256,"caption":"Santiago P\u00e9rez"},"logo":{"@id":"https:\/\/primerborrador.es\/wp-content\/uploads\/2021\/02\/cropped-feather1-e1621103417910.png"},"description":"Periodista. Escribo, desde Cadiz, sobre lo que me interesa: arte contempor\u00e1neo, literatura y m\u00fasica. Creo en la libertad de contar. Y tambi\u00e9n en la de elegir lo que quiero y no quiero leer.","sameAs":["https:\/\/primerborrador.es"],"url":"https:\/\/primerborrador.es\/index.php\/author\/santiagomperezm\/"}]}},"_links":{"self":[{"href":"https:\/\/primerborrador.es\/index.php\/wp-json\/wp\/v2\/posts\/5054","targetHints":{"allow":["GET"]}}],"collection":[{"href":"https:\/\/primerborrador.es\/index.php\/wp-json\/wp\/v2\/posts"}],"about":[{"href":"https:\/\/primerborrador.es\/index.php\/wp-json\/wp\/v2\/types\/post"}],"author":[{"embeddable":true,"href":"https:\/\/primerborrador.es\/index.php\/wp-json\/wp\/v2\/users\/1"}],"replies":[{"embeddable":true,"href":"https:\/\/primerborrador.es\/index.php\/wp-json\/wp\/v2\/comments?post=5054"}],"version-history":[{"count":9,"href":"https:\/\/primerborrador.es\/index.php\/wp-json\/wp\/v2\/posts\/5054\/revisions"}],"predecessor-version":[{"id":5210,"href":"https:\/\/primerborrador.es\/index.php\/wp-json\/wp\/v2\/posts\/5054\/revisions\/5210"}],"wp:featuredmedia":[{"embeddable":true,"href":"https:\/\/primerborrador.es\/index.php\/wp-json\/wp\/v2\/media\/5059"}],"wp:attachment":[{"href":"https:\/\/primerborrador.es\/index.php\/wp-json\/wp\/v2\/media?parent=5054"}],"wp:term":[{"taxonomy":"category","embeddable":true,"href":"https:\/\/primerborrador.es\/index.php\/wp-json\/wp\/v2\/categories?post=5054"},{"taxonomy":"post_tag","embeddable":true,"href":"https:\/\/primerborrador.es\/index.php\/wp-json\/wp\/v2\/tags?post=5054"}],"curies":[{"name":"wp","href":"https:\/\/api.w.org\/{rel}","templated":true}]}}