{"id":4821,"date":"2025-10-03T06:11:13","date_gmt":"2025-10-03T04:11:13","guid":{"rendered":"https:\/\/primerborrador.es\/?p=4821"},"modified":"2025-10-03T06:11:16","modified_gmt":"2025-10-03T04:11:16","slug":"variaciones-sobre-un-retrato-de-jeanne-hebuterne","status":"publish","type":"post","link":"https:\/\/primerborrador.es\/index.php\/2025\/10\/03\/variaciones-sobre-un-retrato-de-jeanne-hebuterne\/","title":{"rendered":"Variaciones sobre un retrato de Jeanne H\u00e9buterne"},"content":{"rendered":"\n<p class=\"wp-block-paragraph\">Si aceptamos que existen dos tipos de belleza, una creada por la naturaleza y otra creada por el arte, pocas mujeres han alcanzado el hermoso magnetismo de Jeanne H\u00e9buterne en la fibras de un lienzo.<\/p>\n\n\n\n<p class=\"wp-block-paragraph\">Pareja de hecho del pintor italiano Amedeo Modigliani y musa de sus cuadros, la imagen de Jeanne que nos ha legado el pintor toscano poco tiene que ver con la imagen real que transmiten las fotograf\u00edas que se conservan de ella.<\/p>\n\n\n\n<p class=\"wp-block-paragraph\">Christie\u2019s subast\u00f3 en 2013 uno de esos retratos, <em>Jeanne H<\/em><em>\u00e9<\/em><em>buterne (Au chapeau). <\/em>La joven, que cumplir\u00eda esa primavera (1919) 21 a\u00f1os, aparece tocada con un sombrero azul oscuro, mirando de frente al artista con esos ojos infinitos, sin pupilas, tan caracter\u00edsticos de los retratos de Modigliani.<\/p>\n\n\n\n<p class=\"wp-block-paragraph\">Jeanne levanta una mano en un gesto ef\u00edmero cuya significado final no conoceremos nunca, queda a la interpretaci\u00f3n de quien observe el cuadro y se deje llevar por la tierna suavidad de sus colores y el estilizado primitivismo de su dibujo.<\/p>\n\n\n\n<p class=\"wp-block-paragraph\">Modigliani es uno de esos artistas que han pasado a la posteridad porque han sido capaces de jugar con el tiempo en sus creaciones, de convertir un instante del presente en memoria futura y, posiblemente, eterna.<\/p>\n\n\n\n<h3 class=\"wp-block-heading\"><strong>El tiempo es una ilusi\u00f3n<\/strong><\/h3>\n\n\n\n<p class=\"wp-block-paragraph\">La literatura ha fantaseado mucho con esta idea del paso del tiempo en la obra de arte. Es bien conocido <em>El retrato de Dorian Gray <\/em>de Oscar Wilde, muchas veces interpretado en clave moral (el deterioro causado por el mal), pero cuyo trasfondo tiene bastante que ver los estragos, f\u00edsicos y mentales, que causa el envejecimiento. Con el miedo a la muerte.<\/p>\n\n\n\n<p class=\"wp-block-paragraph\">Tambi\u00e9n el novelista franc\u00e9s Guy de Maupassant, aunque en este caso la retratada era una mujer, escribi\u00f3 una novela con id\u00e9ntico trasfondo, <em>Fuerte como la muerte, <\/em>no tan espectacular como la del dublin\u00e9s pero mucho m\u00e1s sutil en el retrato psicol\u00f3gico de la protagonista.<\/p>\n\n\n\n<p class=\"wp-block-paragraph\">Me pregunto c\u00f3mo habr\u00eda pintado Modigliani si hubiera llegado a viejo (muri\u00f3 con apenas 35 a\u00f1os), c\u00f3mo habr\u00eda sido su mirada, c\u00f3mo se habr\u00eda emocionado observando los retratos de juventud de una Jeanne convertida en una ancianita adoptada por las calles del Montparnasse parisino.<\/p>\n\n\n\n<p class=\"wp-block-paragraph\">O c\u00f3mo los habr\u00eda mirado ella, que se quit\u00f3 la vida dos d\u00edas despu\u00e9s de conocer el fallecimiento de <em>Dedo, <\/em>un fr\u00edo mes de enero apenas once meses despu\u00e9s de que este cuadro quedase definitivamente acabado.<\/p>\n\n\n\n<figure class=\"wp-block-image size-full\"><img loading=\"lazy\" decoding=\"async\" width=\"1498\" height=\"2560\" src=\"https:\/\/primerborrador.es\/wp-content\/uploads\/2025\/09\/EDT-Jeanne-Hebuterne-au_chapeau-by-Amedeo-Modigliani-scaled.jpg\" alt=\"Imagen de Jeanne H\u00e9buterne (au_chapeau) by Amedeo Modigliani\" class=\"wp-image-4825\" srcset=\"https:\/\/primerborrador.es\/wp-content\/uploads\/2025\/09\/EDT-Jeanne-Hebuterne-au_chapeau-by-Amedeo-Modigliani-scaled.jpg 1498w, https:\/\/primerborrador.es\/wp-content\/uploads\/2025\/09\/EDT-Jeanne-Hebuterne-au_chapeau-by-Amedeo-Modigliani-768x1312.jpg 768w, https:\/\/primerborrador.es\/wp-content\/uploads\/2025\/09\/EDT-Jeanne-Hebuterne-au_chapeau-by-Amedeo-Modigliani-899x1536.jpg 899w, https:\/\/primerborrador.es\/wp-content\/uploads\/2025\/09\/EDT-Jeanne-Hebuterne-au_chapeau-by-Amedeo-Modigliani-1199x2048.jpg 1199w\" sizes=\"auto, (max-width: 1498px) 100vw, 1498px\" \/><figcaption class=\"wp-element-caption\">Jeanne H\u00e9buterne (au_chapeau) by Amedeo Modigliani<\/figcaption><\/figure>\n\n\n\n<h3 class=\"wp-block-heading\"><strong>Y tendr\u00e1 tus ojos<\/strong><\/h3>\n\n\n\n<p class=\"wp-block-paragraph\">\u00bfQu\u00e9 relaci\u00f3n podr\u00eda existir entre esta historia y la obra <em>El bello verano<\/em>, del escritor piamont\u00e9s Cesare Pavese?<\/p>\n\n\n\n<p class=\"wp-block-paragraph\">La novela, una historia de iniciaci\u00f3n a la vida, est\u00e1 protagonizada por una joven de diecisiete a\u00f1os que se enamora de un joven soldado pintor. Cuenta las visitas al bohemio estudio que este comparte con otro artista y la relaci\u00f3n con una amiga que trabaja de modelo para ellos.<\/p>\n\n\n\n<p class=\"wp-block-paragraph\">Ya tenemos un punto de conexi\u00f3n en la actividad art\u00edstica y bohemia de sus protagonistas masculinos. Otro podr\u00eda ser el car\u00e1cter suicida del autor, que comparte con Jeanne.<\/p>\n\n\n\n<p class=\"wp-block-paragraph\">Y un tercero, ciertamente inquietante, el t\u00edtulo del famoso poema de Pavese <em>Vendr<\/em><em>\u00e1<\/em><em> la muerte y tendr\u00e1 tus ojos.<\/em> Al leer estas palabras y mirar los retratos de Modigliani es dif\u00edcil evitar un ligero escalofr\u00edo.<\/p>\n\n\n\n<h3 class=\"wp-block-heading\"><strong>Un desnudo como contrapunto<\/strong><\/h3>\n\n\n\n<p class=\"wp-block-paragraph\">Dos a\u00f1os despu\u00e9s de le venta de este retrato, en 2015, la casa Christie\u2019s subast\u00f3 un famoso cuadro del Amedeo Modigliani titulado <em>Nu couch\u00e9. <\/em>La obra es el retrato de una mujer desnuda tumbada sobre lo que parece un sof\u00e1 rojo. No es un retrato de Jeanne, no tiene ese car\u00e1cter \u00edntimo y personal.<\/p>\n\n\n\n<p class=\"wp-block-paragraph\">El cuadro se vendi\u00f3 por casi 170 millones de d\u00f3lares, el precio m\u00e1s alto alcanzado por una obra del pintor italiano en el mercado de subastas, mucho m\u00e1s caro que el retrato con sombrero azul de Jeanne H\u00e9buterne, que se remat\u00f3 dos a\u00f1os antes en poco m\u00e1s de 36 millones de d\u00f3lares.<\/p>\n\n\n\n<p class=\"wp-block-paragraph\">No solo el hecho de estar desnuda la diferencia del retrato aludido de Jeanne. Mientras Jeanne, con ese gesto en la mano podr\u00eda recordar a una <em>madonna <\/em>laica, la mujer morena acostada en el div\u00e1n parece rendirse, con sus brazos levantados por encima de la cabeza, al pintor que la retrata, al espectador que la observa.<\/p>\n\n\n\n<p class=\"wp-block-paragraph\">La protagonista tiene el colorido de las noches de interior y una sonrisa que, a pesar del pintabios rojo, revela melancol\u00eda y un punto de tristeza. Nada que ver con la m\u00e1s enigm\u00e1tica que muestra Jeanne en su retrato con sombrero, sonrisa de p\u00f3quer como suelen decir los jugadores de cartas y, cuyo significado queda reservado exclusivamente a los amantes.<\/p>\n\n\n\n<h3 class=\"wp-block-heading\"><strong>Lo que dice el precio<\/strong><\/h3>\n\n\n\n<p class=\"wp-block-paragraph\">En el mercado del arte tiene un peso considerable la subjetividad personal del comprador. Salvando las distancias de lo que se paga por las obras ocurre tambi\u00e9n, por ejemplo, con los libros o las composiciones musicales.<\/p>\n\n\n\n<p class=\"wp-block-paragraph\"><em>Nu couch\u00e9,<\/em> adem\u00e1s del precio por el que se vendi\u00f3 (170 millones de d\u00f3lares, recuerdo) y de haber sido comprada por un taxista chino convertido en multimillonario, tiene otras cusiosidades, como el hecho de haber formado parte de la \u00fanica exposici\u00f3n que Modigliani hizo en vida, en 1917. en la galer\u00eda Berthe Weill.<\/p>\n\n\n\n<p class=\"wp-block-paragraph\">La polic\u00eda cerr\u00f3 la exposici\u00f3n por el esc\u00e1ndalo que supuso entonces ver expuesto al p\u00fablico una obra que representaba a una mujer desnuda, un tipo de arte reservado hasta entonces a los gabinetes privados de reyes y de gente que maneja mucho dinero.<\/p>\n\n\n\n<p class=\"wp-block-paragraph\">Valga como ejemplo la <em>Venus de Urbino <\/em>de Tiziano, pintada para el cardenal Hip\u00f3lito de Medici. Algunos expertos han relacionado con esta obra la de Modigliani.<\/p>\n\n\n\n<p class=\"wp-block-paragraph\">Mirando la documentaci\u00f3n de Christie\u2019s, se ha escrito mucho m\u00e1s de este desnudo que del retrato de Jeanne, lo que demuestra un inter\u00e9s mayor en la obra. En comparaci\u00f3n, el retrato de Jeanne no destaca tampoco por su precio, pero quiz\u00e1 sea m\u00e1s revelador del genio secreto de Modigliani.<\/p>\n\n\n\n<p class=\"wp-block-paragraph\"><\/p>\n","protected":false},"excerpt":{"rendered":"<p>Si aceptamos que existen dos tipos de belleza, una creada por la naturaleza y otra creada por el arte, pocas mujeres han alcanzado el hermoso magnetismo de Jeanne H\u00e9buterne en la fibras de un lienzo. Pareja de hecho del pintor italiano Amedeo Modigliani y musa de sus cuadros, la imagen de Jeanne que nos ha&hellip;&nbsp;<a href=\"https:\/\/primerborrador.es\/index.php\/2025\/10\/03\/variaciones-sobre-un-retrato-de-jeanne-hebuterne\/\" rel=\"bookmark\">Leer m\u00e1s &raquo;<span class=\"screen-reader-text\">Variaciones sobre un retrato de Jeanne H\u00e9buterne<\/span><\/a><\/p>\n","protected":false},"author":1,"featured_media":4823,"comment_status":"open","ping_status":"closed","sticky":false,"template":"","format":"standard","meta":{"neve_meta_sidebar":"","neve_meta_container":"","neve_meta_enable_content_width":"","neve_meta_content_width":0,"neve_meta_title_alignment":"","neve_meta_author_avatar":"","neve_post_elements_order":"","neve_meta_disable_header":"","neve_meta_disable_footer":"","neve_meta_disable_title":"","_ayudawp_aiss_exclude":false,"_ayudawp_aiss_exclude_summary":false,"_ayudawp_aiss_summary":"","_ayudawp_aiss_summary_provider":"","_ayudawp_aiss_summary_hash":"","footnotes":""},"categories":[11],"tags":[786,785],"class_list":["post-4821","post","type-post","status-publish","format-standard","has-post-thumbnail","hentry","category-arte","tag-amedeo-modigliani","tag-jeanne-hebuterne"],"yoast_head":"<!-- This site is optimized with the Yoast SEO plugin v28.3 - https:\/\/yoast.com\/product\/yoast-seo-wordpress\/ -->\n<title>Variaciones sobre un retrato de Jeanne H\u00e9buterne - Primer borrador<\/title>\n<meta name=\"description\" content=\"Pocas mujeres han alcanzado el hermoso magnetismo de Jeanne H\u00e9buterne, la pareja de Amedeo Modigliani, en la fibras de un lienzo.\" \/>\n<meta name=\"robots\" content=\"index, follow, max-snippet:-1, max-image-preview:large, max-video-preview:-1\" \/>\n<link rel=\"canonical\" href=\"https:\/\/primerborrador.es\/index.php\/2025\/10\/03\/variaciones-sobre-un-retrato-de-jeanne-hebuterne\/\" \/>\n<meta property=\"og:locale\" content=\"es_ES\" \/>\n<meta property=\"og:type\" content=\"article\" \/>\n<meta property=\"og:title\" content=\"Variaciones sobre un retrato de Jeanne H\u00e9buterne - Primer borrador\" \/>\n<meta property=\"og:description\" content=\"Pocas mujeres han alcanzado el hermoso magnetismo de Jeanne H\u00e9buterne, la pareja de Amedeo Modigliani, en la fibras de un lienzo.\" \/>\n<meta property=\"og:url\" content=\"https:\/\/primerborrador.es\/index.php\/2025\/10\/03\/variaciones-sobre-un-retrato-de-jeanne-hebuterne\/\" \/>\n<meta property=\"og:site_name\" content=\"Primer borrador\" \/>\n<meta property=\"article:published_time\" content=\"2025-10-03T04:11:13+00:00\" \/>\n<meta property=\"article:modified_time\" content=\"2025-10-03T04:11:16+00:00\" \/>\n<meta property=\"og:image\" content=\"https:\/\/primerborrador.es\/wp-content\/uploads\/2025\/09\/EDT-Modigliani_-_Nu_couche.jpg\" \/>\n\t<meta property=\"og:image:width\" content=\"1860\" \/>\n\t<meta property=\"og:image:height\" content=\"1171\" \/>\n\t<meta property=\"og:image:type\" content=\"image\/jpeg\" \/>\n<meta name=\"author\" content=\"Santiago P\u00e9rez\" \/>\n<script type=\"application\/ld+json\" class=\"yoast-schema-graph\">{\"@context\":\"https:\\\/\\\/schema.org\",\"@graph\":[{\"@type\":\"Article\",\"@id\":\"https:\\\/\\\/primerborrador.es\\\/index.php\\\/2025\\\/10\\\/03\\\/variaciones-sobre-un-retrato-de-jeanne-hebuterne\\\/#article\",\"isPartOf\":{\"@id\":\"https:\\\/\\\/primerborrador.es\\\/index.php\\\/2025\\\/10\\\/03\\\/variaciones-sobre-un-retrato-de-jeanne-hebuterne\\\/\"},\"author\":{\"name\":\"Santiago P\u00e9rez\",\"@id\":\"https:\\\/\\\/primerborrador.es\\\/#\\\/schema\\\/person\\\/39b8af43fb1e2774f05a0812a8f21bbc\"},\"headline\":\"Variaciones sobre un retrato de Jeanne H\u00e9buterne\",\"datePublished\":\"2025-10-03T04:11:13+00:00\",\"dateModified\":\"2025-10-03T04:11:16+00:00\",\"mainEntityOfPage\":{\"@id\":\"https:\\\/\\\/primerborrador.es\\\/index.php\\\/2025\\\/10\\\/03\\\/variaciones-sobre-un-retrato-de-jeanne-hebuterne\\\/\"},\"wordCount\":1045,\"commentCount\":0,\"publisher\":{\"@id\":\"https:\\\/\\\/primerborrador.es\\\/#\\\/schema\\\/person\\\/39b8af43fb1e2774f05a0812a8f21bbc\"},\"image\":{\"@id\":\"https:\\\/\\\/primerborrador.es\\\/index.php\\\/2025\\\/10\\\/03\\\/variaciones-sobre-un-retrato-de-jeanne-hebuterne\\\/#primaryimage\"},\"thumbnailUrl\":\"https:\\\/\\\/primerborrador.es\\\/wp-content\\\/uploads\\\/2025\\\/09\\\/EDT-Modigliani_-_Nu_couche.jpg\",\"keywords\":[\"Amedeo-Modigliani\",\"Jeanne-H\u00e9buterne\"],\"articleSection\":[\"Arte\"],\"inLanguage\":\"es\",\"potentialAction\":[{\"@type\":\"CommentAction\",\"name\":\"Comment\",\"target\":[\"https:\\\/\\\/primerborrador.es\\\/index.php\\\/2025\\\/10\\\/03\\\/variaciones-sobre-un-retrato-de-jeanne-hebuterne\\\/#respond\"]}]},{\"@type\":\"WebPage\",\"@id\":\"https:\\\/\\\/primerborrador.es\\\/index.php\\\/2025\\\/10\\\/03\\\/variaciones-sobre-un-retrato-de-jeanne-hebuterne\\\/\",\"url\":\"https:\\\/\\\/primerborrador.es\\\/index.php\\\/2025\\\/10\\\/03\\\/variaciones-sobre-un-retrato-de-jeanne-hebuterne\\\/\",\"name\":\"Variaciones sobre un retrato de Jeanne H\u00e9buterne - Primer borrador\",\"isPartOf\":{\"@id\":\"https:\\\/\\\/primerborrador.es\\\/#website\"},\"primaryImageOfPage\":{\"@id\":\"https:\\\/\\\/primerborrador.es\\\/index.php\\\/2025\\\/10\\\/03\\\/variaciones-sobre-un-retrato-de-jeanne-hebuterne\\\/#primaryimage\"},\"image\":{\"@id\":\"https:\\\/\\\/primerborrador.es\\\/index.php\\\/2025\\\/10\\\/03\\\/variaciones-sobre-un-retrato-de-jeanne-hebuterne\\\/#primaryimage\"},\"thumbnailUrl\":\"https:\\\/\\\/primerborrador.es\\\/wp-content\\\/uploads\\\/2025\\\/09\\\/EDT-Modigliani_-_Nu_couche.jpg\",\"datePublished\":\"2025-10-03T04:11:13+00:00\",\"dateModified\":\"2025-10-03T04:11:16+00:00\",\"description\":\"Pocas mujeres han alcanzado el hermoso magnetismo de Jeanne H\u00e9buterne, la pareja de Amedeo Modigliani, en la fibras de un lienzo.\",\"breadcrumb\":{\"@id\":\"https:\\\/\\\/primerborrador.es\\\/index.php\\\/2025\\\/10\\\/03\\\/variaciones-sobre-un-retrato-de-jeanne-hebuterne\\\/#breadcrumb\"},\"inLanguage\":\"es\",\"potentialAction\":[{\"@type\":\"ReadAction\",\"target\":[\"https:\\\/\\\/primerborrador.es\\\/index.php\\\/2025\\\/10\\\/03\\\/variaciones-sobre-un-retrato-de-jeanne-hebuterne\\\/\"]}]},{\"@type\":\"ImageObject\",\"inLanguage\":\"es\",\"@id\":\"https:\\\/\\\/primerborrador.es\\\/index.php\\\/2025\\\/10\\\/03\\\/variaciones-sobre-un-retrato-de-jeanne-hebuterne\\\/#primaryimage\",\"url\":\"https:\\\/\\\/primerborrador.es\\\/wp-content\\\/uploads\\\/2025\\\/09\\\/EDT-Modigliani_-_Nu_couche.jpg\",\"contentUrl\":\"https:\\\/\\\/primerborrador.es\\\/wp-content\\\/uploads\\\/2025\\\/09\\\/EDT-Modigliani_-_Nu_couche.jpg\",\"width\":1860,\"height\":1171,\"caption\":\"Imagen de la obra Nu couche de Amedeo Modigliani\"},{\"@type\":\"BreadcrumbList\",\"@id\":\"https:\\\/\\\/primerborrador.es\\\/index.php\\\/2025\\\/10\\\/03\\\/variaciones-sobre-un-retrato-de-jeanne-hebuterne\\\/#breadcrumb\",\"itemListElement\":[{\"@type\":\"ListItem\",\"position\":1,\"name\":\"Home\",\"item\":\"https:\\\/\\\/primerborrador.es\\\/\"},{\"@type\":\"ListItem\",\"position\":2,\"name\":\"Variaciones sobre un retrato de Jeanne H\u00e9buterne\"}]},{\"@type\":\"WebSite\",\"@id\":\"https:\\\/\\\/primerborrador.es\\\/#website\",\"url\":\"https:\\\/\\\/primerborrador.es\\\/\",\"name\":\"Primer borrador\",\"description\":\"Revista mensual de arte, literatura y jazz\",\"publisher\":{\"@id\":\"https:\\\/\\\/primerborrador.es\\\/#\\\/schema\\\/person\\\/39b8af43fb1e2774f05a0812a8f21bbc\"},\"potentialAction\":[{\"@type\":\"SearchAction\",\"target\":{\"@type\":\"EntryPoint\",\"urlTemplate\":\"https:\\\/\\\/primerborrador.es\\\/?s={search_term_string}\"},\"query-input\":{\"@type\":\"PropertyValueSpecification\",\"valueRequired\":true,\"valueName\":\"search_term_string\"}}],\"inLanguage\":\"es\"},{\"@type\":[\"Person\",\"Organization\"],\"@id\":\"https:\\\/\\\/primerborrador.es\\\/#\\\/schema\\\/person\\\/39b8af43fb1e2774f05a0812a8f21bbc\",\"name\":\"Santiago P\u00e9rez\",\"image\":{\"@type\":\"ImageObject\",\"inLanguage\":\"es\",\"@id\":\"https:\\\/\\\/primerborrador.es\\\/wp-content\\\/uploads\\\/2021\\\/02\\\/cropped-feather1-e1621103417910.png\",\"url\":\"https:\\\/\\\/primerborrador.es\\\/wp-content\\\/uploads\\\/2021\\\/02\\\/cropped-feather1-e1621103417910.png\",\"contentUrl\":\"https:\\\/\\\/primerborrador.es\\\/wp-content\\\/uploads\\\/2021\\\/02\\\/cropped-feather1-e1621103417910.png\",\"width\":256,\"height\":256,\"caption\":\"Santiago P\u00e9rez\"},\"logo\":{\"@id\":\"https:\\\/\\\/primerborrador.es\\\/wp-content\\\/uploads\\\/2021\\\/02\\\/cropped-feather1-e1621103417910.png\"},\"description\":\"Periodista. Escribo, desde Cadiz, sobre lo que me interesa: arte contempor\u00e1neo, literatura y m\u00fasica. Creo en la libertad de contar. Y tambi\u00e9n en la de elegir lo que quiero y no quiero leer.\",\"sameAs\":[\"https:\\\/\\\/primerborrador.es\"],\"url\":\"https:\\\/\\\/primerborrador.es\\\/index.php\\\/author\\\/santiagomperezm\\\/\"}]}<\/script>\n<!-- \/ Yoast SEO plugin. -->","yoast_head_json":{"title":"Variaciones sobre un retrato de Jeanne H\u00e9buterne - Primer borrador","description":"Pocas mujeres han alcanzado el hermoso magnetismo de Jeanne H\u00e9buterne, la pareja de Amedeo Modigliani, en la fibras de un lienzo.","robots":{"index":"index","follow":"follow","max-snippet":"max-snippet:-1","max-image-preview":"max-image-preview:large","max-video-preview":"max-video-preview:-1"},"canonical":"https:\/\/primerborrador.es\/index.php\/2025\/10\/03\/variaciones-sobre-un-retrato-de-jeanne-hebuterne\/","og_locale":"es_ES","og_type":"article","og_title":"Variaciones sobre un retrato de Jeanne H\u00e9buterne - Primer borrador","og_description":"Pocas mujeres han alcanzado el hermoso magnetismo de Jeanne H\u00e9buterne, la pareja de Amedeo Modigliani, en la fibras de un lienzo.","og_url":"https:\/\/primerborrador.es\/index.php\/2025\/10\/03\/variaciones-sobre-un-retrato-de-jeanne-hebuterne\/","og_site_name":"Primer borrador","article_published_time":"2025-10-03T04:11:13+00:00","article_modified_time":"2025-10-03T04:11:16+00:00","og_image":[{"width":1860,"height":1171,"url":"https:\/\/primerborrador.es\/wp-content\/uploads\/2025\/09\/EDT-Modigliani_-_Nu_couche.jpg","type":"image\/jpeg"}],"author":"Santiago P\u00e9rez","schema":{"@context":"https:\/\/schema.org","@graph":[{"@type":"Article","@id":"https:\/\/primerborrador.es\/index.php\/2025\/10\/03\/variaciones-sobre-un-retrato-de-jeanne-hebuterne\/#article","isPartOf":{"@id":"https:\/\/primerborrador.es\/index.php\/2025\/10\/03\/variaciones-sobre-un-retrato-de-jeanne-hebuterne\/"},"author":{"name":"Santiago P\u00e9rez","@id":"https:\/\/primerborrador.es\/#\/schema\/person\/39b8af43fb1e2774f05a0812a8f21bbc"},"headline":"Variaciones sobre un retrato de Jeanne H\u00e9buterne","datePublished":"2025-10-03T04:11:13+00:00","dateModified":"2025-10-03T04:11:16+00:00","mainEntityOfPage":{"@id":"https:\/\/primerborrador.es\/index.php\/2025\/10\/03\/variaciones-sobre-un-retrato-de-jeanne-hebuterne\/"},"wordCount":1045,"commentCount":0,"publisher":{"@id":"https:\/\/primerborrador.es\/#\/schema\/person\/39b8af43fb1e2774f05a0812a8f21bbc"},"image":{"@id":"https:\/\/primerborrador.es\/index.php\/2025\/10\/03\/variaciones-sobre-un-retrato-de-jeanne-hebuterne\/#primaryimage"},"thumbnailUrl":"https:\/\/primerborrador.es\/wp-content\/uploads\/2025\/09\/EDT-Modigliani_-_Nu_couche.jpg","keywords":["Amedeo-Modigliani","Jeanne-H\u00e9buterne"],"articleSection":["Arte"],"inLanguage":"es","potentialAction":[{"@type":"CommentAction","name":"Comment","target":["https:\/\/primerborrador.es\/index.php\/2025\/10\/03\/variaciones-sobre-un-retrato-de-jeanne-hebuterne\/#respond"]}]},{"@type":"WebPage","@id":"https:\/\/primerborrador.es\/index.php\/2025\/10\/03\/variaciones-sobre-un-retrato-de-jeanne-hebuterne\/","url":"https:\/\/primerborrador.es\/index.php\/2025\/10\/03\/variaciones-sobre-un-retrato-de-jeanne-hebuterne\/","name":"Variaciones sobre un retrato de Jeanne H\u00e9buterne - Primer borrador","isPartOf":{"@id":"https:\/\/primerborrador.es\/#website"},"primaryImageOfPage":{"@id":"https:\/\/primerborrador.es\/index.php\/2025\/10\/03\/variaciones-sobre-un-retrato-de-jeanne-hebuterne\/#primaryimage"},"image":{"@id":"https:\/\/primerborrador.es\/index.php\/2025\/10\/03\/variaciones-sobre-un-retrato-de-jeanne-hebuterne\/#primaryimage"},"thumbnailUrl":"https:\/\/primerborrador.es\/wp-content\/uploads\/2025\/09\/EDT-Modigliani_-_Nu_couche.jpg","datePublished":"2025-10-03T04:11:13+00:00","dateModified":"2025-10-03T04:11:16+00:00","description":"Pocas mujeres han alcanzado el hermoso magnetismo de Jeanne H\u00e9buterne, la pareja de Amedeo Modigliani, en la fibras de un lienzo.","breadcrumb":{"@id":"https:\/\/primerborrador.es\/index.php\/2025\/10\/03\/variaciones-sobre-un-retrato-de-jeanne-hebuterne\/#breadcrumb"},"inLanguage":"es","potentialAction":[{"@type":"ReadAction","target":["https:\/\/primerborrador.es\/index.php\/2025\/10\/03\/variaciones-sobre-un-retrato-de-jeanne-hebuterne\/"]}]},{"@type":"ImageObject","inLanguage":"es","@id":"https:\/\/primerborrador.es\/index.php\/2025\/10\/03\/variaciones-sobre-un-retrato-de-jeanne-hebuterne\/#primaryimage","url":"https:\/\/primerborrador.es\/wp-content\/uploads\/2025\/09\/EDT-Modigliani_-_Nu_couche.jpg","contentUrl":"https:\/\/primerborrador.es\/wp-content\/uploads\/2025\/09\/EDT-Modigliani_-_Nu_couche.jpg","width":1860,"height":1171,"caption":"Imagen de la obra Nu couche de Amedeo Modigliani"},{"@type":"BreadcrumbList","@id":"https:\/\/primerborrador.es\/index.php\/2025\/10\/03\/variaciones-sobre-un-retrato-de-jeanne-hebuterne\/#breadcrumb","itemListElement":[{"@type":"ListItem","position":1,"name":"Home","item":"https:\/\/primerborrador.es\/"},{"@type":"ListItem","position":2,"name":"Variaciones sobre un retrato de Jeanne H\u00e9buterne"}]},{"@type":"WebSite","@id":"https:\/\/primerborrador.es\/#website","url":"https:\/\/primerborrador.es\/","name":"Primer borrador","description":"Revista mensual de arte, literatura y jazz","publisher":{"@id":"https:\/\/primerborrador.es\/#\/schema\/person\/39b8af43fb1e2774f05a0812a8f21bbc"},"potentialAction":[{"@type":"SearchAction","target":{"@type":"EntryPoint","urlTemplate":"https:\/\/primerborrador.es\/?s={search_term_string}"},"query-input":{"@type":"PropertyValueSpecification","valueRequired":true,"valueName":"search_term_string"}}],"inLanguage":"es"},{"@type":["Person","Organization"],"@id":"https:\/\/primerborrador.es\/#\/schema\/person\/39b8af43fb1e2774f05a0812a8f21bbc","name":"Santiago P\u00e9rez","image":{"@type":"ImageObject","inLanguage":"es","@id":"https:\/\/primerborrador.es\/wp-content\/uploads\/2021\/02\/cropped-feather1-e1621103417910.png","url":"https:\/\/primerborrador.es\/wp-content\/uploads\/2021\/02\/cropped-feather1-e1621103417910.png","contentUrl":"https:\/\/primerborrador.es\/wp-content\/uploads\/2021\/02\/cropped-feather1-e1621103417910.png","width":256,"height":256,"caption":"Santiago P\u00e9rez"},"logo":{"@id":"https:\/\/primerborrador.es\/wp-content\/uploads\/2021\/02\/cropped-feather1-e1621103417910.png"},"description":"Periodista. Escribo, desde Cadiz, sobre lo que me interesa: arte contempor\u00e1neo, literatura y m\u00fasica. Creo en la libertad de contar. Y tambi\u00e9n en la de elegir lo que quiero y no quiero leer.","sameAs":["https:\/\/primerborrador.es"],"url":"https:\/\/primerborrador.es\/index.php\/author\/santiagomperezm\/"}]}},"_links":{"self":[{"href":"https:\/\/primerborrador.es\/index.php\/wp-json\/wp\/v2\/posts\/4821","targetHints":{"allow":["GET"]}}],"collection":[{"href":"https:\/\/primerborrador.es\/index.php\/wp-json\/wp\/v2\/posts"}],"about":[{"href":"https:\/\/primerborrador.es\/index.php\/wp-json\/wp\/v2\/types\/post"}],"author":[{"embeddable":true,"href":"https:\/\/primerborrador.es\/index.php\/wp-json\/wp\/v2\/users\/1"}],"replies":[{"embeddable":true,"href":"https:\/\/primerborrador.es\/index.php\/wp-json\/wp\/v2\/comments?post=4821"}],"version-history":[{"count":0,"href":"https:\/\/primerborrador.es\/index.php\/wp-json\/wp\/v2\/posts\/4821\/revisions"}],"wp:featuredmedia":[{"embeddable":true,"href":"https:\/\/primerborrador.es\/index.php\/wp-json\/wp\/v2\/media\/4823"}],"wp:attachment":[{"href":"https:\/\/primerborrador.es\/index.php\/wp-json\/wp\/v2\/media?parent=4821"}],"wp:term":[{"taxonomy":"category","embeddable":true,"href":"https:\/\/primerborrador.es\/index.php\/wp-json\/wp\/v2\/categories?post=4821"},{"taxonomy":"post_tag","embeddable":true,"href":"https:\/\/primerborrador.es\/index.php\/wp-json\/wp\/v2\/tags?post=4821"}],"curies":[{"name":"wp","href":"https:\/\/api.w.org\/{rel}","templated":true}]}}