{"id":4505,"date":"2025-06-03T13:27:19","date_gmt":"2025-06-03T11:27:19","guid":{"rendered":"https:\/\/primerborrador.es\/?p=4505"},"modified":"2026-05-02T20:34:46","modified_gmt":"2026-05-02T18:34:46","slug":"pedro-macias-disfruto-con-la-pintura-experimental","status":"publish","type":"post","link":"https:\/\/primerborrador.es\/index.php\/2025\/06\/03\/pedro-macias-disfruto-con-la-pintura-experimental\/","title":{"rendered":"Pedro Mac\u00edas: \u201cDisfruto con la pintura experimental\u201d"},"content":{"rendered":"\n<p class=\"wp-block-paragraph\">Pedro Mac\u00edas (C\u00e1diz, 1957) es restaurador de obras de arte y tambi\u00e9n pintor. Merodea los l\u00edmites de la creaci\u00f3n art\u00edstica, a ver si puede definirlos y superarlos. Es la forma de trabajar que suelen tener los artistas cuando han alcanzado la excelencia t\u00e9cnica.<\/p>\n\n\n\n<p class=\"wp-block-paragraph\">\u00c9l no lo dice, pero cualquiera que vea <a href=\"https:\/\/www.instagram.com\/pedromacias_art\/\" target=\"_blank\" rel=\"noreferrer noopener\">sus obras<\/a> se dar\u00e1 cuenta de la maestr\u00eda que hay en ellas. En sus cuadros m\u00e1s personales la pintura deja de ser representaci\u00f3n para convertirse en creaci\u00f3n.<\/p>\n\n\n\n<p class=\"wp-block-paragraph\">Pueden comprobarlo personalmente en la exposici\u00f3n <em>Viaje del d\u00eda hacia la noche (Paisajes y vestigios) <\/em>organizada por el galerista Alfonso Arenas en Espacio Uno de San Fernando (C\u00e1diz).<\/p>\n\n\n\n<h4 class=\"wp-block-heading\">Siempre hay algo m\u00e1s all\u00e1<\/h4>\n\n\n\n<p class=\"wp-block-paragraph\">El t\u00edtulo, explica el pintor en esta entrevista, es idea del galerista, e indica los dos tipos de obras que pueden verse en la sala: por un lado acuarelas que reflejan la luminosidad y el color de C\u00e1diz con esa frescura que tiene el vino joven.<\/p>\n\n\n\n<figure class=\"wp-block-embed aligncenter is-type-video is-provider-youtube wp-block-embed-youtube wp-embed-aspect-16-9 wp-has-aspect-ratio\"><div class=\"wp-block-embed__wrapper\">\n<div class=\"nv-iframe-embed\"><iframe loading=\"lazy\" title=\"Pedro Mac\u00edas, pintor y restaurador: &quot;Disfruto con la pintura experimental&quot;\" width=\"1200\" height=\"675\" src=\"https:\/\/www.youtube.com\/embed\/25eFtjErCfw?feature=oembed\" frameborder=\"0\" allow=\"accelerometer; autoplay; clipboard-write; encrypted-media; gyroscope; picture-in-picture; web-share\" referrerpolicy=\"strict-origin-when-cross-origin\" allowfullscreen><\/iframe><\/div>\n<\/div><\/figure>\n\n\n\n<div style=\"height:22px\" aria-hidden=\"true\" class=\"wp-block-spacer\"><\/div>\n\n\n\n<p class=\"wp-block-paragraph\">En la obra banda, tambi\u00e9n acuarelas, oscuras y profundas, maduradas despu\u00e9s de mucho tiempo de reposo, observaci\u00f3n, experimentaci\u00f3n \u2013vuelta a empezar\u2013 reposo, observaci\u00f3n experimentaci\u00f3n\u2026 como los vinos a\u00f1ejos.<\/p>\n\n\n\n<p class=\"wp-block-paragraph\">En la conversaci\u00f3n transmite una profesionalidad labrada a fuerza de pr\u00e1ctica y aprendizaje durante muchos a\u00f1os. Por ejemplo, sabe qu\u00e9 es lo que mejor funciona en el mercado art\u00edstico en C\u00e1diz, las acuarelas. Y algunas sigue haci\u00e9ndolas, pese al cansancio del tema y la repetici\u00f3n, porque se venden muy bien. Eso es profesionalidad.<\/p>\n\n\n\n<p class=\"wp-block-paragraph\">Y al mismo tiempo, cuando habla de las horas pasadas en el estudio, se adivina en sus palabras una curiosidad apasionada, la b\u00fasqueda de una expresi\u00f3n diferente y personal: \u201cDisfruto con la pintura experimental\u201d, asegura, e intenta llevar su b\u00fasqueda al l\u00edmite, \u201cpero siempre hay algo m\u00e1s all\u00e1\u201d, a\u00f1ade.<\/p>\n\n\n\n<h4 class=\"wp-block-heading\">De la restauraci\u00f3n a la creaci\u00f3n<\/h4>\n\n\n\n<p class=\"wp-block-paragraph\">Y experimenta desde el conocimiento t\u00e9cnico obtenido tras d\u00e9cadas de trabajo como restaurador en los que ha puesto su mano sanadora en obras magistrales como <a href=\"https:\/\/www.diariodecadiz.es\/cadiz\/conferencia-maqueta-Cadiz-Museo-Cortes_0_1909310381.html\" target=\"_blank\" rel=\"noreferrer noopener nofollow\">la maqueta de C\u00e1diz<\/a>, en restos arqueol\u00f3gicos como los hornos p\u00fanicos de San Fernando, o en obras de arte contempor\u00e1neo que tambi\u00e9n se ocupa de restaurar cuando la ocasi\u00f3n lo merece.<\/p>\n\n\n\n<p class=\"wp-block-paragraph\">Ya dibujaba de ni\u00f1o, una afici\u00f3n que le inculc\u00f3 su padre, y luego en la escuela, con maestros que a\u00fan recuerda como Celso Escanilla, primero, o despu\u00e9s en la Escuela de Bellas Artes de C\u00e1diz o en la Facultad de Bellas Artes de Sevilla: Mar\u00eda Pem\u00e1n, Mar\u00eda Dolores Aiza o Alfonso Berraquero.<\/p>\n\n\n\n<p class=\"wp-block-paragraph\">Y despu\u00e9s de los estudios, la dedicaci\u00f3n profesional como restaurador y pintor.<\/p>\n\n\n\n<p class=\"wp-block-paragraph\">Su trayecto creativo empieza por el academicismo de sus primeros a\u00f1os, en los que domina el dibujo, tambi\u00e9n el dibujo t\u00e9cnico al que ha dedicado parte de su labor profesional.<\/p>\n\n\n\n<h4 class=\"wp-block-heading\">Haya paz<\/h4>\n\n\n\n<p class=\"wp-block-paragraph\">No le pesa no haber hecho muchas exposiciones individuales en todos los a\u00f1os que lleva dedicado al arte, aunque su obra s\u00ed ha estado presente en exposiciones colectivas en diferentes lugares de Espa\u00f1a y Portugal.<\/p>\n\n\n\n<p class=\"wp-block-paragraph\">Met\u00f3dico (guarda una ficha con el proceso al que somete a cada cuadro) y paciente (puede esperar a\u00f1os a que se consolide una obra), le gustar\u00eda que sus creaciones transmitiesen paz y sosiego.<\/p>\n\n\n\n<p class=\"wp-block-paragraph\">\u201cYo lo que quiero expresar es una sensaci\u00f3n de tranquilidad, de calma, que es una cosa muy necesaria en estos momentos que vivimos\u201d, dice. Y sabe, por algunos de sus admiradores que su obra produce esa sensaci\u00f3n, tanto si se trata de una acuarela de la Catedral como de un barco en la oscuridad de la noche.<\/p>\n\n\n\n<p class=\"wp-block-paragraph\">\u201cEsto, aparte de una exposici\u00f3n, es una experiencia para m\u00ed. Yo no suelo exponer, pero quiero saber la opini\u00f3n de los visitantes\u201d. Y con esa idea, se suma tambi\u00e9n a esa tendencia contempor\u00e1nea de hacer visitas guiadas a las exposiciones que favorecen el contacto entre creadores y p\u00fablico.<\/p>\n\n\n\n<p class=\"has-background wp-block-paragraph\" style=\"background:linear-gradient(135deg,rgb(238,238,238) 0%,rgb(169,184,195) 41%)\"><strong>Exposici\u00f3n <\/strong><em><strong>Pedro Mac\u00edas. Viaje del d\u00eda hacia la noche (Paisajes y vestigios)<\/strong><\/em><br>Galer\u00eda Espacio-Uno. Calle Real, 128. San Fernando (C\u00e1diz).<br>Hasta el 24 de junio.<br>Horario: lunes a s\u00e1bado de 18:30 a 21:00 horas.<br>Cita previa: whatsapp 654 900 078<\/p>\n\n\n\n<hr class=\"wp-block-separator has-alpha-channel-opacity\"\/>\n\n\n\n<p class=\"wp-block-paragraph\">Para recibir nuestros reportajes y otras sugerencias, suscr\u00edbete a la newsletter quincenal \ud83d\udc47\ud83c\udffb<\/p>\n\n\n\n<div style=\"display: flex; justify-content: center; margin: 20px 0;\">\n  <iframe loading=\"lazy\" src=\"https:\/\/primerborradores.substack.com\/embed\" width=\"480\" height=\"320\" style=\"border: 1px solid #EEE; background: white\" frameborder=\"0\" scrolling=\"no\"><\/iframe><\/iframe>\n<\/div>\n","protected":false},"excerpt":{"rendered":"<p>Pedro Mac\u00edas (C\u00e1diz, 1957) es restaurador de obras de arte y tambi\u00e9n pintor. Merodea los l\u00edmites de la creaci\u00f3n art\u00edstica, a ver si puede definirlos y superarlos. Es la forma de trabajar que suelen tener los artistas cuando han alcanzado la excelencia t\u00e9cnica. \u00c9l no lo dice, pero cualquiera que vea sus obras se dar\u00e1&hellip;&nbsp;<a href=\"https:\/\/primerborrador.es\/index.php\/2025\/06\/03\/pedro-macias-disfruto-con-la-pintura-experimental\/\" rel=\"bookmark\">Leer m\u00e1s &raquo;<span class=\"screen-reader-text\">Pedro Mac\u00edas: \u201cDisfruto con la pintura experimental\u201d<\/span><\/a><\/p>\n","protected":false},"author":1,"featured_media":4506,"comment_status":"open","ping_status":"closed","sticky":false,"template":"","format":"standard","meta":{"neve_meta_sidebar":"","neve_meta_container":"","neve_meta_enable_content_width":"","neve_meta_content_width":0,"neve_meta_title_alignment":"","neve_meta_author_avatar":"","neve_post_elements_order":"","neve_meta_disable_header":"","neve_meta_disable_footer":"","neve_meta_disable_title":"","_ayudawp_aiss_exclude":false,"_ayudawp_aiss_exclude_summary":false,"_ayudawp_aiss_summary":"","_ayudawp_aiss_summary_provider":"","_ayudawp_aiss_summary_hash":"","footnotes":""},"categories":[11,5],"tags":[118,167,745],"class_list":["post-4505","post","type-post","status-publish","format-standard","has-post-thumbnail","hentry","category-arte","category-entrevistas","tag-acuarelas","tag-artecadiz","tag-pedro-macias"],"yoast_head":"<!-- This site is optimized with the Yoast SEO plugin v28.3 - https:\/\/yoast.com\/product\/yoast-seo-wordpress\/ -->\n<title>Pedro Mac\u00edas: \u201cDisfruto con la pintura experimental\u201d - Primer borrador<\/title>\n<meta name=\"description\" content=\"Entrevista con Pedro Mac\u00edas (C\u00e1diz, 1957) restaurador de obras de arte y pintor con motivo de la exposici\u00f3n &quot;Viaje del d\u00eda hacia la noche&quot;.\" \/>\n<meta name=\"robots\" content=\"index, follow, max-snippet:-1, max-image-preview:large, max-video-preview:-1\" \/>\n<link rel=\"canonical\" href=\"https:\/\/primerborrador.es\/index.php\/2025\/06\/03\/pedro-macias-disfruto-con-la-pintura-experimental\/\" \/>\n<meta property=\"og:locale\" content=\"es_ES\" \/>\n<meta property=\"og:type\" content=\"article\" \/>\n<meta property=\"og:title\" content=\"Pedro Mac\u00edas: \u201cDisfruto con la pintura experimental\u201d - Primer borrador\" \/>\n<meta property=\"og:description\" content=\"Entrevista con Pedro Mac\u00edas (C\u00e1diz, 1957) restaurador de obras de arte y pintor con motivo de la exposici\u00f3n &quot;Viaje del d\u00eda hacia la noche&quot;.\" \/>\n<meta property=\"og:url\" content=\"https:\/\/primerborrador.es\/index.php\/2025\/06\/03\/pedro-macias-disfruto-con-la-pintura-experimental\/\" \/>\n<meta property=\"og:site_name\" content=\"Primer borrador\" \/>\n<meta property=\"article:published_time\" content=\"2025-06-03T11:27:19+00:00\" \/>\n<meta property=\"article:modified_time\" content=\"2026-05-02T18:34:46+00:00\" \/>\n<meta property=\"og:image\" content=\"https:\/\/primerborrador.es\/wp-content\/uploads\/2025\/05\/Pedro-Macia-portada.jpg\" \/>\n\t<meta property=\"og:image:width\" content=\"1860\" \/>\n\t<meta property=\"og:image:height\" content=\"1260\" \/>\n\t<meta property=\"og:image:type\" content=\"image\/jpeg\" \/>\n<meta name=\"author\" content=\"Santiago P\u00e9rez\" \/>\n<script type=\"application\/ld+json\" class=\"yoast-schema-graph\">{\"@context\":\"https:\\\/\\\/schema.org\",\"@graph\":[{\"@type\":\"Article\",\"@id\":\"https:\\\/\\\/primerborrador.es\\\/index.php\\\/2025\\\/06\\\/03\\\/pedro-macias-disfruto-con-la-pintura-experimental\\\/#article\",\"isPartOf\":{\"@id\":\"https:\\\/\\\/primerborrador.es\\\/index.php\\\/2025\\\/06\\\/03\\\/pedro-macias-disfruto-con-la-pintura-experimental\\\/\"},\"author\":{\"name\":\"Santiago P\u00e9rez\",\"@id\":\"https:\\\/\\\/primerborrador.es\\\/#\\\/schema\\\/person\\\/39b8af43fb1e2774f05a0812a8f21bbc\"},\"headline\":\"Pedro Mac\u00edas: \u201cDisfruto con la pintura experimental\u201d\",\"datePublished\":\"2025-06-03T11:27:19+00:00\",\"dateModified\":\"2026-05-02T18:34:46+00:00\",\"mainEntityOfPage\":{\"@id\":\"https:\\\/\\\/primerborrador.es\\\/index.php\\\/2025\\\/06\\\/03\\\/pedro-macias-disfruto-con-la-pintura-experimental\\\/\"},\"wordCount\":753,\"commentCount\":0,\"publisher\":{\"@id\":\"https:\\\/\\\/primerborrador.es\\\/#\\\/schema\\\/person\\\/39b8af43fb1e2774f05a0812a8f21bbc\"},\"image\":{\"@id\":\"https:\\\/\\\/primerborrador.es\\\/index.php\\\/2025\\\/06\\\/03\\\/pedro-macias-disfruto-con-la-pintura-experimental\\\/#primaryimage\"},\"thumbnailUrl\":\"https:\\\/\\\/primerborrador.es\\\/wp-content\\\/uploads\\\/2025\\\/05\\\/Pedro-Macia-portada.jpg\",\"keywords\":[\"acuarelas\",\"artecadiz\",\"pedro-mac\u00edas\"],\"articleSection\":[\"Arte\",\"Entrevistas\"],\"inLanguage\":\"es\",\"potentialAction\":[{\"@type\":\"CommentAction\",\"name\":\"Comment\",\"target\":[\"https:\\\/\\\/primerborrador.es\\\/index.php\\\/2025\\\/06\\\/03\\\/pedro-macias-disfruto-con-la-pintura-experimental\\\/#respond\"]}]},{\"@type\":\"WebPage\",\"@id\":\"https:\\\/\\\/primerborrador.es\\\/index.php\\\/2025\\\/06\\\/03\\\/pedro-macias-disfruto-con-la-pintura-experimental\\\/\",\"url\":\"https:\\\/\\\/primerborrador.es\\\/index.php\\\/2025\\\/06\\\/03\\\/pedro-macias-disfruto-con-la-pintura-experimental\\\/\",\"name\":\"Pedro Mac\u00edas: \u201cDisfruto con la pintura experimental\u201d - Primer borrador\",\"isPartOf\":{\"@id\":\"https:\\\/\\\/primerborrador.es\\\/#website\"},\"primaryImageOfPage\":{\"@id\":\"https:\\\/\\\/primerborrador.es\\\/index.php\\\/2025\\\/06\\\/03\\\/pedro-macias-disfruto-con-la-pintura-experimental\\\/#primaryimage\"},\"image\":{\"@id\":\"https:\\\/\\\/primerborrador.es\\\/index.php\\\/2025\\\/06\\\/03\\\/pedro-macias-disfruto-con-la-pintura-experimental\\\/#primaryimage\"},\"thumbnailUrl\":\"https:\\\/\\\/primerborrador.es\\\/wp-content\\\/uploads\\\/2025\\\/05\\\/Pedro-Macia-portada.jpg\",\"datePublished\":\"2025-06-03T11:27:19+00:00\",\"dateModified\":\"2026-05-02T18:34:46+00:00\",\"description\":\"Entrevista con Pedro Mac\u00edas (C\u00e1diz, 1957) restaurador de obras de arte y pintor con motivo de la exposici\u00f3n \\\"Viaje del d\u00eda hacia la noche\\\".\",\"breadcrumb\":{\"@id\":\"https:\\\/\\\/primerborrador.es\\\/index.php\\\/2025\\\/06\\\/03\\\/pedro-macias-disfruto-con-la-pintura-experimental\\\/#breadcrumb\"},\"inLanguage\":\"es\",\"potentialAction\":[{\"@type\":\"ReadAction\",\"target\":[\"https:\\\/\\\/primerborrador.es\\\/index.php\\\/2025\\\/06\\\/03\\\/pedro-macias-disfruto-con-la-pintura-experimental\\\/\"]}]},{\"@type\":\"ImageObject\",\"inLanguage\":\"es\",\"@id\":\"https:\\\/\\\/primerborrador.es\\\/index.php\\\/2025\\\/06\\\/03\\\/pedro-macias-disfruto-con-la-pintura-experimental\\\/#primaryimage\",\"url\":\"https:\\\/\\\/primerborrador.es\\\/wp-content\\\/uploads\\\/2025\\\/05\\\/Pedro-Macia-portada.jpg\",\"contentUrl\":\"https:\\\/\\\/primerborrador.es\\\/wp-content\\\/uploads\\\/2025\\\/05\\\/Pedro-Macia-portada.jpg\",\"width\":1860,\"height\":1260,\"caption\":\"Imagen de la exposici\u00f3n de Pedro Mac\u00edas\"},{\"@type\":\"BreadcrumbList\",\"@id\":\"https:\\\/\\\/primerborrador.es\\\/index.php\\\/2025\\\/06\\\/03\\\/pedro-macias-disfruto-con-la-pintura-experimental\\\/#breadcrumb\",\"itemListElement\":[{\"@type\":\"ListItem\",\"position\":1,\"name\":\"Home\",\"item\":\"https:\\\/\\\/primerborrador.es\\\/\"},{\"@type\":\"ListItem\",\"position\":2,\"name\":\"Pedro Mac\u00edas: \u201cDisfruto con la pintura experimental\u201d\"}]},{\"@type\":\"WebSite\",\"@id\":\"https:\\\/\\\/primerborrador.es\\\/#website\",\"url\":\"https:\\\/\\\/primerborrador.es\\\/\",\"name\":\"Primer borrador\",\"description\":\"Revista mensual de arte, literatura y jazz\",\"publisher\":{\"@id\":\"https:\\\/\\\/primerborrador.es\\\/#\\\/schema\\\/person\\\/39b8af43fb1e2774f05a0812a8f21bbc\"},\"potentialAction\":[{\"@type\":\"SearchAction\",\"target\":{\"@type\":\"EntryPoint\",\"urlTemplate\":\"https:\\\/\\\/primerborrador.es\\\/?s={search_term_string}\"},\"query-input\":{\"@type\":\"PropertyValueSpecification\",\"valueRequired\":true,\"valueName\":\"search_term_string\"}}],\"inLanguage\":\"es\"},{\"@type\":[\"Person\",\"Organization\"],\"@id\":\"https:\\\/\\\/primerborrador.es\\\/#\\\/schema\\\/person\\\/39b8af43fb1e2774f05a0812a8f21bbc\",\"name\":\"Santiago P\u00e9rez\",\"image\":{\"@type\":\"ImageObject\",\"inLanguage\":\"es\",\"@id\":\"https:\\\/\\\/primerborrador.es\\\/wp-content\\\/uploads\\\/2021\\\/02\\\/cropped-feather1-e1621103417910.png\",\"url\":\"https:\\\/\\\/primerborrador.es\\\/wp-content\\\/uploads\\\/2021\\\/02\\\/cropped-feather1-e1621103417910.png\",\"contentUrl\":\"https:\\\/\\\/primerborrador.es\\\/wp-content\\\/uploads\\\/2021\\\/02\\\/cropped-feather1-e1621103417910.png\",\"width\":256,\"height\":256,\"caption\":\"Santiago P\u00e9rez\"},\"logo\":{\"@id\":\"https:\\\/\\\/primerborrador.es\\\/wp-content\\\/uploads\\\/2021\\\/02\\\/cropped-feather1-e1621103417910.png\"},\"description\":\"Periodista. Escribo, desde Cadiz, sobre lo que me interesa: arte contempor\u00e1neo, literatura y m\u00fasica. Creo en la libertad de contar. Y tambi\u00e9n en la de elegir lo que quiero y no quiero leer.\",\"sameAs\":[\"https:\\\/\\\/primerborrador.es\"],\"url\":\"https:\\\/\\\/primerborrador.es\\\/index.php\\\/author\\\/santiagomperezm\\\/\"}]}<\/script>\n<!-- \/ Yoast SEO plugin. -->","yoast_head_json":{"title":"Pedro Mac\u00edas: \u201cDisfruto con la pintura experimental\u201d - Primer borrador","description":"Entrevista con Pedro Mac\u00edas (C\u00e1diz, 1957) restaurador de obras de arte y pintor con motivo de la exposici\u00f3n \"Viaje del d\u00eda hacia la noche\".","robots":{"index":"index","follow":"follow","max-snippet":"max-snippet:-1","max-image-preview":"max-image-preview:large","max-video-preview":"max-video-preview:-1"},"canonical":"https:\/\/primerborrador.es\/index.php\/2025\/06\/03\/pedro-macias-disfruto-con-la-pintura-experimental\/","og_locale":"es_ES","og_type":"article","og_title":"Pedro Mac\u00edas: \u201cDisfruto con la pintura experimental\u201d - Primer borrador","og_description":"Entrevista con Pedro Mac\u00edas (C\u00e1diz, 1957) restaurador de obras de arte y pintor con motivo de la exposici\u00f3n \"Viaje del d\u00eda hacia la noche\".","og_url":"https:\/\/primerborrador.es\/index.php\/2025\/06\/03\/pedro-macias-disfruto-con-la-pintura-experimental\/","og_site_name":"Primer borrador","article_published_time":"2025-06-03T11:27:19+00:00","article_modified_time":"2026-05-02T18:34:46+00:00","og_image":[{"width":1860,"height":1260,"url":"https:\/\/primerborrador.es\/wp-content\/uploads\/2025\/05\/Pedro-Macia-portada.jpg","type":"image\/jpeg"}],"author":"Santiago P\u00e9rez","schema":{"@context":"https:\/\/schema.org","@graph":[{"@type":"Article","@id":"https:\/\/primerborrador.es\/index.php\/2025\/06\/03\/pedro-macias-disfruto-con-la-pintura-experimental\/#article","isPartOf":{"@id":"https:\/\/primerborrador.es\/index.php\/2025\/06\/03\/pedro-macias-disfruto-con-la-pintura-experimental\/"},"author":{"name":"Santiago P\u00e9rez","@id":"https:\/\/primerborrador.es\/#\/schema\/person\/39b8af43fb1e2774f05a0812a8f21bbc"},"headline":"Pedro Mac\u00edas: \u201cDisfruto con la pintura experimental\u201d","datePublished":"2025-06-03T11:27:19+00:00","dateModified":"2026-05-02T18:34:46+00:00","mainEntityOfPage":{"@id":"https:\/\/primerborrador.es\/index.php\/2025\/06\/03\/pedro-macias-disfruto-con-la-pintura-experimental\/"},"wordCount":753,"commentCount":0,"publisher":{"@id":"https:\/\/primerborrador.es\/#\/schema\/person\/39b8af43fb1e2774f05a0812a8f21bbc"},"image":{"@id":"https:\/\/primerborrador.es\/index.php\/2025\/06\/03\/pedro-macias-disfruto-con-la-pintura-experimental\/#primaryimage"},"thumbnailUrl":"https:\/\/primerborrador.es\/wp-content\/uploads\/2025\/05\/Pedro-Macia-portada.jpg","keywords":["acuarelas","artecadiz","pedro-mac\u00edas"],"articleSection":["Arte","Entrevistas"],"inLanguage":"es","potentialAction":[{"@type":"CommentAction","name":"Comment","target":["https:\/\/primerborrador.es\/index.php\/2025\/06\/03\/pedro-macias-disfruto-con-la-pintura-experimental\/#respond"]}]},{"@type":"WebPage","@id":"https:\/\/primerborrador.es\/index.php\/2025\/06\/03\/pedro-macias-disfruto-con-la-pintura-experimental\/","url":"https:\/\/primerborrador.es\/index.php\/2025\/06\/03\/pedro-macias-disfruto-con-la-pintura-experimental\/","name":"Pedro Mac\u00edas: \u201cDisfruto con la pintura experimental\u201d - Primer borrador","isPartOf":{"@id":"https:\/\/primerborrador.es\/#website"},"primaryImageOfPage":{"@id":"https:\/\/primerborrador.es\/index.php\/2025\/06\/03\/pedro-macias-disfruto-con-la-pintura-experimental\/#primaryimage"},"image":{"@id":"https:\/\/primerborrador.es\/index.php\/2025\/06\/03\/pedro-macias-disfruto-con-la-pintura-experimental\/#primaryimage"},"thumbnailUrl":"https:\/\/primerborrador.es\/wp-content\/uploads\/2025\/05\/Pedro-Macia-portada.jpg","datePublished":"2025-06-03T11:27:19+00:00","dateModified":"2026-05-02T18:34:46+00:00","description":"Entrevista con Pedro Mac\u00edas (C\u00e1diz, 1957) restaurador de obras de arte y pintor con motivo de la exposici\u00f3n \"Viaje del d\u00eda hacia la noche\".","breadcrumb":{"@id":"https:\/\/primerborrador.es\/index.php\/2025\/06\/03\/pedro-macias-disfruto-con-la-pintura-experimental\/#breadcrumb"},"inLanguage":"es","potentialAction":[{"@type":"ReadAction","target":["https:\/\/primerborrador.es\/index.php\/2025\/06\/03\/pedro-macias-disfruto-con-la-pintura-experimental\/"]}]},{"@type":"ImageObject","inLanguage":"es","@id":"https:\/\/primerborrador.es\/index.php\/2025\/06\/03\/pedro-macias-disfruto-con-la-pintura-experimental\/#primaryimage","url":"https:\/\/primerborrador.es\/wp-content\/uploads\/2025\/05\/Pedro-Macia-portada.jpg","contentUrl":"https:\/\/primerborrador.es\/wp-content\/uploads\/2025\/05\/Pedro-Macia-portada.jpg","width":1860,"height":1260,"caption":"Imagen de la exposici\u00f3n de Pedro Mac\u00edas"},{"@type":"BreadcrumbList","@id":"https:\/\/primerborrador.es\/index.php\/2025\/06\/03\/pedro-macias-disfruto-con-la-pintura-experimental\/#breadcrumb","itemListElement":[{"@type":"ListItem","position":1,"name":"Home","item":"https:\/\/primerborrador.es\/"},{"@type":"ListItem","position":2,"name":"Pedro Mac\u00edas: \u201cDisfruto con la pintura experimental\u201d"}]},{"@type":"WebSite","@id":"https:\/\/primerborrador.es\/#website","url":"https:\/\/primerborrador.es\/","name":"Primer borrador","description":"Revista mensual de arte, literatura y jazz","publisher":{"@id":"https:\/\/primerborrador.es\/#\/schema\/person\/39b8af43fb1e2774f05a0812a8f21bbc"},"potentialAction":[{"@type":"SearchAction","target":{"@type":"EntryPoint","urlTemplate":"https:\/\/primerborrador.es\/?s={search_term_string}"},"query-input":{"@type":"PropertyValueSpecification","valueRequired":true,"valueName":"search_term_string"}}],"inLanguage":"es"},{"@type":["Person","Organization"],"@id":"https:\/\/primerborrador.es\/#\/schema\/person\/39b8af43fb1e2774f05a0812a8f21bbc","name":"Santiago P\u00e9rez","image":{"@type":"ImageObject","inLanguage":"es","@id":"https:\/\/primerborrador.es\/wp-content\/uploads\/2021\/02\/cropped-feather1-e1621103417910.png","url":"https:\/\/primerborrador.es\/wp-content\/uploads\/2021\/02\/cropped-feather1-e1621103417910.png","contentUrl":"https:\/\/primerborrador.es\/wp-content\/uploads\/2021\/02\/cropped-feather1-e1621103417910.png","width":256,"height":256,"caption":"Santiago P\u00e9rez"},"logo":{"@id":"https:\/\/primerborrador.es\/wp-content\/uploads\/2021\/02\/cropped-feather1-e1621103417910.png"},"description":"Periodista. Escribo, desde Cadiz, sobre lo que me interesa: arte contempor\u00e1neo, literatura y m\u00fasica. Creo en la libertad de contar. Y tambi\u00e9n en la de elegir lo que quiero y no quiero leer.","sameAs":["https:\/\/primerborrador.es"],"url":"https:\/\/primerborrador.es\/index.php\/author\/santiagomperezm\/"}]}},"_links":{"self":[{"href":"https:\/\/primerborrador.es\/index.php\/wp-json\/wp\/v2\/posts\/4505","targetHints":{"allow":["GET"]}}],"collection":[{"href":"https:\/\/primerborrador.es\/index.php\/wp-json\/wp\/v2\/posts"}],"about":[{"href":"https:\/\/primerborrador.es\/index.php\/wp-json\/wp\/v2\/types\/post"}],"author":[{"embeddable":true,"href":"https:\/\/primerborrador.es\/index.php\/wp-json\/wp\/v2\/users\/1"}],"replies":[{"embeddable":true,"href":"https:\/\/primerborrador.es\/index.php\/wp-json\/wp\/v2\/comments?post=4505"}],"version-history":[{"count":1,"href":"https:\/\/primerborrador.es\/index.php\/wp-json\/wp\/v2\/posts\/4505\/revisions"}],"predecessor-version":[{"id":5214,"href":"https:\/\/primerborrador.es\/index.php\/wp-json\/wp\/v2\/posts\/4505\/revisions\/5214"}],"wp:featuredmedia":[{"embeddable":true,"href":"https:\/\/primerborrador.es\/index.php\/wp-json\/wp\/v2\/media\/4506"}],"wp:attachment":[{"href":"https:\/\/primerborrador.es\/index.php\/wp-json\/wp\/v2\/media?parent=4505"}],"wp:term":[{"taxonomy":"category","embeddable":true,"href":"https:\/\/primerborrador.es\/index.php\/wp-json\/wp\/v2\/categories?post=4505"},{"taxonomy":"post_tag","embeddable":true,"href":"https:\/\/primerborrador.es\/index.php\/wp-json\/wp\/v2\/tags?post=4505"}],"curies":[{"name":"wp","href":"https:\/\/api.w.org\/{rel}","templated":true}]}}