{"id":4332,"date":"2025-04-03T11:33:42","date_gmt":"2025-04-03T09:33:42","guid":{"rendered":"https:\/\/primerborrador.es\/?p=4332"},"modified":"2025-04-03T11:33:45","modified_gmt":"2025-04-03T09:33:45","slug":"el-primer-libro-de-poemas","status":"publish","type":"post","link":"https:\/\/primerborrador.es\/index.php\/2025\/04\/03\/el-primer-libro-de-poemas\/","title":{"rendered":"El primer libro de poemas"},"content":{"rendered":"\n<p class=\"wp-block-paragraph\">Recuerdo n\u00edtidamente el primer libro de poemas que compr\u00e9 en mi vida. Ese momento inici\u00e1tico cuya imagen, como una fotograf\u00eda que no envejece, regresa viva a la memoria, disparada con apenas <a href=\"https:\/\/caocultura.com\/la-flor-amarilla\/\" target=\"_blank\" rel=\"noreferrer noopener\">una sutil evocaci\u00f3n ajena<\/a>.<\/p>\n\n\n\n<p class=\"wp-block-paragraph\">Compr\u00e9 adem\u00e1s el libro equivocado. Me arrepent\u00ed en un primer momento, pero con los a\u00f1os he sabido apreciar mi error gracias a las bifurcaciones casi borgianas que supuso aquella adquisici\u00f3n.<\/p>\n\n\n\n<!--more-->\n\n\n\n<p class=\"wp-block-paragraph\">No sabr\u00eda decir con exactitud cu\u00e1l era mi edad entonces. Tampoco si fue un encargo del \u00faltimo curso de la EGB o del primer curso del bachillerato. Deduzco de esta duda que deber\u00eda tener entonces catorce a\u00f1os m\u00e1s o menos.<\/p>\n\n\n\n<h4 class=\"wp-block-heading\"><strong>Las cubiertas negras<\/strong><\/h4>\n\n\n\n<p class=\"wp-block-paragraph\">Estudi\u00e1bamos en clase a Federico Garc\u00eda Lorca y el profesor, o la profesora \u2013tampoco lo s\u00e9 ahora con exactitud\u2013 nos recomend\u00f3 comprar cualquiera de sus libros. Al d\u00eda siguiente, casi todos en clase aparecieron bien con el <em>Romancero Gitano, <\/em>bien con el <em>Poema del Cante Jondo<\/em> en sus manos.<\/p>\n\n\n\n<p class=\"wp-block-paragraph\">En aquellos primeros a\u00f1os de democracia (si yo ten\u00eda 14 a\u00f1os, lo que no puedo asegurarlo, deb\u00eda ser 1982) C\u00e1tedra publicaba, a\u00fan lo sigue haciendo ahora, unas bell\u00edsimas ediciones de bolsillo, con esas caracter\u00edsticas cubiertas negras, del poeta granadino.<\/p>\n\n\n\n<p class=\"wp-block-paragraph\">Casi todos mis compa\u00f1eros se hab\u00edan hecho con el ejemplar de c\u00e1tedra, cuyas cubiertas de cart\u00f3n couch\u00e9 refulg\u00edan bajo la luz del aula.<\/p>\n\n\n\n<p class=\"wp-block-paragraph\">Envidi\u00e9 no haber tenido la perspicacia de comprar uno de aquellos libros.<\/p>\n\n\n\n<h4 class=\"wp-block-heading\"><strong>El libro de poemas de Federico<\/strong><\/h4>\n\n\n\n<p class=\"wp-block-paragraph\">Ahora, con la edad, cuando hace a\u00f1os que he sido padre, pienso que tal vez no fueran mis compa\u00f1eros, sino sus padres o madres, quienes se acercaran a la librer\u00eda a cumplir la tarea escolar. Quien sabe.<\/p>\n\n\n\n<p class=\"wp-block-paragraph\">Yo le ped\u00ed el dinero a mi madre y me acerqu\u00e9 por mi propio pie hasta la librer\u00eda-papeler\u00eda (hoy su lugar en la Avenida de Andaluc\u00eda de C\u00e1diz lo ocupa una tienda de golosinas incrustada entre una farmacia y una tienda de material deportivo), donde nunca antes hab\u00eda entrado solo, sino acompa\u00f1ado por ella, a comprar material escolar.<\/p>\n\n\n\n<p class=\"wp-block-paragraph\">De modo que aquel acto que pudiera parecer trivial se convirti\u00f3, sin yo ser entonces consciente de ello, en la primera vez que compraba un libro yo solo. \u00bfSer\u00eda aquella una intenci\u00f3n a\u00f1adida del profesor? Estar\u00eda bien.<\/p>\n\n\n\n<p class=\"wp-block-paragraph\">Le ped\u00ed al librero \u201cun libro de poemas de Federico Garc\u00eda Lorca\u201d y el librero solo ten\u00eda (era una librer\u00eda-papeler\u00eda) ejemplares del <em>Libro de poemas <\/em>de Federico, en esa edici\u00f3n de puntitos rosados que editaba Espasa Calpe en la colecci\u00f3n Austral.<\/p>\n\n\n\n<h4 class=\"wp-block-heading\"><strong>Contrapunto jazz\u00edstico<\/strong><\/h4>\n\n\n\n<p class=\"wp-block-paragraph\">De modo que al d\u00eda siguiente en clase, en medio de tantas cubiertas negras y refulgentes de dos poemarios cumbre en la carrera de Federico, alzaba yo en mi mano el humilde y sencillo primer libro de poemas que hab\u00eda publicado el autor granadino, sus primeros escarceos con la palabra.<\/p>\n\n\n\n<p class=\"wp-block-paragraph\">Supongo que contribu\u00ed de alg\u00fan modo al conocimiento del poeta entre mis compa\u00f1eros dando la nota disonante de no llevar el mismo t\u00edtulo que llevaban todos. No lo s\u00e9, aunque bien podr\u00eda imaginarme unas cuantas historias que empezasen desde ah\u00ed.<\/p>\n\n\n\n<p class=\"wp-block-paragraph\">Ahora, sin embargo, me gustar\u00eda poder recordar a esos otros \u201cdisidentes\u201d que como yo, optaron por los m\u00e1rgenes de la mayor\u00eda; saber qui\u00e9nes eran esos pocos compa\u00f1eros que llevaron a clase ejemplares ya gastados de su libro de Federico, comprender que hab\u00edan envejecido previamente en las estanter\u00edas de su casa, donde la poes\u00eda no era tan solo la recomendaci\u00f3n de un maestro.<\/p>\n\n\n\n<p class=\"wp-block-paragraph\">Me enorgullece conservar todav\u00eda ese ejemplar del <em>Libro de poemas, <\/em>con mi nombre escrito en caligraf\u00eda infantil en las p\u00e1ginas de cortes\u00eda, el papel amarillo y las cubiertas encogidas en la burbuja de pl\u00e1stico del forro.<\/p>\n\n\n\n<p class=\"wp-block-paragraph\">Durante muchos a\u00f1os, sobre todo cuando ya ganaba dinero trabajando como periodista, quise comprar el <em>Romancero Gitano<\/em> y el <em>Poema del cante jondo, <\/em>pero siempre postergaba la decisi\u00f3n. Hasta que un d\u00eda lo hice. Y no fueron las ediciones de c\u00e1tedra, sino ejemplares de la Biblioteca Garc\u00eda Lorca, una colecci\u00f3n que Alianza editorial empez\u00f3 a publicar en 1998.<\/p>\n\n\n\n<h4 class=\"wp-block-heading\"><strong>Abril, mes de las letras<\/strong><\/h4>\n\n\n\n<p class=\"wp-block-paragraph\">Creo sinceramente que mi enquivocaci\u00f3n contribuy\u00f3 a que me interesara m\u00e1s por la obra de Garc\u00eda Lorca; a que mi concepci\u00f3n de la poes\u00eda sea la que es en estos momentos, cuando hace ya tiempo que traspas\u00e9 el primer siglo de vida.<\/p>\n\n\n\n<p class=\"wp-block-paragraph\">Escribo esto un 21 de marzo, D\u00eda Mundial de la Poes\u00eda, tras <a href=\"https:\/\/www.youtube.com\/live\/qHyZqBAeKi0?feature=shared\" target=\"_blank\" rel=\"noreferrer noopener nofollow\">haber asistido via youtube al homenaje<\/a> que poetas y amigos han rendido a \u00c1ngel Gonz\u00e1lez en el Instituto Cervantes de Madrid.<\/p>\n\n\n\n<p class=\"wp-block-paragraph\">El primer mes de la primavera es un mes singular para quienes nos dedicamos a las letras. (Recuerdo siempre el hermoso poema que Gregory Corso dedic\u00f3 a <em>La primavera <\/em>de Botticelli, para no olvidar que el arte es una fuente com\u00fan de muchas disciplinas creativas).<\/p>\n\n\n\n<p class=\"wp-block-paragraph\">Empieza con este D\u00eda Mundial de la Poes\u00eda y durante todo un mes va bullendo, conforme se eleva el arco del sol, hasta ese d\u00eda grande dedicado al libro, el 23 de abril, y a Don Miguel de Cervantes, que vino a retratarnos a todos en la locura de los sue\u00f1os inventados.<\/p>\n","protected":false},"excerpt":{"rendered":"<p>Recuerdo n\u00edtidamente el primer libro de poemas que compr\u00e9 en mi vida. Ese momento inici\u00e1tico cuya imagen, como una fotograf\u00eda que no envejece, regresa viva a la memoria, disparada con apenas una sutil evocaci\u00f3n ajena. Compr\u00e9 adem\u00e1s el libro equivocado. Me arrepent\u00ed en un primer momento, pero con los a\u00f1os he sabido apreciar mi error&hellip;&nbsp;<a href=\"https:\/\/primerborrador.es\/index.php\/2025\/04\/03\/el-primer-libro-de-poemas\/\" rel=\"bookmark\">Leer m\u00e1s &raquo;<span class=\"screen-reader-text\">El primer libro de poemas<\/span><\/a><\/p>\n","protected":false},"author":1,"featured_media":4334,"comment_status":"open","ping_status":"closed","sticky":false,"template":"","format":"standard","meta":{"neve_meta_sidebar":"","neve_meta_container":"","neve_meta_enable_content_width":"","neve_meta_content_width":0,"neve_meta_title_alignment":"","neve_meta_author_avatar":"","neve_post_elements_order":"","neve_meta_disable_header":"","neve_meta_disable_footer":"","neve_meta_disable_title":"","_ayudawp_aiss_exclude":false,"_ayudawp_aiss_exclude_summary":false,"_ayudawp_aiss_summary":"","_ayudawp_aiss_summary_provider":"","_ayudawp_aiss_summary_hash":"","footnotes":""},"categories":[4,525],"tags":[712,80,711],"class_list":["post-4332","post","type-post","status-publish","format-standard","has-post-thumbnail","hentry","category-cronicas","category-opinion","tag-garcia-lorca","tag-libros","tag-poesia-2"],"yoast_head":"<!-- This site is optimized with the Yoast SEO plugin v28.3 - https:\/\/yoast.com\/product\/yoast-seo-wordpress\/ -->\n<title>El primer libro de poemas - Primer borrador<\/title>\n<meta name=\"description\" content=\"Recuerdo n\u00edtidamente el primer libro de poemas que compr\u00e9 en mi vida, ese momento inici\u00e1tico cuya imagen regresa viva a la memoria.\" \/>\n<meta name=\"robots\" content=\"index, follow, max-snippet:-1, max-image-preview:large, max-video-preview:-1\" \/>\n<link rel=\"canonical\" href=\"https:\/\/primerborrador.es\/index.php\/2025\/04\/03\/el-primer-libro-de-poemas\/\" \/>\n<meta property=\"og:locale\" content=\"es_ES\" \/>\n<meta property=\"og:type\" content=\"article\" \/>\n<meta property=\"og:title\" content=\"El primer libro de poemas - Primer borrador\" \/>\n<meta property=\"og:description\" content=\"Recuerdo n\u00edtidamente el primer libro de poemas que compr\u00e9 en mi vida, ese momento inici\u00e1tico cuya imagen regresa viva a la memoria.\" \/>\n<meta property=\"og:url\" content=\"https:\/\/primerborrador.es\/index.php\/2025\/04\/03\/el-primer-libro-de-poemas\/\" \/>\n<meta property=\"og:site_name\" content=\"Primer borrador\" \/>\n<meta property=\"article:published_time\" content=\"2025-04-03T09:33:42+00:00\" \/>\n<meta property=\"article:modified_time\" content=\"2025-04-03T09:33:45+00:00\" \/>\n<meta property=\"og:image\" content=\"https:\/\/primerborrador.es\/wp-content\/uploads\/2025\/03\/Federico-Madrid.jpg\" \/>\n\t<meta property=\"og:image:width\" content=\"1860\" \/>\n\t<meta property=\"og:image:height\" content=\"1109\" \/>\n\t<meta property=\"og:image:type\" content=\"image\/jpeg\" \/>\n<meta name=\"author\" content=\"Santiago P\u00e9rez\" \/>\n<script type=\"application\/ld+json\" class=\"yoast-schema-graph\">{\"@context\":\"https:\\\/\\\/schema.org\",\"@graph\":[{\"@type\":\"Article\",\"@id\":\"https:\\\/\\\/primerborrador.es\\\/index.php\\\/2025\\\/04\\\/03\\\/el-primer-libro-de-poemas\\\/#article\",\"isPartOf\":{\"@id\":\"https:\\\/\\\/primerborrador.es\\\/index.php\\\/2025\\\/04\\\/03\\\/el-primer-libro-de-poemas\\\/\"},\"author\":{\"name\":\"Santiago P\u00e9rez\",\"@id\":\"https:\\\/\\\/primerborrador.es\\\/#\\\/schema\\\/person\\\/39b8af43fb1e2774f05a0812a8f21bbc\"},\"headline\":\"El primer libro de poemas\",\"datePublished\":\"2025-04-03T09:33:42+00:00\",\"dateModified\":\"2025-04-03T09:33:45+00:00\",\"mainEntityOfPage\":{\"@id\":\"https:\\\/\\\/primerborrador.es\\\/index.php\\\/2025\\\/04\\\/03\\\/el-primer-libro-de-poemas\\\/\"},\"wordCount\":922,\"commentCount\":0,\"publisher\":{\"@id\":\"https:\\\/\\\/primerborrador.es\\\/#\\\/schema\\\/person\\\/39b8af43fb1e2774f05a0812a8f21bbc\"},\"image\":{\"@id\":\"https:\\\/\\\/primerborrador.es\\\/index.php\\\/2025\\\/04\\\/03\\\/el-primer-libro-de-poemas\\\/#primaryimage\"},\"thumbnailUrl\":\"https:\\\/\\\/primerborrador.es\\\/wp-content\\\/uploads\\\/2025\\\/03\\\/Federico-Madrid.jpg\",\"keywords\":[\"garc\u00eda-lorca\",\"libros\",\"poes\u00eda\"],\"articleSection\":[\"Cr\u00f3nicas\",\"Opini\u00f3n\"],\"inLanguage\":\"es\",\"potentialAction\":[{\"@type\":\"CommentAction\",\"name\":\"Comment\",\"target\":[\"https:\\\/\\\/primerborrador.es\\\/index.php\\\/2025\\\/04\\\/03\\\/el-primer-libro-de-poemas\\\/#respond\"]}]},{\"@type\":\"WebPage\",\"@id\":\"https:\\\/\\\/primerborrador.es\\\/index.php\\\/2025\\\/04\\\/03\\\/el-primer-libro-de-poemas\\\/\",\"url\":\"https:\\\/\\\/primerborrador.es\\\/index.php\\\/2025\\\/04\\\/03\\\/el-primer-libro-de-poemas\\\/\",\"name\":\"El primer libro de poemas - Primer borrador\",\"isPartOf\":{\"@id\":\"https:\\\/\\\/primerborrador.es\\\/#website\"},\"primaryImageOfPage\":{\"@id\":\"https:\\\/\\\/primerborrador.es\\\/index.php\\\/2025\\\/04\\\/03\\\/el-primer-libro-de-poemas\\\/#primaryimage\"},\"image\":{\"@id\":\"https:\\\/\\\/primerborrador.es\\\/index.php\\\/2025\\\/04\\\/03\\\/el-primer-libro-de-poemas\\\/#primaryimage\"},\"thumbnailUrl\":\"https:\\\/\\\/primerborrador.es\\\/wp-content\\\/uploads\\\/2025\\\/03\\\/Federico-Madrid.jpg\",\"datePublished\":\"2025-04-03T09:33:42+00:00\",\"dateModified\":\"2025-04-03T09:33:45+00:00\",\"description\":\"Recuerdo n\u00edtidamente el primer libro de poemas que compr\u00e9 en mi vida, ese momento inici\u00e1tico cuya imagen regresa viva a la memoria.\",\"breadcrumb\":{\"@id\":\"https:\\\/\\\/primerborrador.es\\\/index.php\\\/2025\\\/04\\\/03\\\/el-primer-libro-de-poemas\\\/#breadcrumb\"},\"inLanguage\":\"es\",\"potentialAction\":[{\"@type\":\"ReadAction\",\"target\":[\"https:\\\/\\\/primerborrador.es\\\/index.php\\\/2025\\\/04\\\/03\\\/el-primer-libro-de-poemas\\\/\"]}]},{\"@type\":\"ImageObject\",\"inLanguage\":\"es\",\"@id\":\"https:\\\/\\\/primerborrador.es\\\/index.php\\\/2025\\\/04\\\/03\\\/el-primer-libro-de-poemas\\\/#primaryimage\",\"url\":\"https:\\\/\\\/primerborrador.es\\\/wp-content\\\/uploads\\\/2025\\\/03\\\/Federico-Madrid.jpg\",\"contentUrl\":\"https:\\\/\\\/primerborrador.es\\\/wp-content\\\/uploads\\\/2025\\\/03\\\/Federico-Madrid.jpg\",\"width\":1860,\"height\":1109,\"caption\":\"Estatua de Federico Garc\u00eda Lorca en Madrid. Foto: Santiago P\u00e9rez\"},{\"@type\":\"BreadcrumbList\",\"@id\":\"https:\\\/\\\/primerborrador.es\\\/index.php\\\/2025\\\/04\\\/03\\\/el-primer-libro-de-poemas\\\/#breadcrumb\",\"itemListElement\":[{\"@type\":\"ListItem\",\"position\":1,\"name\":\"Home\",\"item\":\"https:\\\/\\\/primerborrador.es\\\/\"},{\"@type\":\"ListItem\",\"position\":2,\"name\":\"El primer libro de poemas\"}]},{\"@type\":\"WebSite\",\"@id\":\"https:\\\/\\\/primerborrador.es\\\/#website\",\"url\":\"https:\\\/\\\/primerborrador.es\\\/\",\"name\":\"Primer borrador\",\"description\":\"Revista mensual de arte, literatura y jazz\",\"publisher\":{\"@id\":\"https:\\\/\\\/primerborrador.es\\\/#\\\/schema\\\/person\\\/39b8af43fb1e2774f05a0812a8f21bbc\"},\"potentialAction\":[{\"@type\":\"SearchAction\",\"target\":{\"@type\":\"EntryPoint\",\"urlTemplate\":\"https:\\\/\\\/primerborrador.es\\\/?s={search_term_string}\"},\"query-input\":{\"@type\":\"PropertyValueSpecification\",\"valueRequired\":true,\"valueName\":\"search_term_string\"}}],\"inLanguage\":\"es\"},{\"@type\":[\"Person\",\"Organization\"],\"@id\":\"https:\\\/\\\/primerborrador.es\\\/#\\\/schema\\\/person\\\/39b8af43fb1e2774f05a0812a8f21bbc\",\"name\":\"Santiago P\u00e9rez\",\"image\":{\"@type\":\"ImageObject\",\"inLanguage\":\"es\",\"@id\":\"https:\\\/\\\/primerborrador.es\\\/wp-content\\\/uploads\\\/2021\\\/02\\\/cropped-feather1-e1621103417910.png\",\"url\":\"https:\\\/\\\/primerborrador.es\\\/wp-content\\\/uploads\\\/2021\\\/02\\\/cropped-feather1-e1621103417910.png\",\"contentUrl\":\"https:\\\/\\\/primerborrador.es\\\/wp-content\\\/uploads\\\/2021\\\/02\\\/cropped-feather1-e1621103417910.png\",\"width\":256,\"height\":256,\"caption\":\"Santiago P\u00e9rez\"},\"logo\":{\"@id\":\"https:\\\/\\\/primerborrador.es\\\/wp-content\\\/uploads\\\/2021\\\/02\\\/cropped-feather1-e1621103417910.png\"},\"description\":\"Periodista. Escribo, desde Cadiz, sobre lo que me interesa: arte contempor\u00e1neo, literatura y m\u00fasica. Creo en la libertad de contar. Y tambi\u00e9n en la de elegir lo que quiero y no quiero leer.\",\"sameAs\":[\"https:\\\/\\\/primerborrador.es\"],\"url\":\"https:\\\/\\\/primerborrador.es\\\/index.php\\\/author\\\/santiagomperezm\\\/\"}]}<\/script>\n<!-- \/ Yoast SEO plugin. -->","yoast_head_json":{"title":"El primer libro de poemas - Primer borrador","description":"Recuerdo n\u00edtidamente el primer libro de poemas que compr\u00e9 en mi vida, ese momento inici\u00e1tico cuya imagen regresa viva a la memoria.","robots":{"index":"index","follow":"follow","max-snippet":"max-snippet:-1","max-image-preview":"max-image-preview:large","max-video-preview":"max-video-preview:-1"},"canonical":"https:\/\/primerborrador.es\/index.php\/2025\/04\/03\/el-primer-libro-de-poemas\/","og_locale":"es_ES","og_type":"article","og_title":"El primer libro de poemas - Primer borrador","og_description":"Recuerdo n\u00edtidamente el primer libro de poemas que compr\u00e9 en mi vida, ese momento inici\u00e1tico cuya imagen regresa viva a la memoria.","og_url":"https:\/\/primerborrador.es\/index.php\/2025\/04\/03\/el-primer-libro-de-poemas\/","og_site_name":"Primer borrador","article_published_time":"2025-04-03T09:33:42+00:00","article_modified_time":"2025-04-03T09:33:45+00:00","og_image":[{"width":1860,"height":1109,"url":"https:\/\/primerborrador.es\/wp-content\/uploads\/2025\/03\/Federico-Madrid.jpg","type":"image\/jpeg"}],"author":"Santiago P\u00e9rez","schema":{"@context":"https:\/\/schema.org","@graph":[{"@type":"Article","@id":"https:\/\/primerborrador.es\/index.php\/2025\/04\/03\/el-primer-libro-de-poemas\/#article","isPartOf":{"@id":"https:\/\/primerborrador.es\/index.php\/2025\/04\/03\/el-primer-libro-de-poemas\/"},"author":{"name":"Santiago P\u00e9rez","@id":"https:\/\/primerborrador.es\/#\/schema\/person\/39b8af43fb1e2774f05a0812a8f21bbc"},"headline":"El primer libro de poemas","datePublished":"2025-04-03T09:33:42+00:00","dateModified":"2025-04-03T09:33:45+00:00","mainEntityOfPage":{"@id":"https:\/\/primerborrador.es\/index.php\/2025\/04\/03\/el-primer-libro-de-poemas\/"},"wordCount":922,"commentCount":0,"publisher":{"@id":"https:\/\/primerborrador.es\/#\/schema\/person\/39b8af43fb1e2774f05a0812a8f21bbc"},"image":{"@id":"https:\/\/primerborrador.es\/index.php\/2025\/04\/03\/el-primer-libro-de-poemas\/#primaryimage"},"thumbnailUrl":"https:\/\/primerborrador.es\/wp-content\/uploads\/2025\/03\/Federico-Madrid.jpg","keywords":["garc\u00eda-lorca","libros","poes\u00eda"],"articleSection":["Cr\u00f3nicas","Opini\u00f3n"],"inLanguage":"es","potentialAction":[{"@type":"CommentAction","name":"Comment","target":["https:\/\/primerborrador.es\/index.php\/2025\/04\/03\/el-primer-libro-de-poemas\/#respond"]}]},{"@type":"WebPage","@id":"https:\/\/primerborrador.es\/index.php\/2025\/04\/03\/el-primer-libro-de-poemas\/","url":"https:\/\/primerborrador.es\/index.php\/2025\/04\/03\/el-primer-libro-de-poemas\/","name":"El primer libro de poemas - Primer borrador","isPartOf":{"@id":"https:\/\/primerborrador.es\/#website"},"primaryImageOfPage":{"@id":"https:\/\/primerborrador.es\/index.php\/2025\/04\/03\/el-primer-libro-de-poemas\/#primaryimage"},"image":{"@id":"https:\/\/primerborrador.es\/index.php\/2025\/04\/03\/el-primer-libro-de-poemas\/#primaryimage"},"thumbnailUrl":"https:\/\/primerborrador.es\/wp-content\/uploads\/2025\/03\/Federico-Madrid.jpg","datePublished":"2025-04-03T09:33:42+00:00","dateModified":"2025-04-03T09:33:45+00:00","description":"Recuerdo n\u00edtidamente el primer libro de poemas que compr\u00e9 en mi vida, ese momento inici\u00e1tico cuya imagen regresa viva a la memoria.","breadcrumb":{"@id":"https:\/\/primerborrador.es\/index.php\/2025\/04\/03\/el-primer-libro-de-poemas\/#breadcrumb"},"inLanguage":"es","potentialAction":[{"@type":"ReadAction","target":["https:\/\/primerborrador.es\/index.php\/2025\/04\/03\/el-primer-libro-de-poemas\/"]}]},{"@type":"ImageObject","inLanguage":"es","@id":"https:\/\/primerborrador.es\/index.php\/2025\/04\/03\/el-primer-libro-de-poemas\/#primaryimage","url":"https:\/\/primerborrador.es\/wp-content\/uploads\/2025\/03\/Federico-Madrid.jpg","contentUrl":"https:\/\/primerborrador.es\/wp-content\/uploads\/2025\/03\/Federico-Madrid.jpg","width":1860,"height":1109,"caption":"Estatua de Federico Garc\u00eda Lorca en Madrid. Foto: Santiago P\u00e9rez"},{"@type":"BreadcrumbList","@id":"https:\/\/primerborrador.es\/index.php\/2025\/04\/03\/el-primer-libro-de-poemas\/#breadcrumb","itemListElement":[{"@type":"ListItem","position":1,"name":"Home","item":"https:\/\/primerborrador.es\/"},{"@type":"ListItem","position":2,"name":"El primer libro de poemas"}]},{"@type":"WebSite","@id":"https:\/\/primerborrador.es\/#website","url":"https:\/\/primerborrador.es\/","name":"Primer borrador","description":"Revista mensual de arte, literatura y jazz","publisher":{"@id":"https:\/\/primerborrador.es\/#\/schema\/person\/39b8af43fb1e2774f05a0812a8f21bbc"},"potentialAction":[{"@type":"SearchAction","target":{"@type":"EntryPoint","urlTemplate":"https:\/\/primerborrador.es\/?s={search_term_string}"},"query-input":{"@type":"PropertyValueSpecification","valueRequired":true,"valueName":"search_term_string"}}],"inLanguage":"es"},{"@type":["Person","Organization"],"@id":"https:\/\/primerborrador.es\/#\/schema\/person\/39b8af43fb1e2774f05a0812a8f21bbc","name":"Santiago P\u00e9rez","image":{"@type":"ImageObject","inLanguage":"es","@id":"https:\/\/primerborrador.es\/wp-content\/uploads\/2021\/02\/cropped-feather1-e1621103417910.png","url":"https:\/\/primerborrador.es\/wp-content\/uploads\/2021\/02\/cropped-feather1-e1621103417910.png","contentUrl":"https:\/\/primerborrador.es\/wp-content\/uploads\/2021\/02\/cropped-feather1-e1621103417910.png","width":256,"height":256,"caption":"Santiago P\u00e9rez"},"logo":{"@id":"https:\/\/primerborrador.es\/wp-content\/uploads\/2021\/02\/cropped-feather1-e1621103417910.png"},"description":"Periodista. Escribo, desde Cadiz, sobre lo que me interesa: arte contempor\u00e1neo, literatura y m\u00fasica. Creo en la libertad de contar. Y tambi\u00e9n en la de elegir lo que quiero y no quiero leer.","sameAs":["https:\/\/primerborrador.es"],"url":"https:\/\/primerborrador.es\/index.php\/author\/santiagomperezm\/"}]}},"_links":{"self":[{"href":"https:\/\/primerborrador.es\/index.php\/wp-json\/wp\/v2\/posts\/4332","targetHints":{"allow":["GET"]}}],"collection":[{"href":"https:\/\/primerborrador.es\/index.php\/wp-json\/wp\/v2\/posts"}],"about":[{"href":"https:\/\/primerborrador.es\/index.php\/wp-json\/wp\/v2\/types\/post"}],"author":[{"embeddable":true,"href":"https:\/\/primerborrador.es\/index.php\/wp-json\/wp\/v2\/users\/1"}],"replies":[{"embeddable":true,"href":"https:\/\/primerborrador.es\/index.php\/wp-json\/wp\/v2\/comments?post=4332"}],"version-history":[{"count":0,"href":"https:\/\/primerborrador.es\/index.php\/wp-json\/wp\/v2\/posts\/4332\/revisions"}],"wp:featuredmedia":[{"embeddable":true,"href":"https:\/\/primerborrador.es\/index.php\/wp-json\/wp\/v2\/media\/4334"}],"wp:attachment":[{"href":"https:\/\/primerborrador.es\/index.php\/wp-json\/wp\/v2\/media?parent=4332"}],"wp:term":[{"taxonomy":"category","embeddable":true,"href":"https:\/\/primerborrador.es\/index.php\/wp-json\/wp\/v2\/categories?post=4332"},{"taxonomy":"post_tag","embeddable":true,"href":"https:\/\/primerborrador.es\/index.php\/wp-json\/wp\/v2\/tags?post=4332"}],"curies":[{"name":"wp","href":"https:\/\/api.w.org\/{rel}","templated":true}]}}