{"id":4308,"date":"2025-03-03T10:13:22","date_gmt":"2025-03-03T09:13:22","guid":{"rendered":"https:\/\/primerborrador.es\/?p=4308"},"modified":"2025-03-03T10:13:26","modified_gmt":"2025-03-03T09:13:26","slug":"elaine-sturtevant-en-espana","status":"publish","type":"post","link":"https:\/\/primerborrador.es\/index.php\/2025\/03\/03\/elaine-sturtevant-en-espana\/","title":{"rendered":"Elaine Sturtevant en Espa\u00f1a"},"content":{"rendered":"\n<p class=\"wp-block-paragraph\">El Centro Andaluz de Arte Contempor\u00e1neo (CAAC) organiza la primera gran exposici\u00f3n de la artista norteamericana Elaine Sturtevant en Espa\u00f1a para celebrar el centenario de su nacimiento.<\/p>\n\n\n\n<p class=\"wp-block-paragraph\">Con el t\u00edtulo <em>Sturtevant: el eco de la innovaci\u00f3n, <\/em>la exposici\u00f3n est\u00e1 compuesta por obras provenientes de prestigiosas colecciones internacionales,<\/p>\n\n\n\n<p class=\"wp-block-paragraph\">Reconocida como una de las artistas m\u00e1s radicales e influyentes del siglo XX y XXI, Sturtevant repiti\u00f3 obras ic\u00f3nicas de sus contempor\u00e1neos, subvirtiendo las ideas convencionales de la creatividad art\u00edstica, seg\u00fan <a href=\"https:\/\/www.caac.es\/\" target=\"_blank\" rel=\"noreferrer noopener\">informa el CAAC<\/a>, organismo dependiente de la Consejer\u00eda de Cultura de la Junta de Andaluc\u00eda.<\/p>\n\n\n\n<h4 class=\"wp-block-heading\"><strong>Contempor\u00e1nea de Warhol<\/strong><\/h4>\n\n\n\n<p class=\"wp-block-paragraph\">\u201cSu pr\u00e1ctica invita al p\u00fablico a reconsiderar su entendimiento y enfoque hacia el arte. Estas piezas abarcan desde la d\u00e9cada de 1960, cuando comenz\u00f3 a repetir obras de sus contempor\u00e1neos Andy Warhol, Roy Lichtenstein, Jasper Johns y James Rosenquist, hasta repeticiones de instalaciones de una nueva generaci\u00f3n de artistas en las d\u00e9cadas de 1990 y 2000, incluyendo a Robert Gober y F\u00e9lix Gonz\u00e1lez-Torres, as\u00ed como sus \u00faltimas obras en v\u00eddeo\u2019, se\u00f1ala Jimena Bl\u00e1zquez, comisaria de la muestra.<\/p>\n\n\n\n<p class=\"wp-block-paragraph\">Las salas del Claustr\u00f3n Este del CAAC contienen obras como <em>Warhol Diptych (2004)<\/em>, una repetici\u00f3n de la ic\u00f3nica serie de Marilyn Monroe de Andy Warhol, y <em>Duchamp 1,200 Coal Bags (2008)<\/em>, obra perteneciente a la Colecci\u00f3n Pinault, que revisita la instalaci\u00f3n creada originalmente por Duchamp en los a\u00f1os 30.<\/p>\n\n\n\n<p class=\"wp-block-paragraph\">\u201cEstas piezas no son imitaciones, sino cuestionamientos conceptuales que exponen las din\u00e1micas de poder del arte y del mercado que configuran el significado cultural del arte\u201d, apunta la comisaria.<\/p>\n\n\n\n<p class=\"wp-block-paragraph\">Por su parte, los pasillos est\u00e1n cubiertos con obras de Sturtevant como <em>Warhol Cow Wallpaper (1966)<\/em>, acompa\u00f1ado de piezas como <em>Warhol Flowers (1964\/70)<\/em>, <em>Stella Arbeit Macht Frei (1989)<\/em> y <em>Johns Flag (1966)<\/em>.<\/p>\n\n\n\n<h4 class=\"wp-block-heading\"><strong>Obras fundamentales<\/strong><\/h4>\n\n\n\n<p class=\"wp-block-paragraph\">La exposici\u00f3n ha sido concebida como una experiencia inmersiva en la que las obras dialogan entre s\u00ed, como es el caso de las dos piezas <em>Beuys Fat Chairs (1992)<\/em> que se sit\u00faan frente a <em>Duchamp Fresh Widow (1992)<\/em>, creando una tensi\u00f3n que invita a los visitantes a reflexionar sobre los conceptos de poder y significado en el arte contempor\u00e1neo.<\/p>\n\n\n\n<p class=\"wp-block-paragraph\">La muestra tambi\u00e9n incluye obras fundamentales como <em>Gober Partially Buried Sinks <\/em><em>(<\/em><em>1990)<\/em>, obra que examina c\u00f3mo las narrativas individuales son absorbidas y resignificadas por instituciones culturales.<\/p>\n\n\n\n<p class=\"wp-block-paragraph\">Sturtevant realiz\u00f3 estudios rigurosos sobre las obras que repet\u00eda: en torno a su proceso, el canon y el valor. En este sentido, su trabajo se sit\u00faa en la intersecci\u00f3n donde lo visual da paso a lo conceptual.<\/p>\n\n\n\n<h4 class=\"wp-block-heading\"><strong>La mirada sobre Gonz\u00e1lez-Torres<\/strong><\/h4>\n\n\n\n<p class=\"wp-block-paragraph\">La sala de la Capilla de Afuera del CAAC acoge dos de las instalaciones de Sturtevant m\u00e1s emblem\u00e1ticas dedicadas a F\u00e9lix Gonz\u00e1lez-Torres: <em>Gonz\u00e1lez-Torres, Untitled (Blue Placebo)(2004)<\/em> (Colecci\u00f3n del Museo Whitney de Nueva York) y <em>Gonz\u00e1lez-Torres, Untitled (America) (2004)<\/em> (Colecci\u00f3n Pinault).<\/p>\n\n\n\n<p class=\"wp-block-paragraph\">Sturtevant reinterpret\u00f3 estas obras del artista cubano-estounidense con el objetivo de examinar c\u00f3mo los significados emocionales y pol\u00edticos se transforman al ser descontextualizados.<\/p>\n\n\n\n<p class=\"wp-block-paragraph\">Las obras de Gonz\u00e1lez-Torres abordaban temas como la vulnerabilidad, la identidad y las din\u00e1micas de percepci\u00f3n y asignaci\u00f3n de significado dentro del sistema del arte, ofreciendo una meditaci\u00f3n cr\u00edtica sobre la diversidad y la fragilidad de la identidad nacional estadounidense.<\/p>\n\n\n\n<h4 class=\"wp-block-heading\"><strong>Desaf\u00edo a la percepci\u00f3n<\/strong><\/h4>\n\n\n\n<p class=\"wp-block-paragraph\"><a href=\"https:\/\/youtu.be\/lAHMgKGr6uo?feature=shared\" target=\"_blank\" rel=\"noreferrer noopener nofollow\">Elaine Frances Sturtevant<\/a> (1924, Lakewood, Ohio \u2013 2014, Par\u00eds), conocida como Sturtevant, es una destacada figura del arte conceptual, c\u00e9lebre por cuestionar la originalidad y la autor\u00eda. Estudi\u00f3 psicolog\u00eda en la Universidad de Iowa, filosof\u00eda en la Universidad de Zurich y arte en la Cleveland School of Art y la Art Students League de Nueva York, desarrollando un enfoque cr\u00edtico y conceptual.<\/p>\n\n\n\n<p class=\"wp-block-paragraph\">En los a\u00f1os 60, irrumpi\u00f3 en la escena art\u00edstica de Nueva York al repetir meticulosamente obras de artistas como Andy Warhol, Jasper Johns y Roy Lichtenstein. Una frase de Warhol, \u2018Preg\u00fantenle a Sturtevant\u2019, simboliza su capacidad t\u00e9cnica y su desaf\u00edo a la percepci\u00f3n.<\/p>\n\n\n\n<p class=\"wp-block-paragraph\">Tras una pausa en los a\u00f1os 70, retom\u00f3 su pr\u00e1ctica a finales de esa d\u00e9cada, incluyendo en su trabajo a artistas como Joseph Beuys, Felix Gonz\u00e1lez-Torres y Robert Gober.<\/p>\n\n\n\n<p class=\"wp-block-paragraph\">En 2011, recibi\u00f3 el Le\u00f3n de Oro en la Bienal de Venecia por su trayectoria.<\/p>\n\n\n\n<p class=\"wp-block-paragraph\">Hasta su fallecimiento en 2014, su legado desafi\u00f3 las nociones tradicionales del <a href=\"https:\/\/primerborrador.es\/index.php\/category\/arte\/\" target=\"_blank\" rel=\"noreferrer noopener\">arte<\/a> en un mundo mediado por la repetici\u00f3n y la circulaci\u00f3n de im\u00e1genes.<\/p>\n\n\n\n<p class=\"has-background wp-block-paragraph\" style=\"background:linear-gradient(135deg,rgb(238,238,238) 22%,rgb(169,184,195) 100%)\"><strong>Exposici\u00f3n <em>Sturtevant: el eco de la innovaci\u00f3n<\/em><\/strong><br>Centro Andaluz de Arte Contempor\u00e1neo.<br>Cartuja de Santa Mar\u00eda de las Cuevas. C. Am\u00e9rico Vespucio, 2, Sevilla.<br>Hasta el 21 de septiembre<br>Horarios: Martes a s\u00e1bado de 10:00 a 20:00 h.<br>Domingos y festivos de 10:00 a 15:30 h.<\/p>\n\n\n\n<p class=\"wp-block-paragraph\"><\/p>\n","protected":false},"excerpt":{"rendered":"<p>El Centro Andaluz de Arte Contempor\u00e1neo (CAAC) organiza la primera gran exposici\u00f3n de la artista norteamericana Elaine Sturtevant en Espa\u00f1a para celebrar el centenario de su nacimiento. Con el t\u00edtulo Sturtevant: el eco de la innovaci\u00f3n, la exposici\u00f3n est\u00e1 compuesta por obras provenientes de prestigiosas colecciones internacionales, Reconocida como una de las artistas m\u00e1s radicales&hellip;&nbsp;<a href=\"https:\/\/primerborrador.es\/index.php\/2025\/03\/03\/elaine-sturtevant-en-espana\/\" rel=\"bookmark\">Leer m\u00e1s &raquo;<span class=\"screen-reader-text\">Elaine Sturtevant en Espa\u00f1a<\/span><\/a><\/p>\n","protected":false},"author":2,"featured_media":0,"comment_status":"open","ping_status":"closed","sticky":false,"template":"","format":"standard","meta":{"neve_meta_sidebar":"","neve_meta_container":"","neve_meta_enable_content_width":"","neve_meta_content_width":0,"neve_meta_title_alignment":"","neve_meta_author_avatar":"","neve_post_elements_order":"","neve_meta_disable_header":"","neve_meta_disable_footer":"","neve_meta_disable_title":"","_ayudawp_aiss_exclude":false,"_ayudawp_aiss_exclude_summary":false,"_ayudawp_aiss_summary":"","_ayudawp_aiss_summary_provider":"","_ayudawp_aiss_summary_hash":"","footnotes":""},"categories":[11],"tags":[705,707,706,704],"class_list":["post-4308","post","type-post","status-publish","format-standard","hentry","category-arte","tag-arte-contemporaneo-2","tag-arte-en-andalucia","tag-arte-norteamericano","tag-elaine-sturtevant"],"yoast_head":"<!-- This site is optimized with the Yoast SEO plugin v28.3 - https:\/\/yoast.com\/product\/yoast-seo-wordpress\/ -->\n<title>Elaine Sturtevant en Espa\u00f1a - Primer borrador<\/title>\n<meta name=\"description\" content=\"El Centro Andaluz de Arte Contempor\u00e1neo (CAAC) organiza la primera gran exposici\u00f3n de la artista norteamericana Elaine Sturtevant en Espa\u00f1a.\" \/>\n<meta name=\"robots\" content=\"index, follow, max-snippet:-1, max-image-preview:large, max-video-preview:-1\" \/>\n<link rel=\"canonical\" href=\"https:\/\/primerborrador.es\/index.php\/2025\/03\/03\/elaine-sturtevant-en-espana\/\" \/>\n<meta property=\"og:locale\" content=\"es_ES\" \/>\n<meta property=\"og:type\" content=\"article\" \/>\n<meta property=\"og:title\" content=\"Elaine Sturtevant en Espa\u00f1a - Primer borrador\" \/>\n<meta property=\"og:description\" content=\"El Centro Andaluz de Arte Contempor\u00e1neo (CAAC) organiza la primera gran exposici\u00f3n de la artista norteamericana Elaine Sturtevant en Espa\u00f1a.\" \/>\n<meta property=\"og:url\" content=\"https:\/\/primerborrador.es\/index.php\/2025\/03\/03\/elaine-sturtevant-en-espana\/\" \/>\n<meta property=\"og:site_name\" content=\"Primer borrador\" \/>\n<meta property=\"article:published_time\" content=\"2025-03-03T09:13:22+00:00\" \/>\n<meta property=\"article:modified_time\" content=\"2025-03-03T09:13:26+00:00\" \/>\n<meta property=\"og:image\" content=\"https:\/\/primerborrador.es\/wp-content\/uploads\/2025\/03\/Logo-completo-fondo-blanco.png\" \/>\n\t<meta property=\"og:image:width\" content=\"1200\" \/>\n\t<meta property=\"og:image:height\" content=\"675\" \/>\n\t<meta property=\"og:image:type\" content=\"image\/png\" \/>\n<meta name=\"author\" content=\"Redacci\u00f3n\" \/>\n<script type=\"application\/ld+json\" class=\"yoast-schema-graph\">{\"@context\":\"https:\\\/\\\/schema.org\",\"@graph\":[{\"@type\":\"Article\",\"@id\":\"https:\\\/\\\/primerborrador.es\\\/index.php\\\/2025\\\/03\\\/03\\\/elaine-sturtevant-en-espana\\\/#article\",\"isPartOf\":{\"@id\":\"https:\\\/\\\/primerborrador.es\\\/index.php\\\/2025\\\/03\\\/03\\\/elaine-sturtevant-en-espana\\\/\"},\"author\":{\"name\":\"Redacci\u00f3n\",\"@id\":\"https:\\\/\\\/primerborrador.es\\\/#\\\/schema\\\/person\\\/0492196f9e50f87ef1f6e3ddcaba881e\"},\"headline\":\"Elaine Sturtevant en Espa\u00f1a\",\"datePublished\":\"2025-03-03T09:13:22+00:00\",\"dateModified\":\"2025-03-03T09:13:26+00:00\",\"mainEntityOfPage\":{\"@id\":\"https:\\\/\\\/primerborrador.es\\\/index.php\\\/2025\\\/03\\\/03\\\/elaine-sturtevant-en-espana\\\/\"},\"wordCount\":802,\"commentCount\":0,\"publisher\":{\"@id\":\"https:\\\/\\\/primerborrador.es\\\/#\\\/schema\\\/person\\\/39b8af43fb1e2774f05a0812a8f21bbc\"},\"keywords\":[\"arte-contempor\u00e1neo\",\"arte-en-Andaluc\u00eda\",\"arte-norteamericano\",\"Elaine Sturtevant\"],\"articleSection\":[\"Arte\"],\"inLanguage\":\"es\",\"potentialAction\":[{\"@type\":\"CommentAction\",\"name\":\"Comment\",\"target\":[\"https:\\\/\\\/primerborrador.es\\\/index.php\\\/2025\\\/03\\\/03\\\/elaine-sturtevant-en-espana\\\/#respond\"]}]},{\"@type\":\"WebPage\",\"@id\":\"https:\\\/\\\/primerborrador.es\\\/index.php\\\/2025\\\/03\\\/03\\\/elaine-sturtevant-en-espana\\\/\",\"url\":\"https:\\\/\\\/primerborrador.es\\\/index.php\\\/2025\\\/03\\\/03\\\/elaine-sturtevant-en-espana\\\/\",\"name\":\"Elaine Sturtevant en Espa\u00f1a - Primer borrador\",\"isPartOf\":{\"@id\":\"https:\\\/\\\/primerborrador.es\\\/#website\"},\"datePublished\":\"2025-03-03T09:13:22+00:00\",\"dateModified\":\"2025-03-03T09:13:26+00:00\",\"description\":\"El Centro Andaluz de Arte Contempor\u00e1neo (CAAC) organiza la primera gran exposici\u00f3n de la artista norteamericana Elaine Sturtevant en Espa\u00f1a.\",\"breadcrumb\":{\"@id\":\"https:\\\/\\\/primerborrador.es\\\/index.php\\\/2025\\\/03\\\/03\\\/elaine-sturtevant-en-espana\\\/#breadcrumb\"},\"inLanguage\":\"es\",\"potentialAction\":[{\"@type\":\"ReadAction\",\"target\":[\"https:\\\/\\\/primerborrador.es\\\/index.php\\\/2025\\\/03\\\/03\\\/elaine-sturtevant-en-espana\\\/\"]}]},{\"@type\":\"BreadcrumbList\",\"@id\":\"https:\\\/\\\/primerborrador.es\\\/index.php\\\/2025\\\/03\\\/03\\\/elaine-sturtevant-en-espana\\\/#breadcrumb\",\"itemListElement\":[{\"@type\":\"ListItem\",\"position\":1,\"name\":\"Home\",\"item\":\"https:\\\/\\\/primerborrador.es\\\/\"},{\"@type\":\"ListItem\",\"position\":2,\"name\":\"Elaine Sturtevant en Espa\u00f1a\"}]},{\"@type\":\"WebSite\",\"@id\":\"https:\\\/\\\/primerborrador.es\\\/#website\",\"url\":\"https:\\\/\\\/primerborrador.es\\\/\",\"name\":\"Primer borrador\",\"description\":\"Revista mensual de arte, literatura y jazz\",\"publisher\":{\"@id\":\"https:\\\/\\\/primerborrador.es\\\/#\\\/schema\\\/person\\\/39b8af43fb1e2774f05a0812a8f21bbc\"},\"potentialAction\":[{\"@type\":\"SearchAction\",\"target\":{\"@type\":\"EntryPoint\",\"urlTemplate\":\"https:\\\/\\\/primerborrador.es\\\/?s={search_term_string}\"},\"query-input\":{\"@type\":\"PropertyValueSpecification\",\"valueRequired\":true,\"valueName\":\"search_term_string\"}}],\"inLanguage\":\"es\"},{\"@type\":[\"Person\",\"Organization\"],\"@id\":\"https:\\\/\\\/primerborrador.es\\\/#\\\/schema\\\/person\\\/39b8af43fb1e2774f05a0812a8f21bbc\",\"name\":\"Santiago P\u00e9rez\",\"image\":{\"@type\":\"ImageObject\",\"inLanguage\":\"es\",\"@id\":\"https:\\\/\\\/primerborrador.es\\\/wp-content\\\/uploads\\\/2021\\\/02\\\/cropped-feather1-e1621103417910.png\",\"url\":\"https:\\\/\\\/primerborrador.es\\\/wp-content\\\/uploads\\\/2021\\\/02\\\/cropped-feather1-e1621103417910.png\",\"contentUrl\":\"https:\\\/\\\/primerborrador.es\\\/wp-content\\\/uploads\\\/2021\\\/02\\\/cropped-feather1-e1621103417910.png\",\"width\":256,\"height\":256,\"caption\":\"Santiago P\u00e9rez\"},\"logo\":{\"@id\":\"https:\\\/\\\/primerborrador.es\\\/wp-content\\\/uploads\\\/2021\\\/02\\\/cropped-feather1-e1621103417910.png\"},\"description\":\"Periodista. Escribo, desde Cadiz, sobre lo que me interesa: arte contempor\u00e1neo, literatura y m\u00fasica. Creo en la libertad de contar. Y tambi\u00e9n en la de elegir lo que quiero y no quiero leer.\",\"sameAs\":[\"https:\\\/\\\/primerborrador.es\"]},{\"@type\":\"Person\",\"@id\":\"https:\\\/\\\/primerborrador.es\\\/#\\\/schema\\\/person\\\/0492196f9e50f87ef1f6e3ddcaba881e\",\"name\":\"Redacci\u00f3n\",\"image\":{\"@type\":\"ImageObject\",\"inLanguage\":\"es\",\"@id\":\"https:\\\/\\\/secure.gravatar.com\\\/avatar\\\/ecfa6921d61c8a99d5adf0e2c01c7d995559046fd5cadd1b489361fcade4d655?s=96&d=mm&r=g\",\"url\":\"https:\\\/\\\/secure.gravatar.com\\\/avatar\\\/ecfa6921d61c8a99d5adf0e2c01c7d995559046fd5cadd1b489361fcade4d655?s=96&d=mm&r=g\",\"contentUrl\":\"https:\\\/\\\/secure.gravatar.com\\\/avatar\\\/ecfa6921d61c8a99d5adf0e2c01c7d995559046fd5cadd1b489361fcade4d655?s=96&d=mm&r=g\",\"caption\":\"Redacci\u00f3n\"},\"url\":\"https:\\\/\\\/primerborrador.es\\\/index.php\\\/author\\\/redaccion\\\/\"}]}<\/script>\n<!-- \/ Yoast SEO plugin. -->","yoast_head_json":{"title":"Elaine Sturtevant en Espa\u00f1a - Primer borrador","description":"El Centro Andaluz de Arte Contempor\u00e1neo (CAAC) organiza la primera gran exposici\u00f3n de la artista norteamericana Elaine Sturtevant en Espa\u00f1a.","robots":{"index":"index","follow":"follow","max-snippet":"max-snippet:-1","max-image-preview":"max-image-preview:large","max-video-preview":"max-video-preview:-1"},"canonical":"https:\/\/primerborrador.es\/index.php\/2025\/03\/03\/elaine-sturtevant-en-espana\/","og_locale":"es_ES","og_type":"article","og_title":"Elaine Sturtevant en Espa\u00f1a - Primer borrador","og_description":"El Centro Andaluz de Arte Contempor\u00e1neo (CAAC) organiza la primera gran exposici\u00f3n de la artista norteamericana Elaine Sturtevant en Espa\u00f1a.","og_url":"https:\/\/primerborrador.es\/index.php\/2025\/03\/03\/elaine-sturtevant-en-espana\/","og_site_name":"Primer borrador","article_published_time":"2025-03-03T09:13:22+00:00","article_modified_time":"2025-03-03T09:13:26+00:00","og_image":[{"width":1200,"height":675,"url":"https:\/\/primerborrador.es\/wp-content\/uploads\/2025\/03\/Logo-completo-fondo-blanco.png","type":"image\/png"}],"author":"Redacci\u00f3n","schema":{"@context":"https:\/\/schema.org","@graph":[{"@type":"Article","@id":"https:\/\/primerborrador.es\/index.php\/2025\/03\/03\/elaine-sturtevant-en-espana\/#article","isPartOf":{"@id":"https:\/\/primerborrador.es\/index.php\/2025\/03\/03\/elaine-sturtevant-en-espana\/"},"author":{"name":"Redacci\u00f3n","@id":"https:\/\/primerborrador.es\/#\/schema\/person\/0492196f9e50f87ef1f6e3ddcaba881e"},"headline":"Elaine Sturtevant en Espa\u00f1a","datePublished":"2025-03-03T09:13:22+00:00","dateModified":"2025-03-03T09:13:26+00:00","mainEntityOfPage":{"@id":"https:\/\/primerborrador.es\/index.php\/2025\/03\/03\/elaine-sturtevant-en-espana\/"},"wordCount":802,"commentCount":0,"publisher":{"@id":"https:\/\/primerborrador.es\/#\/schema\/person\/39b8af43fb1e2774f05a0812a8f21bbc"},"keywords":["arte-contempor\u00e1neo","arte-en-Andaluc\u00eda","arte-norteamericano","Elaine Sturtevant"],"articleSection":["Arte"],"inLanguage":"es","potentialAction":[{"@type":"CommentAction","name":"Comment","target":["https:\/\/primerborrador.es\/index.php\/2025\/03\/03\/elaine-sturtevant-en-espana\/#respond"]}]},{"@type":"WebPage","@id":"https:\/\/primerborrador.es\/index.php\/2025\/03\/03\/elaine-sturtevant-en-espana\/","url":"https:\/\/primerborrador.es\/index.php\/2025\/03\/03\/elaine-sturtevant-en-espana\/","name":"Elaine Sturtevant en Espa\u00f1a - Primer borrador","isPartOf":{"@id":"https:\/\/primerborrador.es\/#website"},"datePublished":"2025-03-03T09:13:22+00:00","dateModified":"2025-03-03T09:13:26+00:00","description":"El Centro Andaluz de Arte Contempor\u00e1neo (CAAC) organiza la primera gran exposici\u00f3n de la artista norteamericana Elaine Sturtevant en Espa\u00f1a.","breadcrumb":{"@id":"https:\/\/primerborrador.es\/index.php\/2025\/03\/03\/elaine-sturtevant-en-espana\/#breadcrumb"},"inLanguage":"es","potentialAction":[{"@type":"ReadAction","target":["https:\/\/primerborrador.es\/index.php\/2025\/03\/03\/elaine-sturtevant-en-espana\/"]}]},{"@type":"BreadcrumbList","@id":"https:\/\/primerborrador.es\/index.php\/2025\/03\/03\/elaine-sturtevant-en-espana\/#breadcrumb","itemListElement":[{"@type":"ListItem","position":1,"name":"Home","item":"https:\/\/primerborrador.es\/"},{"@type":"ListItem","position":2,"name":"Elaine Sturtevant en Espa\u00f1a"}]},{"@type":"WebSite","@id":"https:\/\/primerborrador.es\/#website","url":"https:\/\/primerborrador.es\/","name":"Primer borrador","description":"Revista mensual de arte, literatura y jazz","publisher":{"@id":"https:\/\/primerborrador.es\/#\/schema\/person\/39b8af43fb1e2774f05a0812a8f21bbc"},"potentialAction":[{"@type":"SearchAction","target":{"@type":"EntryPoint","urlTemplate":"https:\/\/primerborrador.es\/?s={search_term_string}"},"query-input":{"@type":"PropertyValueSpecification","valueRequired":true,"valueName":"search_term_string"}}],"inLanguage":"es"},{"@type":["Person","Organization"],"@id":"https:\/\/primerborrador.es\/#\/schema\/person\/39b8af43fb1e2774f05a0812a8f21bbc","name":"Santiago P\u00e9rez","image":{"@type":"ImageObject","inLanguage":"es","@id":"https:\/\/primerborrador.es\/wp-content\/uploads\/2021\/02\/cropped-feather1-e1621103417910.png","url":"https:\/\/primerborrador.es\/wp-content\/uploads\/2021\/02\/cropped-feather1-e1621103417910.png","contentUrl":"https:\/\/primerborrador.es\/wp-content\/uploads\/2021\/02\/cropped-feather1-e1621103417910.png","width":256,"height":256,"caption":"Santiago P\u00e9rez"},"logo":{"@id":"https:\/\/primerborrador.es\/wp-content\/uploads\/2021\/02\/cropped-feather1-e1621103417910.png"},"description":"Periodista. Escribo, desde Cadiz, sobre lo que me interesa: arte contempor\u00e1neo, literatura y m\u00fasica. Creo en la libertad de contar. Y tambi\u00e9n en la de elegir lo que quiero y no quiero leer.","sameAs":["https:\/\/primerborrador.es"]},{"@type":"Person","@id":"https:\/\/primerborrador.es\/#\/schema\/person\/0492196f9e50f87ef1f6e3ddcaba881e","name":"Redacci\u00f3n","image":{"@type":"ImageObject","inLanguage":"es","@id":"https:\/\/secure.gravatar.com\/avatar\/ecfa6921d61c8a99d5adf0e2c01c7d995559046fd5cadd1b489361fcade4d655?s=96&d=mm&r=g","url":"https:\/\/secure.gravatar.com\/avatar\/ecfa6921d61c8a99d5adf0e2c01c7d995559046fd5cadd1b489361fcade4d655?s=96&d=mm&r=g","contentUrl":"https:\/\/secure.gravatar.com\/avatar\/ecfa6921d61c8a99d5adf0e2c01c7d995559046fd5cadd1b489361fcade4d655?s=96&d=mm&r=g","caption":"Redacci\u00f3n"},"url":"https:\/\/primerborrador.es\/index.php\/author\/redaccion\/"}]}},"_links":{"self":[{"href":"https:\/\/primerborrador.es\/index.php\/wp-json\/wp\/v2\/posts\/4308","targetHints":{"allow":["GET"]}}],"collection":[{"href":"https:\/\/primerborrador.es\/index.php\/wp-json\/wp\/v2\/posts"}],"about":[{"href":"https:\/\/primerborrador.es\/index.php\/wp-json\/wp\/v2\/types\/post"}],"author":[{"embeddable":true,"href":"https:\/\/primerborrador.es\/index.php\/wp-json\/wp\/v2\/users\/2"}],"replies":[{"embeddable":true,"href":"https:\/\/primerborrador.es\/index.php\/wp-json\/wp\/v2\/comments?post=4308"}],"version-history":[{"count":0,"href":"https:\/\/primerborrador.es\/index.php\/wp-json\/wp\/v2\/posts\/4308\/revisions"}],"wp:attachment":[{"href":"https:\/\/primerborrador.es\/index.php\/wp-json\/wp\/v2\/media?parent=4308"}],"wp:term":[{"taxonomy":"category","embeddable":true,"href":"https:\/\/primerborrador.es\/index.php\/wp-json\/wp\/v2\/categories?post=4308"},{"taxonomy":"post_tag","embeddable":true,"href":"https:\/\/primerborrador.es\/index.php\/wp-json\/wp\/v2\/tags?post=4308"}],"curies":[{"name":"wp","href":"https:\/\/api.w.org\/{rel}","templated":true}]}}