{"id":3970,"date":"2025-01-03T09:46:55","date_gmt":"2025-01-03T08:46:55","guid":{"rendered":"https:\/\/primerborrador.es\/?p=3970"},"modified":"2026-05-02T22:10:33","modified_gmt":"2026-05-02T20:10:33","slug":"la-vigente-inconsciencia-los-hombres-huecos-de-t-s-eliot","status":"publish","type":"post","link":"https:\/\/primerborrador.es\/index.php\/2025\/01\/03\/la-vigente-inconsciencia-los-hombres-huecos-de-t-s-eliot\/","title":{"rendered":"La vigente inconsciencia: Los hombres huecos de T.S.Eliot"},"content":{"rendered":"\n<p class=\"wp-block-paragraph\">Se cumplen en 2025 cien a\u00f1os de la publicaci\u00f3n de <em>Los hombres huecos <\/em>del poeta T.S.Eliot. Releo la versi\u00f3n del poema en espa\u00f1ol que tradujo Jos\u00e9 Mar\u00eda Valverde y siento una mezcla de alivio e inquietud al comprobar en sus palabras que la inconsciencia (o ignorancia si lo prefieren) sigue tan vigente ahora como lo estuvo entonces.<\/p>\n\n\n\n<p class=\"wp-block-paragraph\">Pueden variar los motivos o las causas, pero el resultado no. La descripci\u00f3n que hace de ellos Eliot en la primera estrofa <a href=\"https:\/\/primerborrador.es\/index.php\/2024\/12\/03\/podredumbre-mental\/\" target=\"_blank\" rel=\"noreferrer noopener\">no puede ser m\u00e1s actual<\/a>: \u201c<em>Somos los hombres huecos \/ somos los hombres rellenos \/ apoyados uno en otro \/ la mollera llena de paja. \u00a1Ay!\u201d<\/em><\/p>\n\n\n\n<p class=\"wp-block-paragraph\">Y aunque la imagen pueda parecer meramente simb\u00f3lica, tiene una referencia extra\u00edda de la realidad brit\u00e1nica que explico m\u00e1s adelante.<\/p>\n\n\n\n<!--more-->\n\n\n\n<p class=\"wp-block-paragraph\">En general, el poema est\u00e1 construido con ese tono \u00e1rido y desesperanzado de <em>La tierra bald\u00eda \u2013 que <\/em>Eliot hab\u00eda publicado tres a\u00f1os atr\u00e1s \u2013, una de las obras que le consagr\u00f3 entre los grandes poetas de la lengua inglesa, muchos a\u00f1os antes de que ganara el Premio Nobel de Literatura (1948).<\/p>\n\n\n\n<h4 class=\"wp-block-heading\" style=\"font-size:24px\"><strong>Recreando a Dante<\/strong><\/h4>\n\n\n\n<p class=\"wp-block-paragraph\"><em>Los hombres huecos <\/em>describe en apenas cinco poemas el deambular de estas personas en el otro mundo, un lugar triste y sin esperanza que los estudiosos han relacionado con el tercer canto de la <em>Divina Comedia <\/em>de Dante.<\/p>\n\n\n\n<p class=\"wp-block-paragraph\">Los huecos protagonistas de Eliot caminan en un lugar parecido: una \u201c<em>tierra muerta\u201d <\/em>donde estrellas declinan: \u201c<em>no hay ojos aqu\u00ed \/ en este valle de estrellas que mueren\u201d. <\/em>Pero el parecido no se limita a la descripci\u00f3n o el tono, pues ambos poemas reflejan hay un profundo sentido religioso.<\/p>\n\n\n\n<p class=\"wp-block-paragraph\">Comparten un paisaje estremecedor. Lo anticipa el verso del florentino inscrito en las puertas del infierno: <em>\u201cDejad, los que aqu\u00ed entr\u00e1is, toda esperanza\u201d<\/em>.<\/p>\n\n\n\n<p class=\"wp-block-paragraph\">Y ambos lo protagonizan gentes inconscientes y\/o ignorantes. Virgilio le dice a Dante, impresionado al leer la inscripci\u00f3n citada: \u201c<em>Hemos llegado al sitio que te he dicho\/ en que ver\u00e1s las gentes doloridas\/ <\/em><em><strong>que perdieron el bien del intelecto<\/strong><\/em><em>\u201d <\/em>(las negritas son m\u00edas).<\/p>\n\n\n\n<h4 class=\"wp-block-heading\" style=\"font-size:24px\"><strong>Intuyendo el <\/strong><strong>esp\u00edritu <\/strong><strong>del siglo veinte<\/strong><\/h4>\n\n\n\n<p class=\"wp-block-paragraph\">La \u00e9poca en la que Eliot escribi\u00f3 <em>Los hombres huecos<\/em>, conocida posteriormente como los felices a\u00f1os veinte, no parece concordar con el car\u00e1cter ceniciento de su contenido.<\/p>\n\n\n\n<p class=\"wp-block-paragraph\">Aunque quiz\u00e1 fuera el poeta quien no se encontraba del todo a gusto en el esp\u00edritu de aquel tiempo, con las heridas a\u00fan abiertas de la I Guerra Mundial o, en el terreno personal, el matrimonio fallido con su primera esposa, Vivienne Haigh-Wood, su renuncia a la nacionadidad estadounidense y su conversi\u00f3n al anglicanismo.<\/p>\n\n\n\n<p class=\"wp-block-paragraph\">En todo caso, sus versos, tanto en <em>Los hombres huecos <\/em>como en <em>La tierra bald\u00eda <\/em>resultar\u00edan premonitorios; trascurrido un siglo largo de su creaci\u00f3n, llegaron a captar el aut\u00e9ntico <em>zeitgeist <\/em>del siglo veinte, una centuria marcada por la sangre y el horror de dos guerras mundiales y la posterior guerra fr\u00eda con sus coletazos a destiempo.<\/p>\n\n\n\n<p class=\"wp-block-paragraph\">Intuci\u00f3n visionaria del poeta llamado de la melancol\u00eda gris, de im\u00e1genes \u00e1speras que ya se observan en poemas anteriores como <em>Rapsodia de una noche de viento, <\/em>incluido en <em>Prufock y otras observaciones <\/em>(1917): \u201c<em>La memoria arroja y deja en seco \/ una multitud de cosas retorcidas; \/ una rama retorcida en la playa, \/ devorada, lisa y pulida \/ como si el mundo rindiera \/ el secreto de su esqueleto \/ r\u00edgido y blanco.\u201d<\/em><\/p>\n\n\n\n<p class=\"wp-block-paragraph\">Y sobre todo en el ya citado <em>La tierra bald\u00eda. <\/em>Un verso m\u00e1s como ejemplo: <em>\u201cno hay ni silencio en las monta\u00f1as\/ sino seco trueno est\u00e9ril sin lluvia\u201d.<\/em><\/p>\n\n\n\n<h4 class=\"wp-block-heading\" style=\"font-size:24px\"><strong>Joseph Conrad y Guy Fawkes<\/strong><\/h4>\n\n\n\n<p class=\"wp-block-paragraph\"><em>Los hombres huecos <\/em>cita en su ep\u00edgrafe la novela de Joseph Conrad <em>El coraz\u00f3n de las tinieblas, <\/em>quiz\u00e1 la m\u00e1s famosa de su autor. El libro, que narra las peripecias de Marlow en busca de Kurtz en el interior de \u00c1frica, se hab\u00eda publicado en 1899 y, aunque no tuvo demasiado \u00e9xito, atrajo sin duda a Eliot.<\/p>\n\n\n\n<p class=\"wp-block-paragraph\">Ya hab\u00eda pretendido incluir un ep\u00edgrafe de esta novela en <em>La tierra bald\u00eda, <\/em>pero su amigo y poeta Ezra Pound, que ley\u00f3 el libro antes de su publicaci\u00f3n, se lo desaconsej\u00f3, lo que no evit\u00f3 que finalmente utilizara el ep\u00edgrafe en <em>Los hombres huecos.<\/em><\/p>\n\n\n\n<p class=\"wp-block-paragraph\">Tambi\u00e9n en este poema hay una referencia singular: \u201cUn penique para el viejo Guy Fawkes\u201d. Fawkes fue condenado a muerte y colgado en la horca por intentar volar con explosivos la sede del Parlamento brit\u00e1nico en 1605.<\/p>\n\n\n\n<p class=\"wp-block-paragraph\">El complot se recuerda todos los a\u00f1os en el Reino Unido con hogueras en las que se queman figuras rellenas de paja que representan a Guy Fawkes mientras los ni\u00f1os cantan <em>\u201cUn penique para el viejo Guy Fawkes\u201d<\/em>.<\/p>\n\n\n\n<p class=\"wp-block-paragraph\">La imagen de estas figuras rellenas de paja es la que toma el poeta para encarnar a los protagonistas de <em>Los hombres huecos. <\/em>Pero la interpretaci\u00f3n de su relaci\u00f3n con el poema m\u00e1s all\u00e1 de lo obvio excede los l\u00edmites de un texto como este que s\u00f3lo pretende recordar la vigencia del poema en su aniversario.<\/p>\n\n\n\n<h4 class=\"wp-block-heading\" style=\"font-size:24px\"><strong>Uno de los versos m\u00e1s citados de la poes\u00eda en lengua inglesa<\/strong><\/h4>\n\n\n\n<p class=\"wp-block-paragraph\">Una \u00faltima caracter\u00edstica a rese\u00f1ar de <em>Los hombres huecos<\/em>. Los versos finales son probablemente algunos de los m\u00e1s citados de la poes\u00eda en lengua inglesa <a href=\"https:\/\/archive.nytimes.com\/www.nytimes.com\/books\/97\/04\/20\/reviews\/eliot-obit.html\" target=\"_blank\" rel=\"noreferrer noopener\">de todos los tiempos<\/a>: <em>\u201cAs\u00ed es como acaba el mundo \/ no con una explosi\u00f3n, si no con un quejido\u201d.<\/em><\/p>\n\n\n\n<p class=\"wp-block-paragraph\">En 2012 el escritor <a href=\"https:\/\/en.wikipedia.org\/wiki\/Mark_Forsyth\" target=\"_blank\" rel=\"noreferrer noopener nofollow\">Mark Forsyth<\/a> hizo una comprobaci\u00f3n busc\u00e1ndo en Google cu\u00e1ntas veces aparec\u00edan citados en el buscador versos famosos de la poes\u00eda inglesa y este result\u00f3 citado m\u00e1s de cinco millones de veces.<\/p>\n\n\n\n<p class=\"wp-block-paragraph\"><a href=\"https:\/\/blog.inkyfool.com\/2012\/01\/fifty-most-quoted-lines-of-poetry.html\" target=\"_blank\" rel=\"noreferrer noopener nofollow\">En la lista <\/a>de los cincuenta versos m\u00e1s citados en lengua inglesa que prepar\u00f3 Forsyth el de Eliot qued\u00f3 el sexto tras Alexander Pope, William Ernest Henley, William Wordsworth (tercer y cuarto puesto) y Robert Frost.<\/p>\n\n\n\n<hr class=\"wp-block-separator has-alpha-channel-opacity\"\/>\n\n\n\n<p class=\"has-small-font-size wp-block-paragraph\">Imagen de portada: Dante y Virgilio en el infierno de los hip\u00f3critas, grabado de Gustave Dor\u00e9. Dominio P\u00fablico.<\/p>\n\n\n\n<hr class=\"wp-block-separator has-alpha-channel-opacity\"\/>\n\n\n\n<p class=\"wp-block-paragraph\">Para recibir nuestros reportajes y otras sugerencias, suscr\u00edbete a la newsletter quincenal \ud83d\udc47\ud83c\udffb<\/p>\n\n\n\n<div style=\"display: flex; justify-content: center; margin: 20px 0;\">\n  <iframe loading=\"lazy\" src=\"https:\/\/primerborradores.substack.com\/embed\" width=\"480\" height=\"320\" style=\"border: 1px solid #EEE; background: white\" frameborder=\"0\" scrolling=\"no\"><\/iframe><\/iframe>\n<\/div>\n","protected":false},"excerpt":{"rendered":"<p>Se cumplen en 2025 cien a\u00f1os de la publicaci\u00f3n de Los hombres huecos del poeta T.S.Eliot. Releo la versi\u00f3n del poema en espa\u00f1ol que tradujo Jos\u00e9 Mar\u00eda Valverde y siento una mezcla de alivio e inquietud al comprobar en sus palabras que la inconsciencia (o ignorancia si lo prefieren) sigue tan vigente ahora como lo&hellip;&nbsp;<a href=\"https:\/\/primerborrador.es\/index.php\/2025\/01\/03\/la-vigente-inconsciencia-los-hombres-huecos-de-t-s-eliot\/\" rel=\"bookmark\">Leer m\u00e1s &raquo;<span class=\"screen-reader-text\">La vigente inconsciencia: Los hombres huecos de T.S.Eliot<\/span><\/a><\/p>\n","protected":false},"author":1,"featured_media":3976,"comment_status":"open","ping_status":"closed","sticky":false,"template":"","format":"standard","meta":{"neve_meta_sidebar":"","neve_meta_container":"","neve_meta_enable_content_width":"","neve_meta_content_width":0,"neve_meta_title_alignment":"","neve_meta_author_avatar":"","neve_post_elements_order":"","neve_meta_disable_header":"","neve_meta_disable_footer":"","neve_meta_disable_title":"","_ayudawp_aiss_exclude":false,"_ayudawp_aiss_exclude_summary":false,"_ayudawp_aiss_summary":"","_ayudawp_aiss_summary_provider":"","_ayudawp_aiss_summary_hash":"","footnotes":""},"categories":[4,3,8],"tags":[674,672,673,671],"class_list":["post-3970","post","type-post","status-publish","format-standard","has-post-thumbnail","hentry","category-cronicas","category-libros","category-poesia","tag-conrad","tag-dante","tag-guy-fawkes","tag-t-s-eliot"],"yoast_head":"<!-- This site is optimized with the Yoast SEO plugin v28.3 - https:\/\/yoast.com\/product\/yoast-seo-wordpress\/ -->\n<title>La vigente inconsciencia: Los hombres huecos de T.S.Eliot - Primer borrador<\/title>\n<meta name=\"description\" content=\"Se cumplen este 2025 recien empezado cien a\u00f1os de la publicaci\u00f3n de Los hombres huecos del poeta T.S.Eliot.\" \/>\n<meta name=\"robots\" content=\"index, follow, max-snippet:-1, max-image-preview:large, max-video-preview:-1\" \/>\n<link rel=\"canonical\" href=\"https:\/\/primerborrador.es\/index.php\/2025\/01\/03\/la-vigente-inconsciencia-los-hombres-huecos-de-t-s-eliot\/\" \/>\n<meta property=\"og:locale\" content=\"es_ES\" \/>\n<meta property=\"og:type\" content=\"article\" \/>\n<meta property=\"og:title\" content=\"La vigente inconsciencia: Los hombres huecos de T.S.Eliot - Primer borrador\" \/>\n<meta property=\"og:description\" content=\"Se cumplen este 2025 recien empezado cien a\u00f1os de la publicaci\u00f3n de Los hombres huecos del poeta T.S.Eliot.\" \/>\n<meta property=\"og:url\" content=\"https:\/\/primerborrador.es\/index.php\/2025\/01\/03\/la-vigente-inconsciencia-los-hombres-huecos-de-t-s-eliot\/\" \/>\n<meta property=\"og:site_name\" content=\"Primer borrador\" \/>\n<meta property=\"article:published_time\" content=\"2025-01-03T08:46:55+00:00\" \/>\n<meta property=\"article:modified_time\" content=\"2026-05-02T20:10:33+00:00\" \/>\n<meta property=\"og:image\" content=\"https:\/\/primerborrador.es\/wp-content\/uploads\/2024\/12\/Dore-Inferno-HypocritesAddressDante.jpg\" \/>\n\t<meta property=\"og:image:width\" content=\"1280\" \/>\n\t<meta property=\"og:image:height\" content=\"1011\" \/>\n\t<meta property=\"og:image:type\" content=\"image\/jpeg\" \/>\n<meta name=\"author\" content=\"Santiago P\u00e9rez\" \/>\n<script type=\"application\/ld+json\" class=\"yoast-schema-graph\">{\"@context\":\"https:\\\/\\\/schema.org\",\"@graph\":[{\"@type\":\"Article\",\"@id\":\"https:\\\/\\\/primerborrador.es\\\/index.php\\\/2025\\\/01\\\/03\\\/la-vigente-inconsciencia-los-hombres-huecos-de-t-s-eliot\\\/#article\",\"isPartOf\":{\"@id\":\"https:\\\/\\\/primerborrador.es\\\/index.php\\\/2025\\\/01\\\/03\\\/la-vigente-inconsciencia-los-hombres-huecos-de-t-s-eliot\\\/\"},\"author\":{\"name\":\"Santiago P\u00e9rez\",\"@id\":\"https:\\\/\\\/primerborrador.es\\\/#\\\/schema\\\/person\\\/39b8af43fb1e2774f05a0812a8f21bbc\"},\"headline\":\"La vigente inconsciencia: Los hombres huecos de T.S.Eliot\",\"datePublished\":\"2025-01-03T08:46:55+00:00\",\"dateModified\":\"2026-05-02T20:10:33+00:00\",\"mainEntityOfPage\":{\"@id\":\"https:\\\/\\\/primerborrador.es\\\/index.php\\\/2025\\\/01\\\/03\\\/la-vigente-inconsciencia-los-hombres-huecos-de-t-s-eliot\\\/\"},\"wordCount\":1042,\"commentCount\":0,\"publisher\":{\"@id\":\"https:\\\/\\\/primerborrador.es\\\/#\\\/schema\\\/person\\\/39b8af43fb1e2774f05a0812a8f21bbc\"},\"image\":{\"@id\":\"https:\\\/\\\/primerborrador.es\\\/index.php\\\/2025\\\/01\\\/03\\\/la-vigente-inconsciencia-los-hombres-huecos-de-t-s-eliot\\\/#primaryimage\"},\"thumbnailUrl\":\"https:\\\/\\\/primerborrador.es\\\/wp-content\\\/uploads\\\/2024\\\/12\\\/Dore-Inferno-HypocritesAddressDante.jpg\",\"keywords\":[\"Conrad\",\"Dante\",\"Guy-Fawkes\",\"T.S.Eliot\"],\"articleSection\":[\"Cr\u00f3nicas\",\"Libros\",\"Poes\u00eda\"],\"inLanguage\":\"es\",\"potentialAction\":[{\"@type\":\"CommentAction\",\"name\":\"Comment\",\"target\":[\"https:\\\/\\\/primerborrador.es\\\/index.php\\\/2025\\\/01\\\/03\\\/la-vigente-inconsciencia-los-hombres-huecos-de-t-s-eliot\\\/#respond\"]}]},{\"@type\":\"WebPage\",\"@id\":\"https:\\\/\\\/primerborrador.es\\\/index.php\\\/2025\\\/01\\\/03\\\/la-vigente-inconsciencia-los-hombres-huecos-de-t-s-eliot\\\/\",\"url\":\"https:\\\/\\\/primerborrador.es\\\/index.php\\\/2025\\\/01\\\/03\\\/la-vigente-inconsciencia-los-hombres-huecos-de-t-s-eliot\\\/\",\"name\":\"La vigente inconsciencia: Los hombres huecos de T.S.Eliot - Primer borrador\",\"isPartOf\":{\"@id\":\"https:\\\/\\\/primerborrador.es\\\/#website\"},\"primaryImageOfPage\":{\"@id\":\"https:\\\/\\\/primerborrador.es\\\/index.php\\\/2025\\\/01\\\/03\\\/la-vigente-inconsciencia-los-hombres-huecos-de-t-s-eliot\\\/#primaryimage\"},\"image\":{\"@id\":\"https:\\\/\\\/primerborrador.es\\\/index.php\\\/2025\\\/01\\\/03\\\/la-vigente-inconsciencia-los-hombres-huecos-de-t-s-eliot\\\/#primaryimage\"},\"thumbnailUrl\":\"https:\\\/\\\/primerborrador.es\\\/wp-content\\\/uploads\\\/2024\\\/12\\\/Dore-Inferno-HypocritesAddressDante.jpg\",\"datePublished\":\"2025-01-03T08:46:55+00:00\",\"dateModified\":\"2026-05-02T20:10:33+00:00\",\"description\":\"Se cumplen este 2025 recien empezado cien a\u00f1os de la publicaci\u00f3n de Los hombres huecos del poeta T.S.Eliot.\",\"breadcrumb\":{\"@id\":\"https:\\\/\\\/primerborrador.es\\\/index.php\\\/2025\\\/01\\\/03\\\/la-vigente-inconsciencia-los-hombres-huecos-de-t-s-eliot\\\/#breadcrumb\"},\"inLanguage\":\"es\",\"potentialAction\":[{\"@type\":\"ReadAction\",\"target\":[\"https:\\\/\\\/primerborrador.es\\\/index.php\\\/2025\\\/01\\\/03\\\/la-vigente-inconsciencia-los-hombres-huecos-de-t-s-eliot\\\/\"]}]},{\"@type\":\"ImageObject\",\"inLanguage\":\"es\",\"@id\":\"https:\\\/\\\/primerborrador.es\\\/index.php\\\/2025\\\/01\\\/03\\\/la-vigente-inconsciencia-los-hombres-huecos-de-t-s-eliot\\\/#primaryimage\",\"url\":\"https:\\\/\\\/primerborrador.es\\\/wp-content\\\/uploads\\\/2024\\\/12\\\/Dore-Inferno-HypocritesAddressDante.jpg\",\"contentUrl\":\"https:\\\/\\\/primerborrador.es\\\/wp-content\\\/uploads\\\/2024\\\/12\\\/Dore-Inferno-HypocritesAddressDante.jpg\",\"width\":1280,\"height\":1011,\"caption\":\"El infierno de Dante visto por Gustave Dor\u00e9\"},{\"@type\":\"BreadcrumbList\",\"@id\":\"https:\\\/\\\/primerborrador.es\\\/index.php\\\/2025\\\/01\\\/03\\\/la-vigente-inconsciencia-los-hombres-huecos-de-t-s-eliot\\\/#breadcrumb\",\"itemListElement\":[{\"@type\":\"ListItem\",\"position\":1,\"name\":\"Home\",\"item\":\"https:\\\/\\\/primerborrador.es\\\/\"},{\"@type\":\"ListItem\",\"position\":2,\"name\":\"La vigente inconsciencia: Los hombres huecos de T.S.Eliot\"}]},{\"@type\":\"WebSite\",\"@id\":\"https:\\\/\\\/primerborrador.es\\\/#website\",\"url\":\"https:\\\/\\\/primerborrador.es\\\/\",\"name\":\"Primer borrador\",\"description\":\"Revista mensual de arte, literatura y jazz\",\"publisher\":{\"@id\":\"https:\\\/\\\/primerborrador.es\\\/#\\\/schema\\\/person\\\/39b8af43fb1e2774f05a0812a8f21bbc\"},\"potentialAction\":[{\"@type\":\"SearchAction\",\"target\":{\"@type\":\"EntryPoint\",\"urlTemplate\":\"https:\\\/\\\/primerborrador.es\\\/?s={search_term_string}\"},\"query-input\":{\"@type\":\"PropertyValueSpecification\",\"valueRequired\":true,\"valueName\":\"search_term_string\"}}],\"inLanguage\":\"es\"},{\"@type\":[\"Person\",\"Organization\"],\"@id\":\"https:\\\/\\\/primerborrador.es\\\/#\\\/schema\\\/person\\\/39b8af43fb1e2774f05a0812a8f21bbc\",\"name\":\"Santiago P\u00e9rez\",\"image\":{\"@type\":\"ImageObject\",\"inLanguage\":\"es\",\"@id\":\"https:\\\/\\\/primerborrador.es\\\/wp-content\\\/uploads\\\/2021\\\/02\\\/cropped-feather1-e1621103417910.png\",\"url\":\"https:\\\/\\\/primerborrador.es\\\/wp-content\\\/uploads\\\/2021\\\/02\\\/cropped-feather1-e1621103417910.png\",\"contentUrl\":\"https:\\\/\\\/primerborrador.es\\\/wp-content\\\/uploads\\\/2021\\\/02\\\/cropped-feather1-e1621103417910.png\",\"width\":256,\"height\":256,\"caption\":\"Santiago P\u00e9rez\"},\"logo\":{\"@id\":\"https:\\\/\\\/primerborrador.es\\\/wp-content\\\/uploads\\\/2021\\\/02\\\/cropped-feather1-e1621103417910.png\"},\"description\":\"Periodista. Escribo, desde Cadiz, sobre lo que me interesa: arte contempor\u00e1neo, literatura y m\u00fasica. Creo en la libertad de contar. Y tambi\u00e9n en la de elegir lo que quiero y no quiero leer.\",\"sameAs\":[\"https:\\\/\\\/primerborrador.es\"],\"url\":\"https:\\\/\\\/primerborrador.es\\\/index.php\\\/author\\\/santiagomperezm\\\/\"}]}<\/script>\n<!-- \/ Yoast SEO plugin. -->","yoast_head_json":{"title":"La vigente inconsciencia: Los hombres huecos de T.S.Eliot - Primer borrador","description":"Se cumplen este 2025 recien empezado cien a\u00f1os de la publicaci\u00f3n de Los hombres huecos del poeta T.S.Eliot.","robots":{"index":"index","follow":"follow","max-snippet":"max-snippet:-1","max-image-preview":"max-image-preview:large","max-video-preview":"max-video-preview:-1"},"canonical":"https:\/\/primerborrador.es\/index.php\/2025\/01\/03\/la-vigente-inconsciencia-los-hombres-huecos-de-t-s-eliot\/","og_locale":"es_ES","og_type":"article","og_title":"La vigente inconsciencia: Los hombres huecos de T.S.Eliot - Primer borrador","og_description":"Se cumplen este 2025 recien empezado cien a\u00f1os de la publicaci\u00f3n de Los hombres huecos del poeta T.S.Eliot.","og_url":"https:\/\/primerborrador.es\/index.php\/2025\/01\/03\/la-vigente-inconsciencia-los-hombres-huecos-de-t-s-eliot\/","og_site_name":"Primer borrador","article_published_time":"2025-01-03T08:46:55+00:00","article_modified_time":"2026-05-02T20:10:33+00:00","og_image":[{"width":1280,"height":1011,"url":"https:\/\/primerborrador.es\/wp-content\/uploads\/2024\/12\/Dore-Inferno-HypocritesAddressDante.jpg","type":"image\/jpeg"}],"author":"Santiago P\u00e9rez","schema":{"@context":"https:\/\/schema.org","@graph":[{"@type":"Article","@id":"https:\/\/primerborrador.es\/index.php\/2025\/01\/03\/la-vigente-inconsciencia-los-hombres-huecos-de-t-s-eliot\/#article","isPartOf":{"@id":"https:\/\/primerborrador.es\/index.php\/2025\/01\/03\/la-vigente-inconsciencia-los-hombres-huecos-de-t-s-eliot\/"},"author":{"name":"Santiago P\u00e9rez","@id":"https:\/\/primerborrador.es\/#\/schema\/person\/39b8af43fb1e2774f05a0812a8f21bbc"},"headline":"La vigente inconsciencia: Los hombres huecos de T.S.Eliot","datePublished":"2025-01-03T08:46:55+00:00","dateModified":"2026-05-02T20:10:33+00:00","mainEntityOfPage":{"@id":"https:\/\/primerborrador.es\/index.php\/2025\/01\/03\/la-vigente-inconsciencia-los-hombres-huecos-de-t-s-eliot\/"},"wordCount":1042,"commentCount":0,"publisher":{"@id":"https:\/\/primerborrador.es\/#\/schema\/person\/39b8af43fb1e2774f05a0812a8f21bbc"},"image":{"@id":"https:\/\/primerborrador.es\/index.php\/2025\/01\/03\/la-vigente-inconsciencia-los-hombres-huecos-de-t-s-eliot\/#primaryimage"},"thumbnailUrl":"https:\/\/primerborrador.es\/wp-content\/uploads\/2024\/12\/Dore-Inferno-HypocritesAddressDante.jpg","keywords":["Conrad","Dante","Guy-Fawkes","T.S.Eliot"],"articleSection":["Cr\u00f3nicas","Libros","Poes\u00eda"],"inLanguage":"es","potentialAction":[{"@type":"CommentAction","name":"Comment","target":["https:\/\/primerborrador.es\/index.php\/2025\/01\/03\/la-vigente-inconsciencia-los-hombres-huecos-de-t-s-eliot\/#respond"]}]},{"@type":"WebPage","@id":"https:\/\/primerborrador.es\/index.php\/2025\/01\/03\/la-vigente-inconsciencia-los-hombres-huecos-de-t-s-eliot\/","url":"https:\/\/primerborrador.es\/index.php\/2025\/01\/03\/la-vigente-inconsciencia-los-hombres-huecos-de-t-s-eliot\/","name":"La vigente inconsciencia: Los hombres huecos de T.S.Eliot - Primer borrador","isPartOf":{"@id":"https:\/\/primerborrador.es\/#website"},"primaryImageOfPage":{"@id":"https:\/\/primerborrador.es\/index.php\/2025\/01\/03\/la-vigente-inconsciencia-los-hombres-huecos-de-t-s-eliot\/#primaryimage"},"image":{"@id":"https:\/\/primerborrador.es\/index.php\/2025\/01\/03\/la-vigente-inconsciencia-los-hombres-huecos-de-t-s-eliot\/#primaryimage"},"thumbnailUrl":"https:\/\/primerborrador.es\/wp-content\/uploads\/2024\/12\/Dore-Inferno-HypocritesAddressDante.jpg","datePublished":"2025-01-03T08:46:55+00:00","dateModified":"2026-05-02T20:10:33+00:00","description":"Se cumplen este 2025 recien empezado cien a\u00f1os de la publicaci\u00f3n de Los hombres huecos del poeta T.S.Eliot.","breadcrumb":{"@id":"https:\/\/primerborrador.es\/index.php\/2025\/01\/03\/la-vigente-inconsciencia-los-hombres-huecos-de-t-s-eliot\/#breadcrumb"},"inLanguage":"es","potentialAction":[{"@type":"ReadAction","target":["https:\/\/primerborrador.es\/index.php\/2025\/01\/03\/la-vigente-inconsciencia-los-hombres-huecos-de-t-s-eliot\/"]}]},{"@type":"ImageObject","inLanguage":"es","@id":"https:\/\/primerborrador.es\/index.php\/2025\/01\/03\/la-vigente-inconsciencia-los-hombres-huecos-de-t-s-eliot\/#primaryimage","url":"https:\/\/primerborrador.es\/wp-content\/uploads\/2024\/12\/Dore-Inferno-HypocritesAddressDante.jpg","contentUrl":"https:\/\/primerborrador.es\/wp-content\/uploads\/2024\/12\/Dore-Inferno-HypocritesAddressDante.jpg","width":1280,"height":1011,"caption":"El infierno de Dante visto por Gustave Dor\u00e9"},{"@type":"BreadcrumbList","@id":"https:\/\/primerborrador.es\/index.php\/2025\/01\/03\/la-vigente-inconsciencia-los-hombres-huecos-de-t-s-eliot\/#breadcrumb","itemListElement":[{"@type":"ListItem","position":1,"name":"Home","item":"https:\/\/primerborrador.es\/"},{"@type":"ListItem","position":2,"name":"La vigente inconsciencia: Los hombres huecos de T.S.Eliot"}]},{"@type":"WebSite","@id":"https:\/\/primerborrador.es\/#website","url":"https:\/\/primerborrador.es\/","name":"Primer borrador","description":"Revista mensual de arte, literatura y jazz","publisher":{"@id":"https:\/\/primerborrador.es\/#\/schema\/person\/39b8af43fb1e2774f05a0812a8f21bbc"},"potentialAction":[{"@type":"SearchAction","target":{"@type":"EntryPoint","urlTemplate":"https:\/\/primerborrador.es\/?s={search_term_string}"},"query-input":{"@type":"PropertyValueSpecification","valueRequired":true,"valueName":"search_term_string"}}],"inLanguage":"es"},{"@type":["Person","Organization"],"@id":"https:\/\/primerborrador.es\/#\/schema\/person\/39b8af43fb1e2774f05a0812a8f21bbc","name":"Santiago P\u00e9rez","image":{"@type":"ImageObject","inLanguage":"es","@id":"https:\/\/primerborrador.es\/wp-content\/uploads\/2021\/02\/cropped-feather1-e1621103417910.png","url":"https:\/\/primerborrador.es\/wp-content\/uploads\/2021\/02\/cropped-feather1-e1621103417910.png","contentUrl":"https:\/\/primerborrador.es\/wp-content\/uploads\/2021\/02\/cropped-feather1-e1621103417910.png","width":256,"height":256,"caption":"Santiago P\u00e9rez"},"logo":{"@id":"https:\/\/primerborrador.es\/wp-content\/uploads\/2021\/02\/cropped-feather1-e1621103417910.png"},"description":"Periodista. Escribo, desde Cadiz, sobre lo que me interesa: arte contempor\u00e1neo, literatura y m\u00fasica. Creo en la libertad de contar. Y tambi\u00e9n en la de elegir lo que quiero y no quiero leer.","sameAs":["https:\/\/primerborrador.es"],"url":"https:\/\/primerborrador.es\/index.php\/author\/santiagomperezm\/"}]}},"_links":{"self":[{"href":"https:\/\/primerborrador.es\/index.php\/wp-json\/wp\/v2\/posts\/3970","targetHints":{"allow":["GET"]}}],"collection":[{"href":"https:\/\/primerborrador.es\/index.php\/wp-json\/wp\/v2\/posts"}],"about":[{"href":"https:\/\/primerborrador.es\/index.php\/wp-json\/wp\/v2\/types\/post"}],"author":[{"embeddable":true,"href":"https:\/\/primerborrador.es\/index.php\/wp-json\/wp\/v2\/users\/1"}],"replies":[{"embeddable":true,"href":"https:\/\/primerborrador.es\/index.php\/wp-json\/wp\/v2\/comments?post=3970"}],"version-history":[{"count":1,"href":"https:\/\/primerborrador.es\/index.php\/wp-json\/wp\/v2\/posts\/3970\/revisions"}],"predecessor-version":[{"id":5248,"href":"https:\/\/primerborrador.es\/index.php\/wp-json\/wp\/v2\/posts\/3970\/revisions\/5248"}],"wp:featuredmedia":[{"embeddable":true,"href":"https:\/\/primerborrador.es\/index.php\/wp-json\/wp\/v2\/media\/3976"}],"wp:attachment":[{"href":"https:\/\/primerborrador.es\/index.php\/wp-json\/wp\/v2\/media?parent=3970"}],"wp:term":[{"taxonomy":"category","embeddable":true,"href":"https:\/\/primerborrador.es\/index.php\/wp-json\/wp\/v2\/categories?post=3970"},{"taxonomy":"post_tag","embeddable":true,"href":"https:\/\/primerborrador.es\/index.php\/wp-json\/wp\/v2\/tags?post=3970"}],"curies":[{"name":"wp","href":"https:\/\/api.w.org\/{rel}","templated":true}]}}