{"id":3836,"date":"2024-12-03T12:09:28","date_gmt":"2024-12-03T11:09:28","guid":{"rendered":"https:\/\/primerborrador.es\/?p=3836"},"modified":"2024-12-03T12:45:23","modified_gmt":"2024-12-03T11:45:23","slug":"jesus-salado-somos-muy-pocos-los-dibujantes-del-cielo","status":"publish","type":"post","link":"https:\/\/primerborrador.es\/index.php\/2024\/12\/03\/jesus-salado-somos-muy-pocos-los-dibujantes-del-cielo\/","title":{"rendered":"Jes\u00fas Salado: \u00abSomos muy pocos los dibujantes del cielo\u00bb"},"content":{"rendered":"\n<p class=\"wp-block-paragraph\">No es corriente encontrar en C\u00e1diz a una persona como Jes\u00fas Salado, un testigo de la naturaleza nocturna. Transforma en obras de arte las estrellas, nebulosas y galaxias que observa, un tema poco habitual en la pintura: \u201cSomos muy pocos los dibujantes del cielo\u201d, dice en esta entrevista.<\/p>\n\n\n\n<p class=\"wp-block-paragraph\">El t\u00edtulo de su sitio web es revelador: <em><a href=\"https:\/\/dibujoastronomico.jesussalado.com\/\" target=\"_blank\" rel=\"noreferrer noopener\">Cuaderno de campo del cielo profundo.<\/a> <\/em>Revelador porque un cuaderno de campo no es m\u00e1s que un libro en el que un cient\u00edfico anota lo que ve, recopila datos. Bien en forma de lenguaje, bien en forma gr\u00e1fica; tambi\u00e9n lo hacen el artista o el escritor. Algo simple, preciso y \u00fatil, un cuaderno del trabajo en proceso.<\/p>\n\n\n\n<p class=\"wp-block-paragraph\">Y revelador tambi\u00e9n de lo que traslada al espectador en su pintura, en buena parte de ella: el cielo profundo, el cielo que es cada vez m\u00e1s dif\u00edcil, imposible en muchos lugares, contemplar a simple vista debido a la contaminaci\u00f3n lumimosa de las ciudades.<\/p>\n\n\n\n<h3 class=\"wp-block-heading\" style=\"border-style:none;border-width:0px;border-radius:0px;font-size:24px\"><strong>El lado oscuro<\/strong><\/h3>\n\n\n\n<p class=\"wp-block-paragraph\">En un momento de la entrevista Jes\u00fas Salado compara la contaminaci\u00f3n lum\u00ednica con el hecho de arrojar basura a un monumento. Resulta chocante que algo tan valorado por la sociedad moderna como la luz el\u00e9ctrica pueda ser considerado contaminante. Pero es una realidad: la luz nos priva del derecho a la oscuridad y es la oscuridad quien nos permite observar las estrellas a simple vista.<\/p>\n\n\n\n<p class=\"wp-block-paragraph\">Aunque <a href=\"https:\/\/www.ugr.es\/~ophe\/002INTERNACIONAL\/002-002c.htm\" target=\"_blank\" rel=\"noreferrer noopener nofollow\">a\u00fan queda camino<\/a> para que la UNESCO declare el cielo nocturno como patrimonio de la humanidad, <a href=\"https:\/\/guaix.fis.ucm.es\/reecl\/node\/87\" target=\"_blank\" rel=\"noreferrer noopener nofollow\">son numerosas las iniciativas<\/a> que trabajan para conseguir este objetivo, que bien podr\u00eda ser una caracter\u00edstica de un modo de vida m\u00e1s pausado y m\u00e1s respetuoso con la naturaleza.<\/p>\n\n\n\n<p class=\"wp-block-paragraph\">En su actividad como observador y artista, Salado se construye sus propios telescopios para observar el cielo y dibujarlo, cuando no acude a observatorios profesionales como el de <a href=\"https:\/\/www.caha.es\/es\/\" target=\"_blank\" rel=\"noreferrer noopener nofollow\">Calar Alto<\/a> en Almer\u00eda.<\/p>\n\n\n\n<p class=\"wp-block-paragraph\">A simple vista la v\u00eda l\u00e1ctea,ya no se ve desde la Bah\u00ed a de C\u00e1diz, el \u201ccaminito de Santiago\u201d que, recuerda el artista, le ense\u00f1aba su padre cuando era peque\u00f1o, simplemente se\u00f1alando su lugar en el cielo.<\/p>\n\n\n\n<h3 class=\"wp-block-heading\" style=\"font-size:24px\"><strong>Un sendero diferente al de la fotograf\u00eda astron\u00f3mica<\/strong><\/h3>\n\n\n\n<p class=\"wp-block-paragraph\">Los astr\u00f3nomos, los centros cient\u00edficos que estudian los fen\u00f3menos celestes y el universo, emplean la fotograf\u00eda de infrarrojos, como hace el <a href=\"https:\/\/science.nasa.gov\/mission\/webb\/\" target=\"_blank\" rel=\"noreferrer noopener nofollow\">telescopio James Webb<\/a>, para obtener im\u00e1genes del cielo profundo.<\/p>\n\n\n\n<p class=\"wp-block-paragraph\">La fotograf\u00eda, con su precisi\u00f3n, ha superado a los dibujos que hac\u00edan los astr\u00f3nomos. Sin embargo, Salado defiende el moderno dibujo astron\u00f3mico como una disciplina que \u201cest\u00e1 ahora naciendo\u201d y que tendr\u00e1 su recorrido. <\/p>\n\n\n\n<p class=\"wp-block-paragraph\">\u201cAlg\u00fan d\u00eda la gente va a dibujar eso como se dibuja un paisaje, es un tema m\u00e1s\u201d, asegura. Y no resulta dif\u00edcil imaginar en el futuro, con una exploraci\u00f3n que vaya m\u00e1s all\u00e1 de la luna, a un artista dibujando un cielo estelar en las inmediaciones de otro planeta o de otra galaxia.<\/p>\n\n\n\n<p class=\"wp-block-paragraph\">Pero hasta que se pueda llegar all\u00ed, el cielo siempre estar\u00e1 por encima de las cabezas del ser humano.<\/p>\n\n\n\n<figure class=\"wp-block-embed aligncenter is-type-video is-provider-youtube wp-block-embed-youtube wp-embed-aspect-16-9 wp-has-aspect-ratio\"><div class=\"wp-block-embed__wrapper\">\n<div class=\"nv-iframe-embed\"><iframe loading=\"lazy\" title=\"Jes\u00fas Salado, pintor y dibujante astron\u00f3mico: &quot;Somos muy pocos los dibujantes del cielo&quot;\" width=\"1200\" height=\"675\" src=\"https:\/\/www.youtube.com\/embed\/exJWsK_fg9I?feature=oembed\" frameborder=\"0\" allow=\"accelerometer; autoplay; clipboard-write; encrypted-media; gyroscope; picture-in-picture; web-share\" referrerpolicy=\"strict-origin-when-cross-origin\" allowfullscreen><\/iframe><\/div>\n<\/div><\/figure>\n\n\n\n<div style=\"height:26px\" aria-hidden=\"true\" class=\"wp-block-spacer\"><\/div>\n\n\n\n<h3 class=\"wp-block-heading\" style=\"font-size:24px\">\u201c<strong>Me quedar\u00eda con el cielo de Van Gogh\u201d<\/strong><\/h3>\n\n\n\n<p class=\"wp-block-paragraph\">El cielo \u201clo es todo, es fuente de inspiraci\u00f3n, de ciencia, inagotable, es futuro y es pasado\u201d y tambi\u00e9n \u201cuna forma de escape, una manera de hacer un peque\u00f1o hueco en tu vida\u201d. Pero, apunta el pintor, \u201cel cielo, con lo que no funciona es con las ciudades\u201d.<\/p>\n\n\n\n<p class=\"wp-block-paragraph\">Si pudiera estar muy, muy cerca, le gustar\u00eda dibujar la <a href=\"https:\/\/primerborrador.es\/wp-content\/uploads\/2024\/11\/hubble-litho-nebulosa-de-orion-m42.pdf\" target=\"_blank\" rel=\"noreferrer noopener\">Nebulosa M42<\/a> por sus caracter\u00edsticas y por la infinidad de detalles que posee: \u201cun artista pl\u00e1stico no podr\u00eda haberlo hecho mejor, lo tiene todo\u201d.<\/p>\n\n\n<div class=\"wp-block-image\">\n<figure class=\"aligncenter size-full\"><img loading=\"lazy\" decoding=\"async\" width=\"1155\" height=\"664\" src=\"https:\/\/primerborrador.es\/wp-content\/uploads\/2024\/11\/EPSON002.jpg\" alt=\"Imagen de un dibujo de Jes\u00fas Salado\" class=\"wp-image-3865\" srcset=\"https:\/\/primerborrador.es\/wp-content\/uploads\/2024\/11\/EPSON002.jpg 1155w, https:\/\/primerborrador.es\/wp-content\/uploads\/2024\/11\/EPSON002-768x442.jpg 768w\" sizes=\"auto, (max-width: 1155px) 100vw, 1155px\" \/><figcaption class=\"wp-element-caption\">Uno de los dibujos de \u00a9Jes\u00fas Salado. Imagen cortes\u00eda del autor.<\/figcaption><\/figure>\n<\/div>\n\n\n<p class=\"wp-block-paragraph\">Dentro de lo posible, Salado se acerca como observador a la naturaleza y a veces hace dibujo de animales, de aves, habitantes del cielo, lo que requiere unas t\u00e9cnicas de trabajo distintas, pero sobre todo estar \u201cintegrado en la naturaleza\u201d como uno m\u00e1s de sus elementos, \u201cse te olvida que eres un observador\u201d, comenta.<\/p>\n\n\n\n<h3 class=\"wp-block-heading\" style=\"font-size:24px\"><strong>Hacer visible lo invisible<\/strong><\/h3>\n\n\n\n<p class=\"wp-block-paragraph\">Para los artistas siempre ha sido un reto representar el cielo, el que se observa a simple vista. Le pregunto qu\u00e9 artista ha podido representar mejor el cielo en la historia del arte y sugiere los rom\u00e1nticos, Caspar Friedrich por ejemplo.<\/p>\n\n\n\n<p class=\"wp-block-paragraph\">Pero tambi\u00e9n uno de los cuadros m\u00e1s famosos que se han hecho del cielo, la <em>Noche estrellada<\/em> de Vincent Van Gogh.<\/p>\n\n\n\n<p class=\"wp-block-paragraph\">Jes\u00fas Salado no s\u00f3lo es dibujante astron\u00f3mico, tambi\u00e9n es pintor. Define su trabajo art\u00edstico como cercano al expresionismo abstracto. Ha mostrado parte de su obra este oto\u00f1o en la Galer\u00eda Espacio Uno de San Fernando, junto con grandes dibujos y cuadros de cuerpos y fen\u00f3menos celestes.<\/p>\n\n\n\n<p class=\"wp-block-paragraph\">Cita como referentes a Pollock, Rothko o Tapies, y explica que esta forma de pintar suya es una manera de observar la realidad \u201cde forma introspectiva\u201d que le lleva a \u201chacer visible lo invisible\u201d.<\/p>\n\n\n\n<h3 class=\"wp-block-heading\" style=\"font-size:24px\">\u201c<strong>El arte de caballete va a perdurar\u201d<\/strong><\/h3>\n\n\n\n<p class=\"wp-block-paragraph\">El pintor es optimista sobre el futuro tanto del dibujo astron\u00f3mico como del arte de la pintura a pesar de que los avances tecnol\u00f3gicos puedan contagiar a algunas personas de cierto pesimismo al respecto.<\/p>\n\n\n\n<p class=\"wp-block-paragraph\">Hay en su concepci\u00f3n de ambas actividades un elogio de la lentitud, de un hacer pausado de las cosas: \u201cel arte deber\u00eda ser algo que nos cambie un poco despu\u00e9s de verlo y reflexionarlo, pero necesita un tiempo y todo va como demasiado r\u00e1pido\u201d.<\/p>\n\n\n\n<p class=\"wp-block-paragraph\">Por eso, entre otras razones, \u201cel arte de caballete, el arte pl\u00e1stico mat\u00e9rico va a perdurar y no va a ser desbancado por las artes digitales\u201d.<\/p>\n\n\n\n<p class=\"wp-block-paragraph\"><\/p>\n","protected":false},"excerpt":{"rendered":"<p>No es corriente encontrar en C\u00e1diz a una persona como Jes\u00fas Salado, un testigo de la naturaleza nocturna. Transforma en obras de arte las estrellas, nebulosas y galaxias que observa, un tema poco habitual en la pintura: \u201cSomos muy pocos los dibujantes del cielo\u201d, dice en esta entrevista. El t\u00edtulo de su sitio web es&hellip;&nbsp;<a href=\"https:\/\/primerborrador.es\/index.php\/2024\/12\/03\/jesus-salado-somos-muy-pocos-los-dibujantes-del-cielo\/\" rel=\"bookmark\">Leer m\u00e1s &raquo;<span class=\"screen-reader-text\">Jes\u00fas Salado: \u00abSomos muy pocos los dibujantes del cielo\u00bb<\/span><\/a><\/p>\n","protected":false},"author":1,"featured_media":3845,"comment_status":"open","ping_status":"closed","sticky":false,"template":"","format":"standard","meta":{"neve_meta_sidebar":"","neve_meta_container":"","neve_meta_enable_content_width":"","neve_meta_content_width":0,"neve_meta_title_alignment":"","neve_meta_author_avatar":"","neve_post_elements_order":"","neve_meta_disable_header":"","neve_meta_disable_footer":"","neve_meta_disable_title":"","_ayudawp_aiss_exclude":false,"_ayudawp_aiss_exclude_summary":false,"_ayudawp_aiss_summary":"","_ayudawp_aiss_summary_provider":"","_ayudawp_aiss_summary_hash":"","footnotes":""},"categories":[11,5],"tags":[177,649,650,651],"class_list":["post-3836","post","type-post","status-publish","format-standard","has-post-thumbnail","hentry","category-arte","category-entrevistas","tag-arte-cadiz","tag-dibujo-astronomico","tag-jesus-salado","tag-pintura-del-cielo"],"yoast_head":"<!-- This site is optimized with the Yoast SEO plugin v28.3 - https:\/\/yoast.com\/product\/yoast-seo-wordpress\/ -->\n<title>Jes\u00fas Salado: &quot;Somos muy pocos los dibujantes del cielo&quot; - Primer borrador<\/title>\n<meta name=\"description\" content=\"Entrevista al pintor y dibujante astron\u00f3mico afincado en Chiclana (C\u00e1diz) Jes\u00fas Salado: &quot;Somos muy pocos los dibujantes del cielo&quot;\" \/>\n<meta name=\"robots\" content=\"index, follow, max-snippet:-1, max-image-preview:large, max-video-preview:-1\" \/>\n<link rel=\"canonical\" href=\"https:\/\/primerborrador.es\/index.php\/2024\/12\/03\/jesus-salado-somos-muy-pocos-los-dibujantes-del-cielo\/\" \/>\n<meta property=\"og:locale\" content=\"es_ES\" \/>\n<meta property=\"og:type\" content=\"article\" \/>\n<meta property=\"og:title\" content=\"Jes\u00fas Salado: &quot;Somos muy pocos los dibujantes del cielo&quot; - Primer borrador\" \/>\n<meta property=\"og:description\" content=\"Entrevista al pintor y dibujante astron\u00f3mico afincado en Chiclana (C\u00e1diz) Jes\u00fas Salado: &quot;Somos muy pocos los dibujantes del cielo&quot;\" \/>\n<meta property=\"og:url\" content=\"https:\/\/primerborrador.es\/index.php\/2024\/12\/03\/jesus-salado-somos-muy-pocos-los-dibujantes-del-cielo\/\" \/>\n<meta property=\"og:site_name\" content=\"Primer borrador\" \/>\n<meta property=\"article:published_time\" content=\"2024-12-03T11:09:28+00:00\" \/>\n<meta property=\"article:modified_time\" content=\"2024-12-03T11:45:23+00:00\" \/>\n<meta property=\"og:image\" content=\"https:\/\/primerborrador.es\/wp-content\/uploads\/2024\/11\/Cover-entrevista.jpg\" \/>\n\t<meta property=\"og:image:width\" content=\"1600\" \/>\n\t<meta property=\"og:image:height\" content=\"1142\" \/>\n\t<meta property=\"og:image:type\" content=\"image\/jpeg\" \/>\n<meta name=\"author\" content=\"Santiago P\u00e9rez\" \/>\n<script type=\"application\/ld+json\" class=\"yoast-schema-graph\">{\"@context\":\"https:\\\/\\\/schema.org\",\"@graph\":[{\"@type\":\"Article\",\"@id\":\"https:\\\/\\\/primerborrador.es\\\/index.php\\\/2024\\\/12\\\/03\\\/jesus-salado-somos-muy-pocos-los-dibujantes-del-cielo\\\/#article\",\"isPartOf\":{\"@id\":\"https:\\\/\\\/primerborrador.es\\\/index.php\\\/2024\\\/12\\\/03\\\/jesus-salado-somos-muy-pocos-los-dibujantes-del-cielo\\\/\"},\"author\":{\"name\":\"Santiago P\u00e9rez\",\"@id\":\"https:\\\/\\\/primerborrador.es\\\/#\\\/schema\\\/person\\\/39b8af43fb1e2774f05a0812a8f21bbc\"},\"headline\":\"Jes\u00fas Salado: \u00abSomos muy pocos los dibujantes del cielo\u00bb\",\"datePublished\":\"2024-12-03T11:09:28+00:00\",\"dateModified\":\"2024-12-03T11:45:23+00:00\",\"mainEntityOfPage\":{\"@id\":\"https:\\\/\\\/primerborrador.es\\\/index.php\\\/2024\\\/12\\\/03\\\/jesus-salado-somos-muy-pocos-los-dibujantes-del-cielo\\\/\"},\"wordCount\":989,\"commentCount\":0,\"publisher\":{\"@id\":\"https:\\\/\\\/primerborrador.es\\\/#\\\/schema\\\/person\\\/39b8af43fb1e2774f05a0812a8f21bbc\"},\"image\":{\"@id\":\"https:\\\/\\\/primerborrador.es\\\/index.php\\\/2024\\\/12\\\/03\\\/jesus-salado-somos-muy-pocos-los-dibujantes-del-cielo\\\/#primaryimage\"},\"thumbnailUrl\":\"https:\\\/\\\/primerborrador.es\\\/wp-content\\\/uploads\\\/2024\\\/11\\\/Cover-entrevista.jpg\",\"keywords\":[\"arte-cadiz\",\"dibujo-astronomico\",\"jesus-salado\",\"pintura-del-cielo\"],\"articleSection\":[\"Arte\",\"Entrevistas\"],\"inLanguage\":\"es\",\"potentialAction\":[{\"@type\":\"CommentAction\",\"name\":\"Comment\",\"target\":[\"https:\\\/\\\/primerborrador.es\\\/index.php\\\/2024\\\/12\\\/03\\\/jesus-salado-somos-muy-pocos-los-dibujantes-del-cielo\\\/#respond\"]}]},{\"@type\":\"WebPage\",\"@id\":\"https:\\\/\\\/primerborrador.es\\\/index.php\\\/2024\\\/12\\\/03\\\/jesus-salado-somos-muy-pocos-los-dibujantes-del-cielo\\\/\",\"url\":\"https:\\\/\\\/primerborrador.es\\\/index.php\\\/2024\\\/12\\\/03\\\/jesus-salado-somos-muy-pocos-los-dibujantes-del-cielo\\\/\",\"name\":\"Jes\u00fas Salado: \\\"Somos muy pocos los dibujantes del cielo\\\" - Primer borrador\",\"isPartOf\":{\"@id\":\"https:\\\/\\\/primerborrador.es\\\/#website\"},\"primaryImageOfPage\":{\"@id\":\"https:\\\/\\\/primerborrador.es\\\/index.php\\\/2024\\\/12\\\/03\\\/jesus-salado-somos-muy-pocos-los-dibujantes-del-cielo\\\/#primaryimage\"},\"image\":{\"@id\":\"https:\\\/\\\/primerborrador.es\\\/index.php\\\/2024\\\/12\\\/03\\\/jesus-salado-somos-muy-pocos-los-dibujantes-del-cielo\\\/#primaryimage\"},\"thumbnailUrl\":\"https:\\\/\\\/primerborrador.es\\\/wp-content\\\/uploads\\\/2024\\\/11\\\/Cover-entrevista.jpg\",\"datePublished\":\"2024-12-03T11:09:28+00:00\",\"dateModified\":\"2024-12-03T11:45:23+00:00\",\"description\":\"Entrevista al pintor y dibujante astron\u00f3mico afincado en Chiclana (C\u00e1diz) Jes\u00fas Salado: \\\"Somos muy pocos los dibujantes del cielo\\\"\",\"breadcrumb\":{\"@id\":\"https:\\\/\\\/primerborrador.es\\\/index.php\\\/2024\\\/12\\\/03\\\/jesus-salado-somos-muy-pocos-los-dibujantes-del-cielo\\\/#breadcrumb\"},\"inLanguage\":\"es\",\"potentialAction\":[{\"@type\":\"ReadAction\",\"target\":[\"https:\\\/\\\/primerborrador.es\\\/index.php\\\/2024\\\/12\\\/03\\\/jesus-salado-somos-muy-pocos-los-dibujantes-del-cielo\\\/\"]}]},{\"@type\":\"ImageObject\",\"inLanguage\":\"es\",\"@id\":\"https:\\\/\\\/primerborrador.es\\\/index.php\\\/2024\\\/12\\\/03\\\/jesus-salado-somos-muy-pocos-los-dibujantes-del-cielo\\\/#primaryimage\",\"url\":\"https:\\\/\\\/primerborrador.es\\\/wp-content\\\/uploads\\\/2024\\\/11\\\/Cover-entrevista.jpg\",\"contentUrl\":\"https:\\\/\\\/primerborrador.es\\\/wp-content\\\/uploads\\\/2024\\\/11\\\/Cover-entrevista.jpg\",\"width\":1600,\"height\":1142,\"caption\":\"Jes\u00fas Salado explicando uno de sus dibujos. Foto: Santiago P\u00e9rez\"},{\"@type\":\"BreadcrumbList\",\"@id\":\"https:\\\/\\\/primerborrador.es\\\/index.php\\\/2024\\\/12\\\/03\\\/jesus-salado-somos-muy-pocos-los-dibujantes-del-cielo\\\/#breadcrumb\",\"itemListElement\":[{\"@type\":\"ListItem\",\"position\":1,\"name\":\"Home\",\"item\":\"https:\\\/\\\/primerborrador.es\\\/\"},{\"@type\":\"ListItem\",\"position\":2,\"name\":\"Jes\u00fas Salado: \u00abSomos muy pocos los dibujantes del cielo\u00bb\"}]},{\"@type\":\"WebSite\",\"@id\":\"https:\\\/\\\/primerborrador.es\\\/#website\",\"url\":\"https:\\\/\\\/primerborrador.es\\\/\",\"name\":\"Primer borrador\",\"description\":\"Revista mensual de arte, literatura y jazz\",\"publisher\":{\"@id\":\"https:\\\/\\\/primerborrador.es\\\/#\\\/schema\\\/person\\\/39b8af43fb1e2774f05a0812a8f21bbc\"},\"potentialAction\":[{\"@type\":\"SearchAction\",\"target\":{\"@type\":\"EntryPoint\",\"urlTemplate\":\"https:\\\/\\\/primerborrador.es\\\/?s={search_term_string}\"},\"query-input\":{\"@type\":\"PropertyValueSpecification\",\"valueRequired\":true,\"valueName\":\"search_term_string\"}}],\"inLanguage\":\"es\"},{\"@type\":[\"Person\",\"Organization\"],\"@id\":\"https:\\\/\\\/primerborrador.es\\\/#\\\/schema\\\/person\\\/39b8af43fb1e2774f05a0812a8f21bbc\",\"name\":\"Santiago P\u00e9rez\",\"image\":{\"@type\":\"ImageObject\",\"inLanguage\":\"es\",\"@id\":\"https:\\\/\\\/primerborrador.es\\\/wp-content\\\/uploads\\\/2021\\\/02\\\/cropped-feather1-e1621103417910.png\",\"url\":\"https:\\\/\\\/primerborrador.es\\\/wp-content\\\/uploads\\\/2021\\\/02\\\/cropped-feather1-e1621103417910.png\",\"contentUrl\":\"https:\\\/\\\/primerborrador.es\\\/wp-content\\\/uploads\\\/2021\\\/02\\\/cropped-feather1-e1621103417910.png\",\"width\":256,\"height\":256,\"caption\":\"Santiago P\u00e9rez\"},\"logo\":{\"@id\":\"https:\\\/\\\/primerborrador.es\\\/wp-content\\\/uploads\\\/2021\\\/02\\\/cropped-feather1-e1621103417910.png\"},\"description\":\"Periodista. Escribo, desde Cadiz, sobre lo que me interesa: arte contempor\u00e1neo, literatura y m\u00fasica. Creo en la libertad de contar. Y tambi\u00e9n en la de elegir lo que quiero y no quiero leer.\",\"sameAs\":[\"https:\\\/\\\/primerborrador.es\"],\"url\":\"https:\\\/\\\/primerborrador.es\\\/index.php\\\/author\\\/santiagomperezm\\\/\"}]}<\/script>\n<!-- \/ Yoast SEO plugin. -->","yoast_head_json":{"title":"Jes\u00fas Salado: \"Somos muy pocos los dibujantes del cielo\" - Primer borrador","description":"Entrevista al pintor y dibujante astron\u00f3mico afincado en Chiclana (C\u00e1diz) Jes\u00fas Salado: \"Somos muy pocos los dibujantes del cielo\"","robots":{"index":"index","follow":"follow","max-snippet":"max-snippet:-1","max-image-preview":"max-image-preview:large","max-video-preview":"max-video-preview:-1"},"canonical":"https:\/\/primerborrador.es\/index.php\/2024\/12\/03\/jesus-salado-somos-muy-pocos-los-dibujantes-del-cielo\/","og_locale":"es_ES","og_type":"article","og_title":"Jes\u00fas Salado: \"Somos muy pocos los dibujantes del cielo\" - Primer borrador","og_description":"Entrevista al pintor y dibujante astron\u00f3mico afincado en Chiclana (C\u00e1diz) Jes\u00fas Salado: \"Somos muy pocos los dibujantes del cielo\"","og_url":"https:\/\/primerborrador.es\/index.php\/2024\/12\/03\/jesus-salado-somos-muy-pocos-los-dibujantes-del-cielo\/","og_site_name":"Primer borrador","article_published_time":"2024-12-03T11:09:28+00:00","article_modified_time":"2024-12-03T11:45:23+00:00","og_image":[{"width":1600,"height":1142,"url":"https:\/\/primerborrador.es\/wp-content\/uploads\/2024\/11\/Cover-entrevista.jpg","type":"image\/jpeg"}],"author":"Santiago P\u00e9rez","schema":{"@context":"https:\/\/schema.org","@graph":[{"@type":"Article","@id":"https:\/\/primerborrador.es\/index.php\/2024\/12\/03\/jesus-salado-somos-muy-pocos-los-dibujantes-del-cielo\/#article","isPartOf":{"@id":"https:\/\/primerborrador.es\/index.php\/2024\/12\/03\/jesus-salado-somos-muy-pocos-los-dibujantes-del-cielo\/"},"author":{"name":"Santiago P\u00e9rez","@id":"https:\/\/primerborrador.es\/#\/schema\/person\/39b8af43fb1e2774f05a0812a8f21bbc"},"headline":"Jes\u00fas Salado: \u00abSomos muy pocos los dibujantes del cielo\u00bb","datePublished":"2024-12-03T11:09:28+00:00","dateModified":"2024-12-03T11:45:23+00:00","mainEntityOfPage":{"@id":"https:\/\/primerborrador.es\/index.php\/2024\/12\/03\/jesus-salado-somos-muy-pocos-los-dibujantes-del-cielo\/"},"wordCount":989,"commentCount":0,"publisher":{"@id":"https:\/\/primerborrador.es\/#\/schema\/person\/39b8af43fb1e2774f05a0812a8f21bbc"},"image":{"@id":"https:\/\/primerborrador.es\/index.php\/2024\/12\/03\/jesus-salado-somos-muy-pocos-los-dibujantes-del-cielo\/#primaryimage"},"thumbnailUrl":"https:\/\/primerborrador.es\/wp-content\/uploads\/2024\/11\/Cover-entrevista.jpg","keywords":["arte-cadiz","dibujo-astronomico","jesus-salado","pintura-del-cielo"],"articleSection":["Arte","Entrevistas"],"inLanguage":"es","potentialAction":[{"@type":"CommentAction","name":"Comment","target":["https:\/\/primerborrador.es\/index.php\/2024\/12\/03\/jesus-salado-somos-muy-pocos-los-dibujantes-del-cielo\/#respond"]}]},{"@type":"WebPage","@id":"https:\/\/primerborrador.es\/index.php\/2024\/12\/03\/jesus-salado-somos-muy-pocos-los-dibujantes-del-cielo\/","url":"https:\/\/primerborrador.es\/index.php\/2024\/12\/03\/jesus-salado-somos-muy-pocos-los-dibujantes-del-cielo\/","name":"Jes\u00fas Salado: \"Somos muy pocos los dibujantes del cielo\" - Primer borrador","isPartOf":{"@id":"https:\/\/primerborrador.es\/#website"},"primaryImageOfPage":{"@id":"https:\/\/primerborrador.es\/index.php\/2024\/12\/03\/jesus-salado-somos-muy-pocos-los-dibujantes-del-cielo\/#primaryimage"},"image":{"@id":"https:\/\/primerborrador.es\/index.php\/2024\/12\/03\/jesus-salado-somos-muy-pocos-los-dibujantes-del-cielo\/#primaryimage"},"thumbnailUrl":"https:\/\/primerborrador.es\/wp-content\/uploads\/2024\/11\/Cover-entrevista.jpg","datePublished":"2024-12-03T11:09:28+00:00","dateModified":"2024-12-03T11:45:23+00:00","description":"Entrevista al pintor y dibujante astron\u00f3mico afincado en Chiclana (C\u00e1diz) Jes\u00fas Salado: \"Somos muy pocos los dibujantes del cielo\"","breadcrumb":{"@id":"https:\/\/primerborrador.es\/index.php\/2024\/12\/03\/jesus-salado-somos-muy-pocos-los-dibujantes-del-cielo\/#breadcrumb"},"inLanguage":"es","potentialAction":[{"@type":"ReadAction","target":["https:\/\/primerborrador.es\/index.php\/2024\/12\/03\/jesus-salado-somos-muy-pocos-los-dibujantes-del-cielo\/"]}]},{"@type":"ImageObject","inLanguage":"es","@id":"https:\/\/primerborrador.es\/index.php\/2024\/12\/03\/jesus-salado-somos-muy-pocos-los-dibujantes-del-cielo\/#primaryimage","url":"https:\/\/primerborrador.es\/wp-content\/uploads\/2024\/11\/Cover-entrevista.jpg","contentUrl":"https:\/\/primerborrador.es\/wp-content\/uploads\/2024\/11\/Cover-entrevista.jpg","width":1600,"height":1142,"caption":"Jes\u00fas Salado explicando uno de sus dibujos. Foto: Santiago P\u00e9rez"},{"@type":"BreadcrumbList","@id":"https:\/\/primerborrador.es\/index.php\/2024\/12\/03\/jesus-salado-somos-muy-pocos-los-dibujantes-del-cielo\/#breadcrumb","itemListElement":[{"@type":"ListItem","position":1,"name":"Home","item":"https:\/\/primerborrador.es\/"},{"@type":"ListItem","position":2,"name":"Jes\u00fas Salado: \u00abSomos muy pocos los dibujantes del cielo\u00bb"}]},{"@type":"WebSite","@id":"https:\/\/primerborrador.es\/#website","url":"https:\/\/primerborrador.es\/","name":"Primer borrador","description":"Revista mensual de arte, literatura y jazz","publisher":{"@id":"https:\/\/primerborrador.es\/#\/schema\/person\/39b8af43fb1e2774f05a0812a8f21bbc"},"potentialAction":[{"@type":"SearchAction","target":{"@type":"EntryPoint","urlTemplate":"https:\/\/primerborrador.es\/?s={search_term_string}"},"query-input":{"@type":"PropertyValueSpecification","valueRequired":true,"valueName":"search_term_string"}}],"inLanguage":"es"},{"@type":["Person","Organization"],"@id":"https:\/\/primerborrador.es\/#\/schema\/person\/39b8af43fb1e2774f05a0812a8f21bbc","name":"Santiago P\u00e9rez","image":{"@type":"ImageObject","inLanguage":"es","@id":"https:\/\/primerborrador.es\/wp-content\/uploads\/2021\/02\/cropped-feather1-e1621103417910.png","url":"https:\/\/primerborrador.es\/wp-content\/uploads\/2021\/02\/cropped-feather1-e1621103417910.png","contentUrl":"https:\/\/primerborrador.es\/wp-content\/uploads\/2021\/02\/cropped-feather1-e1621103417910.png","width":256,"height":256,"caption":"Santiago P\u00e9rez"},"logo":{"@id":"https:\/\/primerborrador.es\/wp-content\/uploads\/2021\/02\/cropped-feather1-e1621103417910.png"},"description":"Periodista. Escribo, desde Cadiz, sobre lo que me interesa: arte contempor\u00e1neo, literatura y m\u00fasica. Creo en la libertad de contar. Y tambi\u00e9n en la de elegir lo que quiero y no quiero leer.","sameAs":["https:\/\/primerborrador.es"],"url":"https:\/\/primerborrador.es\/index.php\/author\/santiagomperezm\/"}]}},"_links":{"self":[{"href":"https:\/\/primerborrador.es\/index.php\/wp-json\/wp\/v2\/posts\/3836","targetHints":{"allow":["GET"]}}],"collection":[{"href":"https:\/\/primerborrador.es\/index.php\/wp-json\/wp\/v2\/posts"}],"about":[{"href":"https:\/\/primerborrador.es\/index.php\/wp-json\/wp\/v2\/types\/post"}],"author":[{"embeddable":true,"href":"https:\/\/primerborrador.es\/index.php\/wp-json\/wp\/v2\/users\/1"}],"replies":[{"embeddable":true,"href":"https:\/\/primerborrador.es\/index.php\/wp-json\/wp\/v2\/comments?post=3836"}],"version-history":[{"count":1,"href":"https:\/\/primerborrador.es\/index.php\/wp-json\/wp\/v2\/posts\/3836\/revisions"}],"predecessor-version":[{"id":5256,"href":"https:\/\/primerborrador.es\/index.php\/wp-json\/wp\/v2\/posts\/3836\/revisions\/5256"}],"wp:featuredmedia":[{"embeddable":true,"href":"https:\/\/primerborrador.es\/index.php\/wp-json\/wp\/v2\/media\/3845"}],"wp:attachment":[{"href":"https:\/\/primerborrador.es\/index.php\/wp-json\/wp\/v2\/media?parent=3836"}],"wp:term":[{"taxonomy":"category","embeddable":true,"href":"https:\/\/primerborrador.es\/index.php\/wp-json\/wp\/v2\/categories?post=3836"},{"taxonomy":"post_tag","embeddable":true,"href":"https:\/\/primerborrador.es\/index.php\/wp-json\/wp\/v2\/tags?post=3836"}],"curies":[{"name":"wp","href":"https:\/\/api.w.org\/{rel}","templated":true}]}}