{"id":3184,"date":"2024-04-03T06:41:06","date_gmt":"2024-04-03T04:41:06","guid":{"rendered":"https:\/\/primerborrador.es\/?p=3184"},"modified":"2025-01-16T11:26:51","modified_gmt":"2025-01-16T10:26:51","slug":"hay-cadiz-ciudad-de-libros","status":"publish","type":"post","link":"https:\/\/primerborrador.es\/index.php\/2024\/04\/03\/hay-cadiz-ciudad-de-libros\/","title":{"rendered":"Hay C\u00e1diz, ciudad de libros"},"content":{"rendered":"\n<p class=\"wp-block-paragraph\">Un deseo quijotesco: organizar un Hay C\u00e1diz, ciudad de los libros.<\/p>\n\n\n\n<p class=\"wp-block-paragraph\">Dec\u00eda <a href=\"https:\/\/www.rae.es\/academico\/emilio-lledo-inigo\" target=\"_blank\" rel=\"noreferrer noopener\">el sabio Emilio Lled\u00f3<\/a> que \u201cpensar es una forma, la m\u00e1s delicada y sutil, de ver\u201d, de lo que deduzco que pensar en los libros es tambi\u00e9n una forma de verlos. Y viceversa.<\/p>\n\n\n\n<p class=\"wp-block-paragraph\">Hay quien mira una pila de libros y ve tedio, deber u obligaci\u00f3n; hay quien ve dinero, negocio o miseria; otros ven en ellos sue\u00f1os cumplidos, deseos inalcanzables e incluso la realizaci\u00f3n de un amor imposible. Yo veo un Hay C\u00e1diz, ciudad de los libros.<\/p>\n\n\n\n<!--more-->\n\n\n\n<p class=\"wp-block-paragraph\">El alcalde, Bruno Garc\u00eda, ve en los libros la posibilidad de construir una ciudad de libro. Y piensa que su propuesta <a href=\"https:\/\/www.diariodecadiz.es\/cadiz\/Cadiz-ciudad-libro-propuesta-quijotesca-Bruno-Garcia_0_1775524361.html\" target=\"_blank\" rel=\"noreferrer noopener nofollow\">podr\u00edan pensarla como quijotesca<\/a>, es decir que sospecha\/adivina\/se teme que los gaditanos no van a creer que sea posible cumplir los objetivos que persigue.<\/p>\n\n\n\n<p class=\"wp-block-paragraph\">Quijotesco, seg\u00fan el DRAE, significa, entre otras acepciones, \u201cPropio o caracter\u00edstico de Don Quijote de la Mancha o de cualquier quijote\u201d. Seguidamente, si uno mira qu\u00e9 significa la palabra quijote, la academia nos informa que es un \u201chombre que antepone sus ideales a su conveniencia y obra desinteresada y comprometidamente en defensa de causas que considera justas, sin conseguirlo\u201d.<\/p>\n\n\n\n<p class=\"wp-block-paragraph\">Dicho de otro modo, el alcalde, el Ayuntamiento, pondr\u00e1 en marcha eso de \u201cC\u00e1diz, ciudad del libro\u201d con el idealismo quijotesco por bandera mientras los mirones ver\u00e1n c\u00f3mo se estrella contra los molinos de viento. O tal vez no.<\/p>\n\n\n\n<h4 class=\"wp-block-heading\"><strong>Lo que hay y las mijitas que quedan<\/strong><\/h4>\n\n\n\n<p class=\"wp-block-paragraph\">Poco le queda ya a C\u00e1diz m\u00e1s que embarcarse en propuestas quijotescas (la de Hay C\u00e1diz lo es): M\u00e1laga le ha comido la tostada en el cine y las artes visuales con un Festival de referencia para el cine espa\u00f1ol y museos como el Thyssen o el Picasso entre otros.<\/p>\n\n\n\n<p class=\"wp-block-paragraph\">Almer\u00eda cuenta con un reci\u00e9n inaugurado museo de arte realista contempor\u00e1neo con el respaldo del mism\u00edsimo Antonio L\u00f3pez y es sede desde hace a\u00f1os del Centro Andaluz de la Fotograf\u00eda.<\/p>\n\n\n\n<p class=\"wp-block-paragraph\">C\u00f3rdoba, cuyo centro hist\u00f3rico es Patrimonio de la Humanidad al igual que la ciudad califal de Medina Azahara, ofrece dos festivales internacionales de renombre como el de la Guitarra o Cosmopo\u00e9tica, adem\u00e1s del C3A Centro de Creaci\u00f3n Contempor\u00e1nea de Andaluc\u00eda.<\/p>\n\n\n\n<p class=\"wp-block-paragraph\">Granada y Sevilla no tienen competidor en patrimonio monumental (tambi\u00e9n ambas en el cat\u00e1logo de la UNESCO), contando adem\u00e1s la primera con referentes culturales de car\u00e1cter internacional en memoria de Lorca y de Falla, y Sevilla focos culturales de referencia como el Centro Andaluz de Arte Contempor\u00e1neo, entre otros muchos espacios.<\/p>\n\n\n\n<p class=\"wp-block-paragraph\">Ja\u00e9n ha apostado por acoger y difundir el legado de Miguel Hern\u00e1ndez en Quesada, localidad natal del maravilloso pintor Rafael Zabaleta y adem\u00e1s cuenta con dos lugares monumentales que son Patrimonio de la Humanidad como \u00dabeda y Baeza.<\/p>\n\n\n\n<p class=\"wp-block-paragraph\">En materia de Cultura a Huelva le queda el Festival de Cine Iberoamericano, que cumple 50 a\u00f1os este 2024, y a C\u00e1diz el Festival Iberoamericano de Teatro, por citar alg\u00fan evento de cierta relevancia y enjundia, m\u00e1s all\u00e1 de lo puramente comercial, en ambas ciudades.<\/p>\n\n\n\n<p class=\"wp-block-paragraph\">En Huelva, la Casa Museo Zenobia y Juan Ram\u00f3n Jim\u00e9nez no tiene, en mi opini\u00f3n, la repercusi\u00f3n cultural que deber\u00eda tener un lugar dedicado a la memoria de un Premio Nobel de Literatura, y solo dos andaluces han sido galardonados con \u00e9l en sus m\u00e1s de cien a\u00f1os de historia.<\/p>\n\n\n\n<p class=\"wp-block-paragraph\">Y en C\u00e1diz, ci\u00f1\u00e9ndome solo a la ciudad, es heroica la actividad que mantienen centros culturales como la Fundaci\u00f3n Carlos Edmundo de Ory, la Asociaci\u00f3n de Amigos Fernando Qui\u00f1ones o la Asociaci\u00f3n Qultura. Y las librer\u00edas que resisten y las bibliotecas y los espacios dedicados al arte.<\/p>\n\n\n\n<p class=\"wp-block-paragraph\">Esto en lo que se refiere al \u00e1mbito geogr\u00e1fico andaluz. En el aspecto tem\u00e1tico, tambi\u00e9n M\u00e1laga est\u00e1 empezando a comerse la tostada de los grandes eventos relacionados con el libro, pues este a\u00f1o ya ha celebrado la tercera edici\u00f3n del Festival Literario de Am\u00e9rica y Europa \u201cEscribidores\u201d impulsado por la C\u00e1tedra Vargas Llosa y que tiene ambici\u00f3n internacional. Y a Sevilla tambi\u00e9n le atrae el Hay Festival.<\/p>\n\n\n<div class=\"wp-block-image\">\n<figure class=\"aligncenter size-full\"><img loading=\"lazy\" decoding=\"async\" width=\"1200\" height=\"800\" src=\"https:\/\/primerborrador.es\/wp-content\/uploads\/2024\/04\/Foto-escalada-Diputacion-Cadiz.jpg\" alt=\"Imagen del alcalde de C\u00e1diz, Bruno Garc\u00eda con otras autoridades\" class=\"wp-image-3214\" srcset=\"https:\/\/primerborrador.es\/wp-content\/uploads\/2024\/04\/Foto-escalada-Diputacion-Cadiz.jpg 1200w, https:\/\/primerborrador.es\/wp-content\/uploads\/2024\/04\/Foto-escalada-Diputacion-Cadiz-768x512.jpg 768w, https:\/\/primerborrador.es\/wp-content\/uploads\/2024\/04\/Foto-escalada-Diputacion-Cadiz-930x620.jpg 930w\" sizes=\"auto, (max-width: 1200px) 100vw, 1200px\" \/><figcaption class=\"wp-element-caption\">El alcalde de C\u00e1diz, Bruno Garc\u00eda, junto al ministro de Cultura, Ernest Urtasun (ambos a la izquierda). Foto: Diputaci\u00f3n de C\u00e1diz<\/figcaption><\/figure>\n<\/div>\n\n\n<h4 class=\"wp-block-heading\"><strong>El modelo Hay<\/strong><\/h4>\n\n\n\n<p class=\"wp-block-paragraph\">Hay-on-Wye es un pueblo gal\u00e9s de apenas 1.600 habitantes que apost\u00f3 por el libro por pura convicci\u00f3n. Conocida desde 1970 como la ciudad de los libros, ya entonces ten\u00eda en sus calles dos decenas de librer\u00edas a pesar de que su poblaci\u00f3n no supera a la de peque\u00f1os pueblos de C\u00e1diz como Algar o El Gastor. Su apuesta la convirti\u00f3 en destino ineludible de los bibli\u00f3filos de todo el pa\u00eds.<\/p>\n\n\n\n<p class=\"wp-block-paragraph\">Esto fue mucho antes de que se creara en 1988 el Hay Festival de las Letras y las Artes, que el ex presidente de Estados Unidos Bill Clinton defini\u00f3 como <a href=\"https:\/\/www.theguardian.com\/books\/booksblog\/2008\/jun\/01\/hayfestivalthewoodstockof\" target=\"_blank\" rel=\"noreferrer noopener\">\u201cEl Woodstock de la mente\u201d<\/a> y que alberga cada a\u00f1o, durante diez d\u00edas, uno de los eventos literarios m\u00e1s destacados del Reino Unido.<\/p>\n\n\n\n<p class=\"wp-block-paragraph\">De hecho Hay (que es el nombre del pueblo) se ha convertido en <a href=\"https:\/\/www.hayfestival.com\/quienes-somos\" target=\"_blank\" rel=\"noreferrer noopener\">una marca de prestigio global<\/a> que organiza festivales similares en m\u00e1s de media docena de pa\u00edses, entre ellos en Espa\u00f1a (Segovia) o en Arequipa (Per\u00fa), que el a\u00f1o que viene acoger\u00e1 el X Congreso Internacional de la Lengua Espa\u00f1ola, relevo del celebrado en C\u00e1diz hace un a\u00f1o.<\/p>\n\n\n\n<p class=\"wp-block-paragraph\">C\u00e1diz podr\u00eda apostar por este modelo, co-organizar un Hay Festival en la ciudad y alrededor de este bander\u00edn de enganche hacer crecer esa idea de C\u00e1diz, ciudad del Libro.<\/p>\n\n\n\n<p class=\"wp-block-paragraph\">No es nada f\u00e1cil, claro. Como dijo Don Quijote a su escudero: \u201cAdvertid, hermano Sancho, que esta aventura y las a esta semejantes no son aventuras de \u00ednsulas, sino de encrucijadas, en las cuales no se gana otra cosa que sacar rota la cabeza o una oreja menos\u201d.<\/p>\n\n\n\n<p class=\"wp-block-paragraph\">M\u00e1s all\u00e1 de su<a href=\"https:\/\/primerborrador.es\/wp-content\/uploads\/2024\/01\/Coro-Rockola-Carnaval-Cadiz-2018.jpg\"> incuestionable protagonismo carnavalero<\/a>, C\u00e1diz est\u00e1 ciertamente en la encrucijada de definir si quiere desempe\u00f1ar alg\u00fan papel en el espacio de la cultura o limitarse a ser puerto de cruceros y destino de ba\u00f1istas.<\/p>\n\n\n\n<hr class=\"wp-block-separator aligncenter has-alpha-channel-opacity is-style-dots\"\/>\n\n\n\n<div style=\"height:14px\" aria-hidden=\"true\" class=\"wp-block-spacer\"><\/div>\n\n\n\n<p class=\"wp-block-paragraph\">PS: El \u00e9xito de una marca, o de una idea, es producto de la perseverancia, o de la fe si se prefiere el t\u00e9rmino, y lleva impl\u00edcita una apuesta a largo plazo, en el caso de Hay-on-Wye m\u00e1s de medio siglo de creer en los libros. Ese es un verdadero ejemplo de esp\u00edritu quijotesco, pero con final feliz.<\/p>\n\n\n\n<p class=\"wp-block-paragraph\"> Y un dato a tener en cuenta: Jerez aspira a ser Capital europea de la Cultura en 2031, para lo que en los pr\u00f3ximos a\u00f1os va a necesitar una importante inyecci\u00f3n de dinero en materia de cultura de todas las administraciones p\u00fablicas y patrocinadores privados.<\/p>\n","protected":false},"excerpt":{"rendered":"<p>Un deseo quijotesco: organizar un Hay C\u00e1diz, ciudad de los libros. Dec\u00eda el sabio Emilio Lled\u00f3 que \u201cpensar es una forma, la m\u00e1s delicada y sutil, de ver\u201d, de lo que deduzco que pensar en los libros es tambi\u00e9n una forma de verlos. Y viceversa. Hay quien mira una pila de libros y ve tedio,&hellip;&nbsp;<a href=\"https:\/\/primerborrador.es\/index.php\/2024\/04\/03\/hay-cadiz-ciudad-de-libros\/\" rel=\"bookmark\">Leer m\u00e1s &raquo;<span class=\"screen-reader-text\">Hay C\u00e1diz, ciudad de libros<\/span><\/a><\/p>\n","protected":false},"author":1,"featured_media":3187,"comment_status":"open","ping_status":"closed","sticky":false,"template":"","format":"standard","meta":{"neve_meta_sidebar":"","neve_meta_container":"","neve_meta_enable_content_width":"","neve_meta_content_width":0,"neve_meta_title_alignment":"","neve_meta_author_avatar":"","neve_post_elements_order":"","neve_meta_disable_header":"","neve_meta_disable_footer":"","neve_meta_disable_title":"","_ayudawp_aiss_exclude":false,"_ayudawp_aiss_exclude_summary":false,"_ayudawp_aiss_summary":"","_ayudawp_aiss_summary_provider":"","_ayudawp_aiss_summary_hash":"","footnotes":""},"categories":[13,525],"tags":[571,573,572],"class_list":["post-3184","post","type-post","status-publish","format-standard","has-post-thumbnail","hentry","category-andamios","category-opinion","tag-bruno-garcia","tag-ciudad-libros","tag-hay-festival"],"yoast_head":"<!-- This site is optimized with the Yoast SEO plugin v28.3 - https:\/\/yoast.com\/product\/yoast-seo-wordpress\/ -->\n<title>Hay C\u00e1diz, ciudad de libros - Primer borrador<\/title>\n<meta name=\"description\" content=\"Un deseo quijotesco, como dice el alcalde, Bruno Garc\u00eda, a prop\u00f3sito de la cultura del libro: organizar un Hay C\u00e1diz, ciudad de los libros.\" \/>\n<meta name=\"robots\" content=\"index, follow, max-snippet:-1, max-image-preview:large, max-video-preview:-1\" \/>\n<link rel=\"canonical\" href=\"https:\/\/primerborrador.es\/index.php\/2024\/04\/03\/hay-cadiz-ciudad-de-libros\/\" \/>\n<meta property=\"og:locale\" content=\"es_ES\" \/>\n<meta property=\"og:type\" content=\"article\" \/>\n<meta property=\"og:title\" content=\"Hay C\u00e1diz, ciudad de libros - Primer borrador\" \/>\n<meta property=\"og:description\" content=\"Un deseo quijotesco, como dice el alcalde, Bruno Garc\u00eda, a prop\u00f3sito de la cultura del libro: organizar un Hay C\u00e1diz, ciudad de los libros.\" \/>\n<meta property=\"og:url\" content=\"https:\/\/primerborrador.es\/index.php\/2024\/04\/03\/hay-cadiz-ciudad-de-libros\/\" \/>\n<meta property=\"og:site_name\" content=\"Primer borrador\" \/>\n<meta property=\"article:published_time\" content=\"2024-04-03T04:41:06+00:00\" \/>\n<meta property=\"article:modified_time\" content=\"2025-01-16T10:26:51+00:00\" \/>\n<meta property=\"og:image\" content=\"https:\/\/primerborrador.es\/wp-content\/uploads\/2024\/04\/Hay-on-Wye_Booksellers-by-Immanuel-Giel-scaled.jpg\" \/>\n\t<meta property=\"og:image:width\" content=\"2560\" \/>\n\t<meta property=\"og:image:height\" content=\"1920\" \/>\n\t<meta property=\"og:image:type\" content=\"image\/jpeg\" \/>\n<meta name=\"author\" content=\"Santiago P\u00e9rez\" \/>\n<script type=\"application\/ld+json\" class=\"yoast-schema-graph\">{\"@context\":\"https:\\\/\\\/schema.org\",\"@graph\":[{\"@type\":\"Article\",\"@id\":\"https:\\\/\\\/primerborrador.es\\\/index.php\\\/2024\\\/04\\\/03\\\/hay-cadiz-ciudad-de-libros\\\/#article\",\"isPartOf\":{\"@id\":\"https:\\\/\\\/primerborrador.es\\\/index.php\\\/2024\\\/04\\\/03\\\/hay-cadiz-ciudad-de-libros\\\/\"},\"author\":{\"name\":\"Santiago P\u00e9rez\",\"@id\":\"https:\\\/\\\/primerborrador.es\\\/#\\\/schema\\\/person\\\/39b8af43fb1e2774f05a0812a8f21bbc\"},\"headline\":\"Hay C\u00e1diz, ciudad de libros\",\"datePublished\":\"2024-04-03T04:41:06+00:00\",\"dateModified\":\"2025-01-16T10:26:51+00:00\",\"mainEntityOfPage\":{\"@id\":\"https:\\\/\\\/primerborrador.es\\\/index.php\\\/2024\\\/04\\\/03\\\/hay-cadiz-ciudad-de-libros\\\/\"},\"wordCount\":1197,\"commentCount\":0,\"publisher\":{\"@id\":\"https:\\\/\\\/primerborrador.es\\\/#\\\/schema\\\/person\\\/39b8af43fb1e2774f05a0812a8f21bbc\"},\"image\":{\"@id\":\"https:\\\/\\\/primerborrador.es\\\/index.php\\\/2024\\\/04\\\/03\\\/hay-cadiz-ciudad-de-libros\\\/#primaryimage\"},\"thumbnailUrl\":\"https:\\\/\\\/primerborrador.es\\\/wp-content\\\/uploads\\\/2024\\\/04\\\/Hay-on-Wye_Booksellers-by-Immanuel-Giel-scaled.jpg\",\"keywords\":[\"bruno-garcia\",\"ciudad-libros\",\"hay-festival\"],\"articleSection\":[\"Andamios\",\"Opini\u00f3n\"],\"inLanguage\":\"es\",\"potentialAction\":[{\"@type\":\"CommentAction\",\"name\":\"Comment\",\"target\":[\"https:\\\/\\\/primerborrador.es\\\/index.php\\\/2024\\\/04\\\/03\\\/hay-cadiz-ciudad-de-libros\\\/#respond\"]}]},{\"@type\":\"WebPage\",\"@id\":\"https:\\\/\\\/primerborrador.es\\\/index.php\\\/2024\\\/04\\\/03\\\/hay-cadiz-ciudad-de-libros\\\/\",\"url\":\"https:\\\/\\\/primerborrador.es\\\/index.php\\\/2024\\\/04\\\/03\\\/hay-cadiz-ciudad-de-libros\\\/\",\"name\":\"Hay C\u00e1diz, ciudad de libros - Primer borrador\",\"isPartOf\":{\"@id\":\"https:\\\/\\\/primerborrador.es\\\/#website\"},\"primaryImageOfPage\":{\"@id\":\"https:\\\/\\\/primerborrador.es\\\/index.php\\\/2024\\\/04\\\/03\\\/hay-cadiz-ciudad-de-libros\\\/#primaryimage\"},\"image\":{\"@id\":\"https:\\\/\\\/primerborrador.es\\\/index.php\\\/2024\\\/04\\\/03\\\/hay-cadiz-ciudad-de-libros\\\/#primaryimage\"},\"thumbnailUrl\":\"https:\\\/\\\/primerborrador.es\\\/wp-content\\\/uploads\\\/2024\\\/04\\\/Hay-on-Wye_Booksellers-by-Immanuel-Giel-scaled.jpg\",\"datePublished\":\"2024-04-03T04:41:06+00:00\",\"dateModified\":\"2025-01-16T10:26:51+00:00\",\"description\":\"Un deseo quijotesco, como dice el alcalde, Bruno Garc\u00eda, a prop\u00f3sito de la cultura del libro: organizar un Hay C\u00e1diz, ciudad de los libros.\",\"breadcrumb\":{\"@id\":\"https:\\\/\\\/primerborrador.es\\\/index.php\\\/2024\\\/04\\\/03\\\/hay-cadiz-ciudad-de-libros\\\/#breadcrumb\"},\"inLanguage\":\"es\",\"potentialAction\":[{\"@type\":\"ReadAction\",\"target\":[\"https:\\\/\\\/primerborrador.es\\\/index.php\\\/2024\\\/04\\\/03\\\/hay-cadiz-ciudad-de-libros\\\/\"]}]},{\"@type\":\"ImageObject\",\"inLanguage\":\"es\",\"@id\":\"https:\\\/\\\/primerborrador.es\\\/index.php\\\/2024\\\/04\\\/03\\\/hay-cadiz-ciudad-de-libros\\\/#primaryimage\",\"url\":\"https:\\\/\\\/primerborrador.es\\\/wp-content\\\/uploads\\\/2024\\\/04\\\/Hay-on-Wye_Booksellers-by-Immanuel-Giel-scaled.jpg\",\"contentUrl\":\"https:\\\/\\\/primerborrador.es\\\/wp-content\\\/uploads\\\/2024\\\/04\\\/Hay-on-Wye_Booksellers-by-Immanuel-Giel-scaled.jpg\",\"width\":2560,\"height\":1920,\"caption\":\"Una librer\u00eda en Hay-on-Wye. Foto: Immanuel Giel\"},{\"@type\":\"BreadcrumbList\",\"@id\":\"https:\\\/\\\/primerborrador.es\\\/index.php\\\/2024\\\/04\\\/03\\\/hay-cadiz-ciudad-de-libros\\\/#breadcrumb\",\"itemListElement\":[{\"@type\":\"ListItem\",\"position\":1,\"name\":\"Home\",\"item\":\"https:\\\/\\\/primerborrador.es\\\/\"},{\"@type\":\"ListItem\",\"position\":2,\"name\":\"Hay C\u00e1diz, ciudad de libros\"}]},{\"@type\":\"WebSite\",\"@id\":\"https:\\\/\\\/primerborrador.es\\\/#website\",\"url\":\"https:\\\/\\\/primerborrador.es\\\/\",\"name\":\"Primer borrador\",\"description\":\"Revista mensual de arte, literatura y jazz\",\"publisher\":{\"@id\":\"https:\\\/\\\/primerborrador.es\\\/#\\\/schema\\\/person\\\/39b8af43fb1e2774f05a0812a8f21bbc\"},\"potentialAction\":[{\"@type\":\"SearchAction\",\"target\":{\"@type\":\"EntryPoint\",\"urlTemplate\":\"https:\\\/\\\/primerborrador.es\\\/?s={search_term_string}\"},\"query-input\":{\"@type\":\"PropertyValueSpecification\",\"valueRequired\":true,\"valueName\":\"search_term_string\"}}],\"inLanguage\":\"es\"},{\"@type\":[\"Person\",\"Organization\"],\"@id\":\"https:\\\/\\\/primerborrador.es\\\/#\\\/schema\\\/person\\\/39b8af43fb1e2774f05a0812a8f21bbc\",\"name\":\"Santiago P\u00e9rez\",\"image\":{\"@type\":\"ImageObject\",\"inLanguage\":\"es\",\"@id\":\"https:\\\/\\\/primerborrador.es\\\/wp-content\\\/uploads\\\/2021\\\/02\\\/cropped-feather1-e1621103417910.png\",\"url\":\"https:\\\/\\\/primerborrador.es\\\/wp-content\\\/uploads\\\/2021\\\/02\\\/cropped-feather1-e1621103417910.png\",\"contentUrl\":\"https:\\\/\\\/primerborrador.es\\\/wp-content\\\/uploads\\\/2021\\\/02\\\/cropped-feather1-e1621103417910.png\",\"width\":256,\"height\":256,\"caption\":\"Santiago P\u00e9rez\"},\"logo\":{\"@id\":\"https:\\\/\\\/primerborrador.es\\\/wp-content\\\/uploads\\\/2021\\\/02\\\/cropped-feather1-e1621103417910.png\"},\"description\":\"Periodista. Escribo, desde Cadiz, sobre lo que me interesa: arte contempor\u00e1neo, literatura y m\u00fasica. Creo en la libertad de contar. Y tambi\u00e9n en la de elegir lo que quiero y no quiero leer.\",\"sameAs\":[\"https:\\\/\\\/primerborrador.es\"],\"url\":\"https:\\\/\\\/primerborrador.es\\\/index.php\\\/author\\\/santiagomperezm\\\/\"}]}<\/script>\n<!-- \/ Yoast SEO plugin. -->","yoast_head_json":{"title":"Hay C\u00e1diz, ciudad de libros - Primer borrador","description":"Un deseo quijotesco, como dice el alcalde, Bruno Garc\u00eda, a prop\u00f3sito de la cultura del libro: organizar un Hay C\u00e1diz, ciudad de los libros.","robots":{"index":"index","follow":"follow","max-snippet":"max-snippet:-1","max-image-preview":"max-image-preview:large","max-video-preview":"max-video-preview:-1"},"canonical":"https:\/\/primerborrador.es\/index.php\/2024\/04\/03\/hay-cadiz-ciudad-de-libros\/","og_locale":"es_ES","og_type":"article","og_title":"Hay C\u00e1diz, ciudad de libros - Primer borrador","og_description":"Un deseo quijotesco, como dice el alcalde, Bruno Garc\u00eda, a prop\u00f3sito de la cultura del libro: organizar un Hay C\u00e1diz, ciudad de los libros.","og_url":"https:\/\/primerborrador.es\/index.php\/2024\/04\/03\/hay-cadiz-ciudad-de-libros\/","og_site_name":"Primer borrador","article_published_time":"2024-04-03T04:41:06+00:00","article_modified_time":"2025-01-16T10:26:51+00:00","og_image":[{"width":2560,"height":1920,"url":"https:\/\/primerborrador.es\/wp-content\/uploads\/2024\/04\/Hay-on-Wye_Booksellers-by-Immanuel-Giel-scaled.jpg","type":"image\/jpeg"}],"author":"Santiago P\u00e9rez","schema":{"@context":"https:\/\/schema.org","@graph":[{"@type":"Article","@id":"https:\/\/primerborrador.es\/index.php\/2024\/04\/03\/hay-cadiz-ciudad-de-libros\/#article","isPartOf":{"@id":"https:\/\/primerborrador.es\/index.php\/2024\/04\/03\/hay-cadiz-ciudad-de-libros\/"},"author":{"name":"Santiago P\u00e9rez","@id":"https:\/\/primerborrador.es\/#\/schema\/person\/39b8af43fb1e2774f05a0812a8f21bbc"},"headline":"Hay C\u00e1diz, ciudad de libros","datePublished":"2024-04-03T04:41:06+00:00","dateModified":"2025-01-16T10:26:51+00:00","mainEntityOfPage":{"@id":"https:\/\/primerborrador.es\/index.php\/2024\/04\/03\/hay-cadiz-ciudad-de-libros\/"},"wordCount":1197,"commentCount":0,"publisher":{"@id":"https:\/\/primerborrador.es\/#\/schema\/person\/39b8af43fb1e2774f05a0812a8f21bbc"},"image":{"@id":"https:\/\/primerborrador.es\/index.php\/2024\/04\/03\/hay-cadiz-ciudad-de-libros\/#primaryimage"},"thumbnailUrl":"https:\/\/primerborrador.es\/wp-content\/uploads\/2024\/04\/Hay-on-Wye_Booksellers-by-Immanuel-Giel-scaled.jpg","keywords":["bruno-garcia","ciudad-libros","hay-festival"],"articleSection":["Andamios","Opini\u00f3n"],"inLanguage":"es","potentialAction":[{"@type":"CommentAction","name":"Comment","target":["https:\/\/primerborrador.es\/index.php\/2024\/04\/03\/hay-cadiz-ciudad-de-libros\/#respond"]}]},{"@type":"WebPage","@id":"https:\/\/primerborrador.es\/index.php\/2024\/04\/03\/hay-cadiz-ciudad-de-libros\/","url":"https:\/\/primerborrador.es\/index.php\/2024\/04\/03\/hay-cadiz-ciudad-de-libros\/","name":"Hay C\u00e1diz, ciudad de libros - Primer borrador","isPartOf":{"@id":"https:\/\/primerborrador.es\/#website"},"primaryImageOfPage":{"@id":"https:\/\/primerborrador.es\/index.php\/2024\/04\/03\/hay-cadiz-ciudad-de-libros\/#primaryimage"},"image":{"@id":"https:\/\/primerborrador.es\/index.php\/2024\/04\/03\/hay-cadiz-ciudad-de-libros\/#primaryimage"},"thumbnailUrl":"https:\/\/primerborrador.es\/wp-content\/uploads\/2024\/04\/Hay-on-Wye_Booksellers-by-Immanuel-Giel-scaled.jpg","datePublished":"2024-04-03T04:41:06+00:00","dateModified":"2025-01-16T10:26:51+00:00","description":"Un deseo quijotesco, como dice el alcalde, Bruno Garc\u00eda, a prop\u00f3sito de la cultura del libro: organizar un Hay C\u00e1diz, ciudad de los libros.","breadcrumb":{"@id":"https:\/\/primerborrador.es\/index.php\/2024\/04\/03\/hay-cadiz-ciudad-de-libros\/#breadcrumb"},"inLanguage":"es","potentialAction":[{"@type":"ReadAction","target":["https:\/\/primerborrador.es\/index.php\/2024\/04\/03\/hay-cadiz-ciudad-de-libros\/"]}]},{"@type":"ImageObject","inLanguage":"es","@id":"https:\/\/primerborrador.es\/index.php\/2024\/04\/03\/hay-cadiz-ciudad-de-libros\/#primaryimage","url":"https:\/\/primerborrador.es\/wp-content\/uploads\/2024\/04\/Hay-on-Wye_Booksellers-by-Immanuel-Giel-scaled.jpg","contentUrl":"https:\/\/primerborrador.es\/wp-content\/uploads\/2024\/04\/Hay-on-Wye_Booksellers-by-Immanuel-Giel-scaled.jpg","width":2560,"height":1920,"caption":"Una librer\u00eda en Hay-on-Wye. Foto: Immanuel Giel"},{"@type":"BreadcrumbList","@id":"https:\/\/primerborrador.es\/index.php\/2024\/04\/03\/hay-cadiz-ciudad-de-libros\/#breadcrumb","itemListElement":[{"@type":"ListItem","position":1,"name":"Home","item":"https:\/\/primerborrador.es\/"},{"@type":"ListItem","position":2,"name":"Hay C\u00e1diz, ciudad de libros"}]},{"@type":"WebSite","@id":"https:\/\/primerborrador.es\/#website","url":"https:\/\/primerborrador.es\/","name":"Primer borrador","description":"Revista mensual de arte, literatura y jazz","publisher":{"@id":"https:\/\/primerborrador.es\/#\/schema\/person\/39b8af43fb1e2774f05a0812a8f21bbc"},"potentialAction":[{"@type":"SearchAction","target":{"@type":"EntryPoint","urlTemplate":"https:\/\/primerborrador.es\/?s={search_term_string}"},"query-input":{"@type":"PropertyValueSpecification","valueRequired":true,"valueName":"search_term_string"}}],"inLanguage":"es"},{"@type":["Person","Organization"],"@id":"https:\/\/primerborrador.es\/#\/schema\/person\/39b8af43fb1e2774f05a0812a8f21bbc","name":"Santiago P\u00e9rez","image":{"@type":"ImageObject","inLanguage":"es","@id":"https:\/\/primerborrador.es\/wp-content\/uploads\/2021\/02\/cropped-feather1-e1621103417910.png","url":"https:\/\/primerborrador.es\/wp-content\/uploads\/2021\/02\/cropped-feather1-e1621103417910.png","contentUrl":"https:\/\/primerborrador.es\/wp-content\/uploads\/2021\/02\/cropped-feather1-e1621103417910.png","width":256,"height":256,"caption":"Santiago P\u00e9rez"},"logo":{"@id":"https:\/\/primerborrador.es\/wp-content\/uploads\/2021\/02\/cropped-feather1-e1621103417910.png"},"description":"Periodista. Escribo, desde Cadiz, sobre lo que me interesa: arte contempor\u00e1neo, literatura y m\u00fasica. Creo en la libertad de contar. Y tambi\u00e9n en la de elegir lo que quiero y no quiero leer.","sameAs":["https:\/\/primerborrador.es"],"url":"https:\/\/primerborrador.es\/index.php\/author\/santiagomperezm\/"}]}},"_links":{"self":[{"href":"https:\/\/primerborrador.es\/index.php\/wp-json\/wp\/v2\/posts\/3184","targetHints":{"allow":["GET"]}}],"collection":[{"href":"https:\/\/primerborrador.es\/index.php\/wp-json\/wp\/v2\/posts"}],"about":[{"href":"https:\/\/primerborrador.es\/index.php\/wp-json\/wp\/v2\/types\/post"}],"author":[{"embeddable":true,"href":"https:\/\/primerborrador.es\/index.php\/wp-json\/wp\/v2\/users\/1"}],"replies":[{"embeddable":true,"href":"https:\/\/primerborrador.es\/index.php\/wp-json\/wp\/v2\/comments?post=3184"}],"version-history":[{"count":0,"href":"https:\/\/primerborrador.es\/index.php\/wp-json\/wp\/v2\/posts\/3184\/revisions"}],"wp:featuredmedia":[{"embeddable":true,"href":"https:\/\/primerborrador.es\/index.php\/wp-json\/wp\/v2\/media\/3187"}],"wp:attachment":[{"href":"https:\/\/primerborrador.es\/index.php\/wp-json\/wp\/v2\/media?parent=3184"}],"wp:term":[{"taxonomy":"category","embeddable":true,"href":"https:\/\/primerborrador.es\/index.php\/wp-json\/wp\/v2\/categories?post=3184"},{"taxonomy":"post_tag","embeddable":true,"href":"https:\/\/primerborrador.es\/index.php\/wp-json\/wp\/v2\/tags?post=3184"}],"curies":[{"name":"wp","href":"https:\/\/api.w.org\/{rel}","templated":true}]}}