{"id":2659,"date":"2024-01-03T12:34:25","date_gmt":"2024-01-03T11:34:25","guid":{"rendered":"https:\/\/primerborrador.es\/?p=2659"},"modified":"2025-01-16T11:36:48","modified_gmt":"2025-01-16T10:36:48","slug":"agata-ojo-de-gato-cumple-cincuenta-anos","status":"publish","type":"post","link":"https:\/\/primerborrador.es\/index.php\/2024\/01\/03\/agata-ojo-de-gato-cumple-cincuenta-anos\/","title":{"rendered":"\u00c1gata ojo de gato cumple cincuenta a\u00f1os"},"content":{"rendered":"\n<p class=\"wp-block-paragraph\"><em>\u00c1gata ojo de gato<\/em> cumple cincuenta a\u00f1os en este 2024 que reci\u00e9n comienza. Fue la segunda novela de Jos\u00e9 Manuel Caballero Bonald. La novela que mejor describe su m\u00edtica <em><a href=\"https:\/\/primerborrador.es\/index.php\/2022\/12\/03\/25-anos-de-diario-de-argonida\/\" target=\"_blank\" rel=\"noreferrer noopener\">Arg\u00f3nida.<\/a><\/em><\/p>\n\n\n\n<p class=\"wp-block-paragraph\">Fue escrita \u201ccomo una reacci\u00f3n personal contra las amenazas que se cern\u00edan sobre el coto de Do\u00f1ana, sobre su integridad ecol\u00f3gica\u201d dijo a\u00f1os despu\u00e9s su autor.<\/p>\n\n\n\n<!--more-->\n\n\n\n<p class=\"wp-block-paragraph\">Y aunque Caballero Bonald falleci\u00f3 en 2021, la obra sigue aqu\u00ed, firme como un muro de palabras en defensa de este espacio natural <a href=\"https:\/\/www.eldiario.es\/andalucia\/huelva\/donana-pierde-prestigioso-sello-lista-verde-mayor-organismo-internacional-medioambiente_1_10775621.html\" target=\"_blank\" rel=\"noreferrer noopener nofollow\">ya no tan \u00fanico<\/a> como cuando hace medio siglo se public\u00f3 el libro.<\/p>\n\n\n\n<p class=\"wp-block-paragraph\">Cabr\u00eda pensar que si el tiempo (m\u00e1s bien el hombre, en gen\u00e9rico universal) acaba con todo, tal vez la memoria de Do\u00f1ana s\u00f3lo quede en relatos como este, en su trama \u00fanica de lenguaje, su grimorio sure\u00f1o y el recuerdo escrito por su hechicero.<\/p>\n\n\n\n<p class=\"wp-block-paragraph\">Si quieren aprender c\u00f3mo crear un espacio \u00fanico a trav\u00e9s de palabras, aqu\u00ed encontrar\u00e1n ejemplares raros de ver: alarife, nigua, guardarraya, cuatralba, lubric\u00e1n, ondisonante, saltarenes, aguaza, jabalc\u00f3n, espolique, ensalmador, encalabrinar, anafrodita\u2026<\/p>\n\n\n\n<p class=\"wp-block-paragraph\">Cabr\u00eda pensar qu\u00e9 poca literatura se escribe, a cincuenta a\u00f1os vista, en tantos libros.<\/p>\n\n\n\n<h4 class=\"wp-block-heading\"><strong>1974, un buen a\u00f1o literario<\/strong><\/h4>\n\n\n\n<p class=\"wp-block-paragraph\">Este fue posiblemente el mejor libro de narrativa <a href=\"https:\/\/www.lecturalia.com\/libros-opt\/ap\/publicados\/1974\" target=\"_blank\" rel=\"noreferrer noopener\">publicado en Espa\u00f1a en 1974<\/a>. En la lista de libros de aquel a\u00f1o que elabora la red social <em>Lecturalia <\/em>no veo ninguno que se le pueda equiparar.<\/p>\n\n\n\n<p class=\"wp-block-paragraph\">Juzguen ustedes mismos: Se publicaron, entre otras muchas historias, <em>El honor perdido de Katharina Blum <\/em>de <strong>Heinrich B\u00f6ll<\/strong>, <em>Confieso que he vivido, <\/em>las memorias de <strong>Pablo Neruda<\/strong>, <em>Despertares <\/em>de <strong>Oliver Sacks<\/strong>, <em>Diario del artista seriamente enfermo <\/em>de <strong>Jaime Gil de Biedma<\/strong>.<\/p>\n\n\n\n<p class=\"wp-block-paragraph\">Tambi\u00e9n <em>La gran novela americana <\/em>de <strong>Philip Roth<\/strong>, <em>Los desposeidos <\/em>de <strong>Ursula K. Le Guin<\/strong>, <em>Los hijos del limo <\/em>de <strong>Octavio Paz<\/strong>, <em>Memorias de una superviviente <\/em>de <strong>Doris Lessing<\/strong>, <em>Miedo a volar <\/em>de <strong>Erica Jong<\/strong>, <em>Octaedro <\/em>de <strong>Julio Cortazar.<\/strong><\/p>\n\n\n\n<p class=\"wp-block-paragraph\">Y ya termino, no sin citar antes <em>Ojos de perro azul <\/em>de<strong> Gabriel Garc\u00eda M\u00e1rquez, <\/strong><em>Serena luz del viento <\/em>de <strong>Javier Egea<\/strong>, <em>Todo modo <\/em>de <strong>Leonardo Sciacia<\/strong> y <em>Yo el Supremo <\/em>de <strong>Augusto Roa Bastos<\/strong>.<\/p>\n\n\n\n<p class=\"wp-block-paragraph\">Y de autores gaditanos <em>Retrato respirable en un desv\u00e1n; Ceremonial<\/em> de <strong>\u00c1ngel Garc\u00eda L\u00f3pez<\/strong> y <em>Basuras <\/em>de <strong>Carlos Edmundo de Ory<\/strong>.<\/p>\n\n\n\n<p class=\"wp-block-paragraph\"><em>Agata ojo de gato<\/em> es diferente a todos ellos.<\/p>\n\n\n\n<h4 class=\"wp-block-heading\"><strong>La obra maestra<\/strong><\/h4>\n\n\n\n<p class=\"wp-block-paragraph\">En 1974 nadie sab\u00eda que Franco se iba a morir al a\u00f1o siguiente. Tampoco en 1970 cuando el autor jerezano comenz\u00f3 la construcci\u00f3n de esta novela que acabar\u00eda cuatro a\u00f1os despu\u00e9s.<\/p>\n\n\n\n<p class=\"wp-block-paragraph\">Me parece relevante indicarlo porque, entre las citas que el autor incluy\u00f3 al final de la obra hay una de Carlos Fuentes extraida del pr\u00f3logo de <em>Los reinos originarios <\/em>que dice \u201ccuando el futuro es suprimido, el origen ocupa su lugar\u201d. El hast\u00edo de esa Espa\u00f1a pacata deb\u00eda ser ya de dimensiones considerables.<\/p>\n\n\n\n<p class=\"wp-block-paragraph\">Hay mucho de tierra primigenia, de origen de un mundo, en <em>\u00c1<\/em><em>gata ojo de gato. <\/em>No solo porque la trama est\u00e1 situada en ese territorio, Do\u00f1ana, rebautizado por Caballero Bonald como <em>Arg\u00f3nida. <\/em>Hay en toda ella, desde sus primeras l\u00edneas, ese barro y putrefacci\u00f3n de lo que muere para dar paso a la vida.<\/p>\n\n\n\n<p class=\"wp-block-paragraph\">Una pulsion de cambio. Y una obra maestra.<\/p>\n\n\n\n<p class=\"wp-block-paragraph\">As\u00ed lo dej\u00f3 escrito el catedr\u00e1tico y cr\u00edtico literario <strong>Jos\u00e9 Mar\u00eda Pozuelo Yvancos<\/strong>:<\/p>\n\n\n\n<p class=\"wp-block-paragraph\">\u201c<em>podr\u00eda decirse en cuanto a concepci\u00f3n de lenguaje narrativo y de su estilo, que \u00c1gata ojo de gato, que considero su obra maestra entre las de ficci\u00f3n, muestra un punto de inflexi\u00f3n del que naci\u00f3 un novelista en cierto modo nuevo, quiz\u00e1 por haber encontrado un espacio, un territorio geogr\u00e1fico concreto, las marismas de Do\u00f1ana, que supo convertir en espacio m\u00edtico, con fuerte sentido aleg\u00f3rico\u201d<\/em> (<a href=\"https:\/\/mercurio.fundacionjmlara.es\/images\/pdf\/mercurio_119.pdf\" target=\"_blank\" rel=\"noreferrer noopener\">Revista Mercurio, n.\u00ba 119, marzo de 2010<\/a>).<\/p>\n\n\n\n<h4 class=\"wp-block-heading\"><strong>No escribo m\u00e1s<\/strong><\/h4>\n\n\n\n<p class=\"wp-block-paragraph\">En 2018 al autor confesaba al periodista y escritor Juan Cruz que ya no escribir\u00eda m\u00e1s, que le costaba un mundo leer y que se pasaba las horas oyendo m\u00fasica en el jard\u00edn de su casa.<\/p>\n\n\n\n<p class=\"wp-block-paragraph\">Pero <a href=\"https:\/\/elpais.com\/cultura\/2018\/07\/27\/actualidad\/1532715480_879061.html?event_log=oklogin\" target=\"_blank\" rel=\"noreferrer noopener\">en la entrevista se habl\u00f3 mucho de esta novela<\/a>.<\/p>\n\n\n\n<p class=\"wp-block-paragraph\">Cruz la define \u201ccomo un estampido de rara belleza h\u00fameda cuando \u00e9l ten\u00eda poco m\u00e1s de 40 a\u00f1os y alrededor el realismo seco marcaba la pauta de la literatura espa\u00f1ola\u201d.<\/p>\n\n\n\n<p class=\"wp-block-paragraph\">En esta charla Caballero Bonald reiteraba una idea que ya hab\u00eda repetido en otras ocasiones a lo largo de su carrera: que <em>\u00c1<\/em><em>gata ojo de gat<\/em><em>o<\/em><em>, <\/em>si no era su novela predilecta merec\u00eda serlo.<\/p>\n\n\n\n<p class=\"wp-block-paragraph\">Lo hab\u00eda dicho en una <a href=\"https:\/\/web.archive.org\/web\/20120119204112\/http:\/\/www.elpais.com\/edigitales\/entrevista.html?encuentro=8716\" target=\"_blank\" rel=\"noreferrer noopener\">charla digital con los lectores de <em>El Pa\u00eds<\/em><\/a><em> <\/em>a\u00f1os antes:<\/p>\n\n\n\n<blockquote class=\"wp-block-quote is-layout-flow wp-block-quote-is-layout-flow\">\n<p class=\"has-very-light-gray-to-cyan-bluish-gray-gradient-background has-background wp-block-paragraph\">\u201c<em>Es la novela m\u00eda predilecta. La escrib\u00ed como una reacci\u00f3n personal contra las amenazas que se cern\u00edan sobre el coto de Do\u00f1ana, sobre su integridad ecol\u00f3gica y quiere ser como la sustituci\u00f3n de una realidad por una leyenda. Es una novela basada fundamentalmente en el lenguaje, en un lenguaje que pretende reproducir el esplendor y la miseria de una tierra para m\u00ed sacral.\u201d<\/em><\/p>\n<cite><strong>Jose Manuel Caballero Bonald<\/strong><\/cite><\/blockquote>\n\n\n\n<h4 class=\"wp-block-heading\"><strong>La palabra como alucin\u00f3geno<\/strong><\/h4>\n\n\n\n<p class=\"wp-block-paragraph\">La expresi\u00f3n acu\u00f1ada por la escritora y cr\u00edtica <strong>Aurora de Albornoz<\/strong> sobre el lenguaje empleado en este libro, \u201cla palabra como alucin\u00f3geno\u201d, la recordaba la escritora <strong>Carme Riera<\/strong> en el <a href=\"https:\/\/www.cervantesvirtual.com\/portales\/fundacion_caballero_bonald\/obra\/jose-manuel-caballero-bonald--actas-del-congreso-homenaje\/\" target=\"_blank\" rel=\"noreferrer noopener\">octavo congreso-homenaje celebrado por la Fundaci\u00f3n Caballero Bonald<\/a>.<\/p>\n\n\n\n<p class=\"wp-block-paragraph\">Una idea ya sugerida por el propio autor, indicaba Riera entonces, al se\u00f1alar la coincidencia en el tiempo en la elaboraci\u00f3n de <em>\u00c1<\/em><em>gata ojo de gato <\/em>y su poemario <em>Descr\u00e9dito del h\u00e9roe<\/em> que se publicar\u00eda unos a\u00f1os m\u00e1s tarde.<\/p>\n\n\n\n<p class=\"wp-block-paragraph\">En ambos textos, apunt\u00f3 el escritor, se percibe \u201cuna misma tendencia al empleo alucinatorio de la expresi\u00f3n y un mismo empe\u00f1o por rastrear en lo que podr\u00edan llamarse las zonas prohibidas de la experiencia\u201d.<\/p>\n\n\n\n<p class=\"wp-block-paragraph\">Esa nebulosa casi on\u00edrica persiste en m\u00ed como lector; incluso a\u00f1os despu\u00e9s, al recordar la novela, guardo la sensaci\u00f3n de que he transitado por un sue\u00f1o o una alucinaci\u00f3n. Absolutamente veros\u00edmil, por otro lado.<\/p>\n\n\n\n<p class=\"wp-block-paragraph\">Y un efecto similar ha debido tener en otros lectores.<\/p>\n\n\n\n<p class=\"wp-block-paragraph\">El escritor <strong>Julio de la Rosa<\/strong>, en el congreso antes citado, se manifestaba en t\u00e9rminos parecidos:<\/p>\n\n\n\n<blockquote class=\"wp-block-quote is-layout-flow wp-block-quote-is-layout-flow\">\n<p class=\"has-very-light-gray-to-cyan-bluish-gray-gradient-background has-background wp-block-paragraph\">\u201c<em>La primera lectura del texto, aunque apasionante, se podr\u00eda comparar con un fen\u00f3meno parecido al espejismo. Discurri\u00f3 por un mundo encantado, alucinatorio, sin lograr acotar sus l\u00edneas de claridad. De ah\u00ed mi personal convencimiento de que \u00c1gata es una novela que se entrega en la segunda lectura\u201d.<\/em><\/p>\n<cite><strong>Julio de la Rosa<\/strong><\/cite><\/blockquote>\n\n\n\n<h4 class=\"wp-block-heading\"><strong>La conexi\u00f3n americana<\/strong><\/h4>\n\n\n\n<p class=\"wp-block-paragraph\">Caballero Bonald, que vivi\u00f3 a\u00f1os en Cuba y Colombia, fue coet\u00e1neo del llamado <em>boom latinoamericano.<\/em> Su primera novela,<em> Dos d\u00edas de septiembre,<\/em> la escribi\u00f3 durante el per\u00edodo que vivi\u00f3 en Colombia y durante los primeros a\u00f1os de este<em> boom.<\/em><\/p>\n\n\n\n<p class=\"wp-block-paragraph\">\u00bfCu\u00e1nto hay de Am\u00e9rica en la obra del jerezano? Es tarea para acad\u00e9micos. Por ejemplo, el profesor de Literatura <strong>Fernando Valls<\/strong>, en el mismo congreso citado, considera que la narrativa espa\u00f1ola de estos a\u00f1os, e incluye en la n\u00f3mina a Caballero Bonald, tiene \u201cdeudas\u201d con la literatura de aquel descubrimiento explosivo.<\/p>\n\n\n\n<p class=\"wp-block-paragraph\">Estos autores, dijo Valls, \u201ctienen deudas, aunque nada tengan que ver desde el punto de vista estil\u00edstico ni tem\u00e1tico, con la narrativa hispanoamericana, con su ambici\u00f3n, y con la conciencia de que se pod\u00eda novelar modernamente en castellano, algo que quiz\u00e1 los escritores espa\u00f1oles no llegaron a creerse del todo hasta que lo demostraron con unas obras de inmenso calibre los escritores hispanoamericanos\u201d.<\/p>\n\n\n\n<p class=\"wp-block-paragraph\">Varios autores han citado el <em>Macondo <\/em>de Garc\u00eda M\u00e1rquez como un territorio afin de alg\u00fan modo a la <em>Arg\u00f3nida<\/em>. O el condado de <em>Yoknapatawpha <\/em>donde <strong>William Faulkner<\/strong> situ\u00f3 varias de sus novelas. Tambi\u00e9n <em>Regi\u00f3n <\/em>de <strong>Juan Benet<\/strong> o el pueblo de <em>Comala<\/em> de <strong>Juan Rulfo<\/strong>.<\/p>\n\n\n\n<h4 class=\"wp-block-heading\"><strong>M\u00e1s all\u00e1 de los diccionarios<\/strong><\/h4>\n\n\n\n<p class=\"wp-block-paragraph\">Pero tal vez no haya m\u00e1s parecido que la voluntad de crear un territorio imaginario propio en el que exponer una historia que te atrapa a trav\u00e9s de la capacidad hipn\u00f3tica del lenguaje empleado para contarla.<\/p>\n\n\n\n<p class=\"wp-block-paragraph\">Juan Cruz contaba en este congreso como una joven poeta le hab\u00eda confesado que la obra de Caballero Bonald le abri\u00f3 a la poes\u00eda. Y a\u00f1adi\u00f3:<\/p>\n\n\n\n<blockquote class=\"wp-block-quote is-layout-flow wp-block-quote-is-layout-flow\">\n<p class=\"has-very-light-gray-to-cyan-bluish-gray-gradient-background has-background wp-block-paragraph\">\u201c<em>A m\u00ed me pas\u00f3 con \u00c1gata ojo de gato, uno de los libros m\u00e1s hermosos de la literatura espa\u00f1ola, un libro en el que, como dice Caballero Bonald, empezaron las palabras a decir m\u00e1s que lo que dicen en los diccionarios.\u201d<\/em><\/p>\n<cite><strong>Juan Cruz<\/strong><\/cite><\/blockquote>\n\n\n\n<p class=\"wp-block-paragraph\">Busquen, si les apetece, el significado de geom\u00e1ntico, endriago, anopluro, moheda, husmo, hijuela, paular, churumo, almocafre, pistero\u2026 Y luego, o al mismo tiempo, lean <em>\u00c1gata ojo de gato.<\/em><\/p>\n\n\n\n\n\n\n","protected":false},"excerpt":{"rendered":"<p>\u00c1gata ojo de gato cumple cincuenta a\u00f1os en este 2024 que reci\u00e9n comienza. Fue la segunda novela de Jos\u00e9 Manuel Caballero Bonald. La novela que mejor describe su m\u00edtica Arg\u00f3nida. Fue escrita \u201ccomo una reacci\u00f3n personal contra las amenazas que se cern\u00edan sobre el coto de Do\u00f1ana, sobre su integridad ecol\u00f3gica\u201d dijo a\u00f1os despu\u00e9s su&hellip;&nbsp;<a href=\"https:\/\/primerborrador.es\/index.php\/2024\/01\/03\/agata-ojo-de-gato-cumple-cincuenta-anos\/\" rel=\"bookmark\">Leer m\u00e1s &raquo;<span class=\"screen-reader-text\">\u00c1gata ojo de gato cumple cincuenta a\u00f1os<\/span><\/a><\/p>\n","protected":false},"author":1,"featured_media":2672,"comment_status":"open","ping_status":"closed","sticky":false,"template":"","format":"standard","meta":{"neve_meta_sidebar":"","neve_meta_container":"","neve_meta_enable_content_width":"","neve_meta_content_width":0,"neve_meta_title_alignment":"","neve_meta_author_avatar":"","neve_post_elements_order":"[\"title\",\"meta\",\"thumbnail\",\"content\",\"comments\",\"tags\"]","neve_meta_disable_header":"","neve_meta_disable_footer":"","neve_meta_disable_title":"","_ayudawp_aiss_exclude":false,"_ayudawp_aiss_exclude_summary":false,"_ayudawp_aiss_summary":"","_ayudawp_aiss_summary_provider":"","_ayudawp_aiss_summary_hash":"","footnotes":""},"categories":[4,3],"tags":[],"class_list":["post-2659","post","type-post","status-publish","format-standard","has-post-thumbnail","hentry","category-cronicas","category-libros"],"yoast_head":"<!-- This site is optimized with the Yoast SEO plugin v28.3 - https:\/\/yoast.com\/product\/yoast-seo-wordpress\/ -->\n<title>\u00c1gata ojo de gato cumple cincuenta a\u00f1os - Primer borrador<\/title>\n<meta name=\"description\" content=\"\u00c1gata ojo de gato cumple cincuenta a\u00f1os en este 2024. Quiz\u00e1 sea la novela que mejor describe la m\u00edtica Arg\u00f3nida de Caballero Bonald.\" \/>\n<meta name=\"robots\" content=\"index, follow, max-snippet:-1, max-image-preview:large, max-video-preview:-1\" \/>\n<link rel=\"canonical\" href=\"https:\/\/primerborrador.es\/index.php\/2024\/01\/03\/agata-ojo-de-gato-cumple-cincuenta-anos\/\" \/>\n<meta property=\"og:locale\" content=\"es_ES\" \/>\n<meta property=\"og:type\" content=\"article\" \/>\n<meta property=\"og:title\" content=\"\u00c1gata ojo de gato cumple cincuenta a\u00f1os - Primer borrador\" \/>\n<meta property=\"og:description\" content=\"\u00c1gata ojo de gato cumple cincuenta a\u00f1os en este 2024. Quiz\u00e1 sea la novela que mejor describe la m\u00edtica Arg\u00f3nida de Caballero Bonald.\" \/>\n<meta property=\"og:url\" content=\"https:\/\/primerborrador.es\/index.php\/2024\/01\/03\/agata-ojo-de-gato-cumple-cincuenta-anos\/\" \/>\n<meta property=\"og:site_name\" content=\"Primer borrador\" \/>\n<meta property=\"article:published_time\" content=\"2024-01-03T11:34:25+00:00\" \/>\n<meta property=\"article:modified_time\" content=\"2025-01-16T10:36:48+00:00\" \/>\n<meta property=\"og:image\" content=\"https:\/\/primerborrador.es\/wp-content\/uploads\/2024\/01\/Agata-ojo-de-gato-AV.jpg\" \/>\n\t<meta property=\"og:image:width\" content=\"1195\" \/>\n\t<meta property=\"og:image:height\" content=\"630\" \/>\n\t<meta property=\"og:image:type\" content=\"image\/jpeg\" \/>\n<meta name=\"author\" content=\"Santiago P\u00e9rez\" \/>\n<script type=\"application\/ld+json\" class=\"yoast-schema-graph\">{\"@context\":\"https:\\\/\\\/schema.org\",\"@graph\":[{\"@type\":\"Article\",\"@id\":\"https:\\\/\\\/primerborrador.es\\\/index.php\\\/2024\\\/01\\\/03\\\/agata-ojo-de-gato-cumple-cincuenta-anos\\\/#article\",\"isPartOf\":{\"@id\":\"https:\\\/\\\/primerborrador.es\\\/index.php\\\/2024\\\/01\\\/03\\\/agata-ojo-de-gato-cumple-cincuenta-anos\\\/\"},\"author\":{\"name\":\"Santiago P\u00e9rez\",\"@id\":\"https:\\\/\\\/primerborrador.es\\\/#\\\/schema\\\/person\\\/39b8af43fb1e2774f05a0812a8f21bbc\"},\"headline\":\"\u00c1gata ojo de gato cumple cincuenta a\u00f1os\",\"datePublished\":\"2024-01-03T11:34:25+00:00\",\"dateModified\":\"2025-01-16T10:36:48+00:00\",\"mainEntityOfPage\":{\"@id\":\"https:\\\/\\\/primerborrador.es\\\/index.php\\\/2024\\\/01\\\/03\\\/agata-ojo-de-gato-cumple-cincuenta-anos\\\/\"},\"wordCount\":1499,\"commentCount\":0,\"publisher\":{\"@id\":\"https:\\\/\\\/primerborrador.es\\\/#\\\/schema\\\/person\\\/39b8af43fb1e2774f05a0812a8f21bbc\"},\"image\":{\"@id\":\"https:\\\/\\\/primerborrador.es\\\/index.php\\\/2024\\\/01\\\/03\\\/agata-ojo-de-gato-cumple-cincuenta-anos\\\/#primaryimage\"},\"thumbnailUrl\":\"https:\\\/\\\/primerborrador.es\\\/wp-content\\\/uploads\\\/2024\\\/01\\\/Agata-ojo-de-gato-AV.jpg\",\"articleSection\":[\"Cr\u00f3nicas\",\"Libros\"],\"inLanguage\":\"es\",\"potentialAction\":[{\"@type\":\"CommentAction\",\"name\":\"Comment\",\"target\":[\"https:\\\/\\\/primerborrador.es\\\/index.php\\\/2024\\\/01\\\/03\\\/agata-ojo-de-gato-cumple-cincuenta-anos\\\/#respond\"]}]},{\"@type\":\"WebPage\",\"@id\":\"https:\\\/\\\/primerborrador.es\\\/index.php\\\/2024\\\/01\\\/03\\\/agata-ojo-de-gato-cumple-cincuenta-anos\\\/\",\"url\":\"https:\\\/\\\/primerborrador.es\\\/index.php\\\/2024\\\/01\\\/03\\\/agata-ojo-de-gato-cumple-cincuenta-anos\\\/\",\"name\":\"\u00c1gata ojo de gato cumple cincuenta a\u00f1os - Primer borrador\",\"isPartOf\":{\"@id\":\"https:\\\/\\\/primerborrador.es\\\/#website\"},\"primaryImageOfPage\":{\"@id\":\"https:\\\/\\\/primerborrador.es\\\/index.php\\\/2024\\\/01\\\/03\\\/agata-ojo-de-gato-cumple-cincuenta-anos\\\/#primaryimage\"},\"image\":{\"@id\":\"https:\\\/\\\/primerborrador.es\\\/index.php\\\/2024\\\/01\\\/03\\\/agata-ojo-de-gato-cumple-cincuenta-anos\\\/#primaryimage\"},\"thumbnailUrl\":\"https:\\\/\\\/primerborrador.es\\\/wp-content\\\/uploads\\\/2024\\\/01\\\/Agata-ojo-de-gato-AV.jpg\",\"datePublished\":\"2024-01-03T11:34:25+00:00\",\"dateModified\":\"2025-01-16T10:36:48+00:00\",\"description\":\"\u00c1gata ojo de gato cumple cincuenta a\u00f1os en este 2024. Quiz\u00e1 sea la novela que mejor describe la m\u00edtica Arg\u00f3nida de Caballero Bonald.\",\"breadcrumb\":{\"@id\":\"https:\\\/\\\/primerborrador.es\\\/index.php\\\/2024\\\/01\\\/03\\\/agata-ojo-de-gato-cumple-cincuenta-anos\\\/#breadcrumb\"},\"inLanguage\":\"es\",\"potentialAction\":[{\"@type\":\"ReadAction\",\"target\":[\"https:\\\/\\\/primerborrador.es\\\/index.php\\\/2024\\\/01\\\/03\\\/agata-ojo-de-gato-cumple-cincuenta-anos\\\/\"]}]},{\"@type\":\"ImageObject\",\"inLanguage\":\"es\",\"@id\":\"https:\\\/\\\/primerborrador.es\\\/index.php\\\/2024\\\/01\\\/03\\\/agata-ojo-de-gato-cumple-cincuenta-anos\\\/#primaryimage\",\"url\":\"https:\\\/\\\/primerborrador.es\\\/wp-content\\\/uploads\\\/2024\\\/01\\\/Agata-ojo-de-gato-AV.jpg\",\"contentUrl\":\"https:\\\/\\\/primerborrador.es\\\/wp-content\\\/uploads\\\/2024\\\/01\\\/Agata-ojo-de-gato-AV.jpg\",\"width\":1195,\"height\":630,\"caption\":\"Imagen de Agata ojo de gato cumple cincuenta a\u00f1os\"},{\"@type\":\"BreadcrumbList\",\"@id\":\"https:\\\/\\\/primerborrador.es\\\/index.php\\\/2024\\\/01\\\/03\\\/agata-ojo-de-gato-cumple-cincuenta-anos\\\/#breadcrumb\",\"itemListElement\":[{\"@type\":\"ListItem\",\"position\":1,\"name\":\"Home\",\"item\":\"https:\\\/\\\/primerborrador.es\\\/\"},{\"@type\":\"ListItem\",\"position\":2,\"name\":\"\u00c1gata ojo de gato cumple cincuenta a\u00f1os\"}]},{\"@type\":\"WebSite\",\"@id\":\"https:\\\/\\\/primerborrador.es\\\/#website\",\"url\":\"https:\\\/\\\/primerborrador.es\\\/\",\"name\":\"Primer borrador\",\"description\":\"Revista mensual de arte, literatura y jazz\",\"publisher\":{\"@id\":\"https:\\\/\\\/primerborrador.es\\\/#\\\/schema\\\/person\\\/39b8af43fb1e2774f05a0812a8f21bbc\"},\"potentialAction\":[{\"@type\":\"SearchAction\",\"target\":{\"@type\":\"EntryPoint\",\"urlTemplate\":\"https:\\\/\\\/primerborrador.es\\\/?s={search_term_string}\"},\"query-input\":{\"@type\":\"PropertyValueSpecification\",\"valueRequired\":true,\"valueName\":\"search_term_string\"}}],\"inLanguage\":\"es\"},{\"@type\":[\"Person\",\"Organization\"],\"@id\":\"https:\\\/\\\/primerborrador.es\\\/#\\\/schema\\\/person\\\/39b8af43fb1e2774f05a0812a8f21bbc\",\"name\":\"Santiago P\u00e9rez\",\"image\":{\"@type\":\"ImageObject\",\"inLanguage\":\"es\",\"@id\":\"https:\\\/\\\/primerborrador.es\\\/wp-content\\\/uploads\\\/2021\\\/02\\\/cropped-feather1-e1621103417910.png\",\"url\":\"https:\\\/\\\/primerborrador.es\\\/wp-content\\\/uploads\\\/2021\\\/02\\\/cropped-feather1-e1621103417910.png\",\"contentUrl\":\"https:\\\/\\\/primerborrador.es\\\/wp-content\\\/uploads\\\/2021\\\/02\\\/cropped-feather1-e1621103417910.png\",\"width\":256,\"height\":256,\"caption\":\"Santiago P\u00e9rez\"},\"logo\":{\"@id\":\"https:\\\/\\\/primerborrador.es\\\/wp-content\\\/uploads\\\/2021\\\/02\\\/cropped-feather1-e1621103417910.png\"},\"description\":\"Periodista. Escribo, desde Cadiz, sobre lo que me interesa: arte contempor\u00e1neo, literatura y m\u00fasica. Creo en la libertad de contar. Y tambi\u00e9n en la de elegir lo que quiero y no quiero leer.\",\"sameAs\":[\"https:\\\/\\\/primerborrador.es\"],\"url\":\"https:\\\/\\\/primerborrador.es\\\/index.php\\\/author\\\/santiagomperezm\\\/\"}]}<\/script>\n<!-- \/ Yoast SEO plugin. -->","yoast_head_json":{"title":"\u00c1gata ojo de gato cumple cincuenta a\u00f1os - Primer borrador","description":"\u00c1gata ojo de gato cumple cincuenta a\u00f1os en este 2024. Quiz\u00e1 sea la novela que mejor describe la m\u00edtica Arg\u00f3nida de Caballero Bonald.","robots":{"index":"index","follow":"follow","max-snippet":"max-snippet:-1","max-image-preview":"max-image-preview:large","max-video-preview":"max-video-preview:-1"},"canonical":"https:\/\/primerborrador.es\/index.php\/2024\/01\/03\/agata-ojo-de-gato-cumple-cincuenta-anos\/","og_locale":"es_ES","og_type":"article","og_title":"\u00c1gata ojo de gato cumple cincuenta a\u00f1os - Primer borrador","og_description":"\u00c1gata ojo de gato cumple cincuenta a\u00f1os en este 2024. Quiz\u00e1 sea la novela que mejor describe la m\u00edtica Arg\u00f3nida de Caballero Bonald.","og_url":"https:\/\/primerborrador.es\/index.php\/2024\/01\/03\/agata-ojo-de-gato-cumple-cincuenta-anos\/","og_site_name":"Primer borrador","article_published_time":"2024-01-03T11:34:25+00:00","article_modified_time":"2025-01-16T10:36:48+00:00","og_image":[{"width":1195,"height":630,"url":"https:\/\/primerborrador.es\/wp-content\/uploads\/2024\/01\/Agata-ojo-de-gato-AV.jpg","type":"image\/jpeg"}],"author":"Santiago P\u00e9rez","schema":{"@context":"https:\/\/schema.org","@graph":[{"@type":"Article","@id":"https:\/\/primerborrador.es\/index.php\/2024\/01\/03\/agata-ojo-de-gato-cumple-cincuenta-anos\/#article","isPartOf":{"@id":"https:\/\/primerborrador.es\/index.php\/2024\/01\/03\/agata-ojo-de-gato-cumple-cincuenta-anos\/"},"author":{"name":"Santiago P\u00e9rez","@id":"https:\/\/primerborrador.es\/#\/schema\/person\/39b8af43fb1e2774f05a0812a8f21bbc"},"headline":"\u00c1gata ojo de gato cumple cincuenta a\u00f1os","datePublished":"2024-01-03T11:34:25+00:00","dateModified":"2025-01-16T10:36:48+00:00","mainEntityOfPage":{"@id":"https:\/\/primerborrador.es\/index.php\/2024\/01\/03\/agata-ojo-de-gato-cumple-cincuenta-anos\/"},"wordCount":1499,"commentCount":0,"publisher":{"@id":"https:\/\/primerborrador.es\/#\/schema\/person\/39b8af43fb1e2774f05a0812a8f21bbc"},"image":{"@id":"https:\/\/primerborrador.es\/index.php\/2024\/01\/03\/agata-ojo-de-gato-cumple-cincuenta-anos\/#primaryimage"},"thumbnailUrl":"https:\/\/primerborrador.es\/wp-content\/uploads\/2024\/01\/Agata-ojo-de-gato-AV.jpg","articleSection":["Cr\u00f3nicas","Libros"],"inLanguage":"es","potentialAction":[{"@type":"CommentAction","name":"Comment","target":["https:\/\/primerborrador.es\/index.php\/2024\/01\/03\/agata-ojo-de-gato-cumple-cincuenta-anos\/#respond"]}]},{"@type":"WebPage","@id":"https:\/\/primerborrador.es\/index.php\/2024\/01\/03\/agata-ojo-de-gato-cumple-cincuenta-anos\/","url":"https:\/\/primerborrador.es\/index.php\/2024\/01\/03\/agata-ojo-de-gato-cumple-cincuenta-anos\/","name":"\u00c1gata ojo de gato cumple cincuenta a\u00f1os - Primer borrador","isPartOf":{"@id":"https:\/\/primerborrador.es\/#website"},"primaryImageOfPage":{"@id":"https:\/\/primerborrador.es\/index.php\/2024\/01\/03\/agata-ojo-de-gato-cumple-cincuenta-anos\/#primaryimage"},"image":{"@id":"https:\/\/primerborrador.es\/index.php\/2024\/01\/03\/agata-ojo-de-gato-cumple-cincuenta-anos\/#primaryimage"},"thumbnailUrl":"https:\/\/primerborrador.es\/wp-content\/uploads\/2024\/01\/Agata-ojo-de-gato-AV.jpg","datePublished":"2024-01-03T11:34:25+00:00","dateModified":"2025-01-16T10:36:48+00:00","description":"\u00c1gata ojo de gato cumple cincuenta a\u00f1os en este 2024. Quiz\u00e1 sea la novela que mejor describe la m\u00edtica Arg\u00f3nida de Caballero Bonald.","breadcrumb":{"@id":"https:\/\/primerborrador.es\/index.php\/2024\/01\/03\/agata-ojo-de-gato-cumple-cincuenta-anos\/#breadcrumb"},"inLanguage":"es","potentialAction":[{"@type":"ReadAction","target":["https:\/\/primerborrador.es\/index.php\/2024\/01\/03\/agata-ojo-de-gato-cumple-cincuenta-anos\/"]}]},{"@type":"ImageObject","inLanguage":"es","@id":"https:\/\/primerborrador.es\/index.php\/2024\/01\/03\/agata-ojo-de-gato-cumple-cincuenta-anos\/#primaryimage","url":"https:\/\/primerborrador.es\/wp-content\/uploads\/2024\/01\/Agata-ojo-de-gato-AV.jpg","contentUrl":"https:\/\/primerborrador.es\/wp-content\/uploads\/2024\/01\/Agata-ojo-de-gato-AV.jpg","width":1195,"height":630,"caption":"Imagen de Agata ojo de gato cumple cincuenta a\u00f1os"},{"@type":"BreadcrumbList","@id":"https:\/\/primerborrador.es\/index.php\/2024\/01\/03\/agata-ojo-de-gato-cumple-cincuenta-anos\/#breadcrumb","itemListElement":[{"@type":"ListItem","position":1,"name":"Home","item":"https:\/\/primerborrador.es\/"},{"@type":"ListItem","position":2,"name":"\u00c1gata ojo de gato cumple cincuenta a\u00f1os"}]},{"@type":"WebSite","@id":"https:\/\/primerborrador.es\/#website","url":"https:\/\/primerborrador.es\/","name":"Primer borrador","description":"Revista mensual de arte, literatura y jazz","publisher":{"@id":"https:\/\/primerborrador.es\/#\/schema\/person\/39b8af43fb1e2774f05a0812a8f21bbc"},"potentialAction":[{"@type":"SearchAction","target":{"@type":"EntryPoint","urlTemplate":"https:\/\/primerborrador.es\/?s={search_term_string}"},"query-input":{"@type":"PropertyValueSpecification","valueRequired":true,"valueName":"search_term_string"}}],"inLanguage":"es"},{"@type":["Person","Organization"],"@id":"https:\/\/primerborrador.es\/#\/schema\/person\/39b8af43fb1e2774f05a0812a8f21bbc","name":"Santiago P\u00e9rez","image":{"@type":"ImageObject","inLanguage":"es","@id":"https:\/\/primerborrador.es\/wp-content\/uploads\/2021\/02\/cropped-feather1-e1621103417910.png","url":"https:\/\/primerborrador.es\/wp-content\/uploads\/2021\/02\/cropped-feather1-e1621103417910.png","contentUrl":"https:\/\/primerborrador.es\/wp-content\/uploads\/2021\/02\/cropped-feather1-e1621103417910.png","width":256,"height":256,"caption":"Santiago P\u00e9rez"},"logo":{"@id":"https:\/\/primerborrador.es\/wp-content\/uploads\/2021\/02\/cropped-feather1-e1621103417910.png"},"description":"Periodista. Escribo, desde Cadiz, sobre lo que me interesa: arte contempor\u00e1neo, literatura y m\u00fasica. Creo en la libertad de contar. Y tambi\u00e9n en la de elegir lo que quiero y no quiero leer.","sameAs":["https:\/\/primerborrador.es"],"url":"https:\/\/primerborrador.es\/index.php\/author\/santiagomperezm\/"}]}},"_links":{"self":[{"href":"https:\/\/primerborrador.es\/index.php\/wp-json\/wp\/v2\/posts\/2659","targetHints":{"allow":["GET"]}}],"collection":[{"href":"https:\/\/primerborrador.es\/index.php\/wp-json\/wp\/v2\/posts"}],"about":[{"href":"https:\/\/primerborrador.es\/index.php\/wp-json\/wp\/v2\/types\/post"}],"author":[{"embeddable":true,"href":"https:\/\/primerborrador.es\/index.php\/wp-json\/wp\/v2\/users\/1"}],"replies":[{"embeddable":true,"href":"https:\/\/primerborrador.es\/index.php\/wp-json\/wp\/v2\/comments?post=2659"}],"version-history":[{"count":0,"href":"https:\/\/primerborrador.es\/index.php\/wp-json\/wp\/v2\/posts\/2659\/revisions"}],"wp:featuredmedia":[{"embeddable":true,"href":"https:\/\/primerborrador.es\/index.php\/wp-json\/wp\/v2\/media\/2672"}],"wp:attachment":[{"href":"https:\/\/primerborrador.es\/index.php\/wp-json\/wp\/v2\/media?parent=2659"}],"wp:term":[{"taxonomy":"category","embeddable":true,"href":"https:\/\/primerborrador.es\/index.php\/wp-json\/wp\/v2\/categories?post=2659"},{"taxonomy":"post_tag","embeddable":true,"href":"https:\/\/primerborrador.es\/index.php\/wp-json\/wp\/v2\/tags?post=2659"}],"curies":[{"name":"wp","href":"https:\/\/api.w.org\/{rel}","templated":true}]}}