{"id":2588,"date":"2024-01-03T12:33:12","date_gmt":"2024-01-03T11:33:12","guid":{"rendered":"https:\/\/primerborrador.es\/?p=2588"},"modified":"2024-01-03T12:33:17","modified_gmt":"2024-01-03T11:33:17","slug":"libros-sobre-la-emergencia-climatica","status":"publish","type":"post","link":"https:\/\/primerborrador.es\/index.php\/2024\/01\/03\/libros-sobre-la-emergencia-climatica\/","title":{"rendered":"Libros sobre la emergencia clim\u00e1tica"},"content":{"rendered":"\n<p class=\"wp-block-paragraph\">Considerados hasta hace no mucho tiempo ciencia ficci\u00f3n situada en un futuro apocal\u00edptico y distante, los libros sobre la emergencia clim\u00e1tica exponen cada vez m\u00e1s historias ambientadas en el presente. <\/p>\n\n\n\n<p class=\"wp-block-paragraph\">\u201cEl medio ambiente es un tema aburrido\u201d, comenta el protagonista de <em>Tasmania<\/em>, la m\u00e1s reciente novela del escritor italiano <strong>Paolo Giordano<\/strong>. \u201cLento, sin acci\u00f3n ni tragedia, salvo las que se esperan en el futuro. He ah\u00ed el problema secreto del cambio clim\u00e1tico: el aburrimiento mortal\u201d. <\/p>\n\n\n\n<p class=\"wp-block-paragraph\">Da en el clavo porque expone el gran dilema comunicacional de la emergencia en curso: no importa <a href=\"https:\/\/primerborrador.es\/index.php\/2023\/01\/03\/juan-fueyo-la-crisis-climatica-ha-llegado-a-tu-barrio\/\" target=\"_blank\" rel=\"noreferrer noopener\">cu\u00e1ntas evidencias expongan los cient\u00edficos del clima<\/a> sobre un planeta cada vez m\u00e1s caliente o cu\u00e1ntas im\u00e1genes circulen de cat\u00e1strofes. A una gran parte de la poblaci\u00f3n el mensaje no le llega; nada los mueve a la acci\u00f3n ni los ayuda a comprender la situaci\u00f3n incierta que la humanidad atraviesa.<\/p>\n\n\n\n<h4 class=\"wp-block-heading\">El mensaje que no llega<\/h4>\n\n\n\n<p class=\"wp-block-paragraph\">Para muchos, el problema es tan vasto, tan complejo, que lo ven como algo lejano, ajeno e incluso inexistente. El escritor <strong>Cory Doctorow<\/strong> llam\u00f3 a este proceso psicol\u00f3gico <a href=\"https:\/\/doctorow.medium.com\/what-is-peak-indifference-b7ddb6d92ca5\" target=\"_blank\" rel=\"noreferrer noopener\">\u201cm\u00e1xima indiferencia\u201d<\/a>: a medida que crece la crisis, tambi\u00e9n crece nuestro desinter\u00e9s. Hasta que se vuelve tan grave que resulta imposible ignorarla y, entonces, surge el p\u00e1nico.<\/p>\n\n\n\n<p class=\"wp-block-paragraph\">\u201cDurante muchos a\u00f1os me he preguntado por qu\u00e9 es tan dif\u00edcil, tan complicado volver apasionante la crisis clim\u00e1tica desde un punto de vista humano\u201d, cuenta a SINC Giordano, licenciado en f\u00edsica te\u00f3rica que salt\u00f3 a la fama a los 26 a\u00f1os con su novela de <em>La soledad de los n\u00fameros primos<\/em> en 2008. \u201cO qu\u00e9 hay que hacer para contarla y que nos toque en lo m\u00e1s profundo de las emociones\u201d.<\/p>\n\n\n\n<p class=\"wp-block-paragraph\">Como un n\u00famero cada vez mayor de novelistas, Giordano est\u00e1 convencido que la ficci\u00f3n es una de nuestras mejores herramientas para afrontar un mundo transfigurado por desastres clim\u00e1ticos y una acelerada extinci\u00f3n de especies.<\/p>\n\n\n\n<p class=\"wp-block-paragraph\">\u201cLa crisis clim\u00e1tica da lugar a narraciones dist\u00f3picas y de ciencia ficci\u00f3n muy alejadas en el tiempo\u201d, se\u00f1ala este autor que cruza ciencia y literatura. <\/p>\n\n\n\n<p class=\"has-very-light-gray-to-cyan-bluish-gray-gradient-background has-background wp-block-paragraph\">\u201cEn cambio, creo que hace falta sentir la verdad de esta crisis en tiempo presente. Explorar sus efectos tambi\u00e9n en las relaciones humanas, en las maneras en que ya est\u00e1 cambiando el tejido de nuestros v\u00ednculos m\u00e1s \u00edntimos. <em>Tasmania<\/em> ha sido para m\u00ed un desaf\u00edo, un intento de hacer entender c\u00f3mo la emergencia clim\u00e1tica cambiar\u00e1 nuestras relaciones\u201d.<\/p>\n\n\n<div class=\"wp-block-image\">\n<figure class=\"aligncenter size-full\"><img loading=\"lazy\" decoding=\"async\" width=\"1200\" height=\"630\" src=\"https:\/\/primerborrador.es\/wp-content\/uploads\/2024\/01\/PN-Bahia-de-Cadiz-2018-2.jpg\" alt=\"Parque Natural de la bah\u00eda de C\u00e1diz en 2018. Fotos: Santiago P\u00e9rez\" class=\"wp-image-2608\" srcset=\"https:\/\/primerborrador.es\/wp-content\/uploads\/2024\/01\/PN-Bahia-de-Cadiz-2018-2.jpg 1200w, https:\/\/primerborrador.es\/wp-content\/uploads\/2024\/01\/PN-Bahia-de-Cadiz-2018-2-768x403.jpg 768w\" sizes=\"auto, (max-width: 1200px) 100vw, 1200px\" \/><figcaption class=\"wp-element-caption\">Parque Natural de la Bah\u00eda de C\u00e1diz, 2018. Fotos: Santiago P\u00e9rez<\/figcaption><\/figure>\n<\/div>\n\n\n<h4 class=\"wp-block-heading\">Futuros posibles<\/h4>\n\n\n\n<p class=\"wp-block-paragraph\">En la novela \u2014elegida mejor libro de 2022 en Italia\u2014, Giordano cuenta la historia de un periodista cient\u00edfico que atraviesa una crisis de pareja mientras el mundo se desploma d\u00eda a d\u00eda a trav\u00e9s de atentados, cat\u00e1strofes clim\u00e1ticas y otros colapsos. <\/p>\n\n\n\n<p class=\"wp-block-paragraph\">\u201cVivimos con una especie de m\u00fasica de fondo, un pensamiento pesimista, de desastre permanente\u201d, indica. <\/p>\n\n\n\n<p class=\"has-very-light-gray-to-cyan-bluish-gray-gradient-background has-background wp-block-paragraph\">\u201cLas novelas nos ayudan a poner estas crisis en perspectiva y a construir algo de esperanza. Estamos en un momento de transformaci\u00f3n muy r\u00e1pida. Para muchos es muy dif\u00edcil aceptar que el futuro cercano del planeta ser\u00e1 diferente del que conocemos, y que hace falta una revisi\u00f3n radical de nuestro estilo de vida. Las novelas deben funcionar como medios para entender qu\u00e9 es lo real\u201d.<\/p>\n\n\n\n<h4 class=\"wp-block-heading\">Ficci\u00f3n clim\u00e1tica<\/h4>\n\n\n\n<p class=\"wp-block-paragraph\">Hasta hace no mucho las historias sobre cat\u00e1strofes ambientales sol\u00edan estar ambientadas en futuros lejanos, como <em>La carretera<\/em> de <strong>Cormac McCarthy<\/strong>, <em>La sequ\u00eda<\/em> de <strong>J.G. Ballard<\/strong> y <em>Dune<\/em> de <strong>Frank Herbert<\/strong>. O aglomeradas en su propio nicho literario conocido como \u201ccli-fi\u201d (o ficci\u00f3n clim\u00e1tica o climate fiction), un subg\u00e9nero cada vez m\u00e1s poblado con t\u00edtulos como <em>Cuchillo de agua<\/em> de <strong>Paolo Bacigalupi<\/strong>, <\/p>\n\n\n\n<p class=\"wp-block-paragraph\"><em>El Ministerio del Futuro<\/em> y <em>2312<\/em> de <strong>Kim Stanley Robinson<\/strong>, <em>La rueda celeste<\/em> de <strong>Ursula K. Le Guin<\/strong>, <em>Termination Shock<\/em> de <strong>Neal Stephenson<\/strong> o <em>El emisario<\/em>, libro en el que la novelista japonesa <strong>Yoko Tawada <\/strong>describe a un Jap\u00f3n postapocal\u00edptico devastado por una cat\u00e1strofe medioambiental y donde gran parte de las especies han desaparecido, los alimentos escasean, los hombres padecen menopausia y todo el mundo cambia de g\u00e9nero al menos una vez en la vida.<\/p>\n\n\n\n<p class=\"wp-block-paragraph\">A estas novelas las une el mismo prop\u00f3sito: entretener, pero tambi\u00e9n advertir, preocupar. Funcionan como un gran experimento mental para explorar escenarios posibles o para pensar qu\u00e9 nos puede llegar a deparar si seguimos por el mismo camino.<\/p>\n\n\n\n<h4 class=\"wp-block-heading\">Factor de cambios<\/h4>\n\n\n\n<p class=\"wp-block-paragraph\">\u201cLa ficci\u00f3n tiene el enorme poder de generar cambios individuales a escala masivo\u201d, explica la escritora argentina <strong>Agustina Bazterrica<\/strong>, autora del best-seller <em>Cad\u00e1ver exquisito<\/em> (2017), una pesadilla futurista en la que a causa de un virus mortal que afecta a los animales y contagia a los seres humanos el canibalismo se vuelve una pr\u00e1ctica legal. <\/p>\n\n\n\n<p class=\"wp-block-paragraph\">\u201cEl libro <em>El cuento de la criada<\/em> de <strong>Margaret Atwood<\/strong> no solo me hizo repensar mi feminismo sino que qued\u00e9 marcada por \u2018las colonias\u2019, lugares t\u00f3xicos donde mandan a las criadas rebeldes a limpiar desechos radioactivos\u00bb <\/p>\n\n\n\n<p class=\"wp-block-paragraph\">\u00bbEsto me afect\u00f3 tanto que me hizo consumir menos pl\u00e1stico y el que a\u00fan consumo lo convierto en botellas que se llenan de envoltorios que no se pueden reciclar, se procesan y se construyen muebles o se usa para la construcci\u00f3n. <\/p>\n\n\n\n<p class=\"has-very-light-gray-to-cyan-bluish-gray-gradient-background has-background wp-block-paragraph\">\u00bbMi cambio individual de por s\u00ed no genera impacto, pero si se suma a otros cambios individuales evitamos, por ejemplo, que se acumule tanto pl\u00e1stico. Uno podr\u00eda pensar, \u00bfde qu\u00e9 sirve si ya estamos respirando micropl\u00e1sticos? Mi respuesta a m\u00ed misma es: luchar hasta el \u00faltimo aliento\u201d.<\/p>\n\n\n<div class=\"wp-block-image\">\n<figure class=\"aligncenter size-full\"><img loading=\"lazy\" decoding=\"async\" width=\"1200\" height=\"900\" src=\"https:\/\/primerborrador.es\/wp-content\/uploads\/2024\/01\/PN-Bahia-de-Cadiz-2018.jpg\" alt=\"Imagen del Parque Natural de la Bah\u00eda de C\u00e1diz\" class=\"wp-image-2610\" srcset=\"https:\/\/primerborrador.es\/wp-content\/uploads\/2024\/01\/PN-Bahia-de-Cadiz-2018.jpg 1200w, https:\/\/primerborrador.es\/wp-content\/uploads\/2024\/01\/PN-Bahia-de-Cadiz-2018-768x576.jpg 768w\" sizes=\"auto, (max-width: 1200px) 100vw, 1200px\" \/><figcaption class=\"wp-element-caption\">Parque Natural de la Bah\u00eda de C\u00e1diz en 2018. Fotos: Santiago P\u00e9rez<\/figcaption><\/figure>\n<\/div>\n\n\n<h4 class=\"wp-block-heading\">M\u00e1s libros sobre emergencia clim\u00e1tica<\/h4>\n\n\n\n<p class=\"wp-block-paragraph\">Pero, a medida que los desastres ecol\u00f3gicos ya no son raros ni sorprendentes ni se circunscriben a regiones remotas del planeta, el cambio clim\u00e1tico se infiltr\u00f3 en la literatura con la misma fuerza con lo que ya se ha instalado en la vida cotidiana.<\/p>\n\n\n\n<p class=\"wp-block-paragraph\"> Cada vez m\u00e1s escritores lo incorporan en el tejido de sus tramas aunque ya no como serm\u00f3n o advertencia de lo que podr\u00eda llegar a pasar sino como un escenario m\u00e1s, un tel\u00f3n de fondo que moldea las relaciones y acciones de los protagonistas.<\/p>\n\n\n\n<p class=\"wp-block-paragraph\">\u201cEn <em>Tasmania<\/em>, me planteo la pregunta sobre qu\u00e9 relaci\u00f3n hay entre nuestra intimidad y el mundo alrededor\u201d, se\u00f1ala Giordano. <\/p>\n\n\n\n<p class=\"wp-block-paragraph\">\u201cEn el pasado pod\u00edamos olvidarnos del mundo lejano durante unas horas. Pero ahora est\u00e1 siempre presente a trav\u00e9s de crisis y atentados. En la novela me pregunto cu\u00e1l es el efecto de este mundo en el amor. \u00bfLas crisis por las que el planeta atraviesa pueden tener un efecto en nuestras relaciones personales?\u201d.<\/p>\n\n\n\n<p class=\"wp-block-paragraph\">En <em>Un hombre decente<\/em>, <strong>John le Carr\u00e9<\/strong> somete a sus protagonistas a un calor ins\u00f3lito para Londres. \u201cCreo que nos dirigimos a la destrucci\u00f3n\u201d, <a href=\"https:\/\/www.npr.org\/2019\/10\/19\/771089425\/john-le-carr-fears-for-the-future-in-agent-running-in-the-field\" target=\"_blank\" rel=\"noreferrer noopener\">confes\u00f3 en una entrevista en 2019<\/a> este autor brit\u00e1nico conocido por sus novelas de esp\u00edas. <\/p>\n\n\n\n<p class=\"wp-block-paragraph\">\u201cEl planeta sobrevivir\u00e1, pero la humanidad no. No en esta forma\u201d. En la novela <em>El calentamiento global<\/em>, en cambio, <strong>Daniel Ruiz Garc\u00eda<\/strong> expone las hipocres\u00edas del discurso corporativo del desarrollo sostenible.<\/p>\n\n\n\n<h4 class=\"wp-block-heading\">Lo salvaje como norma<\/h4>\n\n\n\n<p class=\"wp-block-paragraph\">Otro ejemplo es<em> The Overstory (o El clamor de los bosques)<\/em> sobre los v\u00ednculos entre seres humanos y los \u00e1rboles y que le hizo ganar a su autor, <strong>Richard Powers<\/strong>, el gan\u00f3 el Premio Pulitzer de ficci\u00f3n en 2018. <\/p>\n\n\n\n<p class=\"wp-block-paragraph\">\u201cEl cambio clim\u00e1tico se nos presenta como un problema de ingenier\u00eda, pero en realidad es psicol\u00f3gico\u201d, asegura este escritor estadounidense. \u201cLa ficci\u00f3n puede crear misterio y esa inestabilidad que hace que el lector diga: \u2018Espera, espera, \u00bfqu\u00e9 est\u00e1 sucediendo? \u00bfQu\u00e9 va a pasar despu\u00e9s? \u00bfC\u00f3mo van a afrontar eso?\u2019\u201d.<\/p>\n\n\n\n<p class=\"wp-block-paragraph\">En la novela <em>Gun Island<\/em>, <strong>Amitav Ghosh<\/strong> ahonda en las respuestas emocionales de sus personajes al cambio clim\u00e1tico. En 2016, este famoso escritor indio hab\u00eda expresado su sorpresa en el ensayo <em>The Great Derangement<\/em> de que no hab\u00eda suficientes novelas contempor\u00e1neas que abordaran la crisis clim\u00e1tica como un tema central de nuestro tiempo.<\/p>\n\n\n\n<p class=\"has-very-light-gray-to-cyan-bluish-gray-gradient-background has-background wp-block-paragraph\"> \u201cHemos entrado en un momento en el que lo salvaje se ha convertido en la norma: si ciertas formas literarias no pueden navegar estas aguas, entonces habr\u00e1n fracasado y sus fracasos tendr\u00e1n que contarse como un aspecto del fracaso imaginativo y cultural m\u00e1s amplio que se encuentra en el coraz\u00f3n de la crisis clim\u00e1tica\u201d.<\/p>\n\n\n\n<h4 class=\"wp-block-heading\">Persuasi\u00f3n narrativa<\/h4>\n\n\n\n<p class=\"wp-block-paragraph\">\u201cEl cambio clim\u00e1tico es generalmente visto como algo abstracto y distante, algo que conocen pero que no \u2018sienten\u2019\u201d, se\u00f1alan los investigadores <a href=\"https:\/\/oxfordre.com\/climatescience\/display\/10.1093\/acrefore\/9780190228620.001.0001\/acrefore-9780190228620-e-392\" target=\"_blank\" rel=\"noreferrer noopener nofollow\"><strong>Julia B. Corbett <\/strong>y <strong>Brett Clark<\/strong><\/a>. <\/p>\n\n\n\n<p class=\"wp-block-paragraph\">\u201cLa literatura puede desempe\u00f1ar un papel importante: permite sentir e imaginar la llamada invisibilidad del cambio clim\u00e1tico en el presente y el futuro y fomentar la reflexi\u00f3n cr\u00edtica sobre las estructuras sociales y las normas culturales y morales existentes\u201d.<\/p>\n\n\n\n<p class=\"wp-block-paragraph\">El verdadero poder de la ficci\u00f3n radica en su capacidad de persuasi\u00f3n, es decir, traspasar las barreras que muchos lectores levantan frente a las noticias y las recomendaciones de cient\u00edficos. <\/p>\n\n\n\n<p class=\"wp-block-paragraph\">Investigadores del Programa de Comunicaci\u00f3n sobre el Cambio Clim\u00e1tico de Yale pusieron esto a prueba y analizaron los efectos de lo que se conoce como \u201cpersuasi\u00f3n narrativa\u201d de los cuentos \u201cEl cazador de tamariscos\u201d de Paolo Bacigalupi y \u201cIn-Flight Entertainment\u201d de <strong>Helen Simpson<\/strong> sobre el negacionismo clim\u00e1tico en una conversaci\u00f3n entre pasajeros de avi\u00f3n.<\/p>\n\n\n\n<p class=\"wp-block-paragraph\">\u201cDescubrimos que leer estas historias tuvo efectos positivos significativos en las creencias y actitudes de los lectores sobre el cambio clim\u00e1tico, incluida la idea de que el calentamiento global causar\u00e1 m\u00e1s desastres naturales y pobreza, as\u00ed como da\u00f1ar\u00e1 personalmente a los lectores, as\u00ed como a las generaciones futuras\u201d, revelan los autores en un art\u00edculo publicado en la revista Environmental Communication.<\/p>\n\n\n\n<p class=\"wp-block-paragraph\"> \u201cEncontramos que muchos de estos efectos est\u00e1n mediados por los sentimientos despertados por la historia y por la identificaci\u00f3n con los personajes\u201d.<\/p>\n\n\n\n<p class=\"wp-block-paragraph\">Sin embargo, los efectos persuasivos disminuyeron despu\u00e9s de un mes, lo que sugiere que se desvanecen con el tiempo.<\/p>\n\n\n\n<figure class=\"wp-block-image size-full\"><img loading=\"lazy\" decoding=\"async\" width=\"1199\" height=\"736\" src=\"https:\/\/primerborrador.es\/wp-content\/uploads\/2024\/01\/PN-Bahia-de-Cadiz-2018-3.jpg\" alt=\"Parque Natural de la Bah\u00eda de C\u00e1diz.\" class=\"wp-image-2611\" srcset=\"https:\/\/primerborrador.es\/wp-content\/uploads\/2024\/01\/PN-Bahia-de-Cadiz-2018-3.jpg 1199w, https:\/\/primerborrador.es\/wp-content\/uploads\/2024\/01\/PN-Bahia-de-Cadiz-2018-3-768x471.jpg 768w\" sizes=\"auto, (max-width: 1199px) 100vw, 1199px\" \/><figcaption class=\"wp-element-caption\">Parque Natural de la Bah\u00eda de C\u00e1diz. Fotos: Santiago P\u00e9rez<\/figcaption><\/figure>\n\n\n\n<h4 class=\"wp-block-heading\">Es tarde, pero no demasiado<\/h4>\n\n\n\n<p class=\"wp-block-paragraph\"> \u201cEstos hallazgos resaltan la importancia de contar historias sobre el cambio clim\u00e1tico\u201d, concluyen. \u201cSin embargo, tambi\u00e9n enfatizamos la importancia de la exposici\u00f3n repetida a m\u00faltiples mensajes de diferentes fuentes, porque los efectos persuasivos de cualquier mensaje pueden ser transitorios\u201d.<\/p>\n\n\n\n<p class=\"wp-block-paragraph\">La escritora <strong>Rebecca Solnit<\/strong> abraza y promueve la esperanza. \u201cEs tarde. Estamos en una emergencia. Pero no es demasiado tarde, porque la emergencia no ha terminado\u201d, indica en Not Too Late: Changing the Climate Story from Despair to Possibility. <\/p>\n\n\n\n<p class=\"has-very-light-gray-to-cyan-bluish-gray-gradient-background has-background wp-block-paragraph\">\u201cEl resultado no est\u00e1 decidido. Lo estamos decidiendo ahora. Cuanto m\u00e1s esperemos para actuar, m\u00e1s limitadas ser\u00e1n las opciones, pero los cient\u00edficos nos dicen que hay buenas opciones y una gran urgencia para aceptarlas mientras podamos\u201d.<\/p>\n\n\n\n<p class=\"wp-block-paragraph\">Las historias apocal\u00edpticas y oscuras conllevan al derrotismo, cinismo y desesperaci\u00f3n. Se precisan, en cambio, relatos sobre futuros clim\u00e1ticos m\u00e1s positivos. Para ello, el escritor <strong>Kim Stanley Robinson<\/strong> cre\u00f3 el \u201cProyecto de Imaginaci\u00f3n Clim\u00e1tica\u201d, en el Centro para la Ciencia y la Imaginaci\u00f3n de la Universidad Estatal de Arizona, Estados Unidos: un programa que incita a escritores de todo el mundo a crear visiones de adaptaci\u00f3n y resiliencia clim\u00e1tica capaces de empedrar a los lectores y motivar acciones hoy. <\/p>\n\n\n\n<p class=\"wp-block-paragraph\">Como se\u00f1alan sus promotores: \u201cNecesitamos historias esperanzadoras sobre c\u00f3mo la acci\u00f3n colectiva, ayudada por conocimientos cient\u00edficos y tecnolog\u00edas culturalmente sensibles, puede ayudarnos a avanzar hacia futuros inclusivos y sostenibles\u201d.<\/p>\n\n\n\n<p class=\"wp-block-paragraph\">Escrito por <a href=\"https:\/\/www.agenciasinc.es\/Reportajes\/Literatura-contra-el-colapso-ambiental\" target=\"_blank\" rel=\"noreferrer noopener\"><strong>Federico Kukso<\/strong>\/Agencia Sync (CC BY 4.0)<\/a><\/p>\n","protected":false},"excerpt":{"rendered":"<p>Considerados hasta hace no mucho tiempo ciencia ficci\u00f3n situada en un futuro apocal\u00edptico y distante, los libros sobre la emergencia clim\u00e1tica exponen cada vez m\u00e1s historias ambientadas en el presente. \u201cEl medio ambiente es un tema aburrido\u201d, comenta el protagonista de Tasmania, la m\u00e1s reciente novela del escritor italiano Paolo Giordano. \u201cLento, sin acci\u00f3n ni&hellip;&nbsp;<a href=\"https:\/\/primerborrador.es\/index.php\/2024\/01\/03\/libros-sobre-la-emergencia-climatica\/\" rel=\"bookmark\">Leer m\u00e1s &raquo;<span class=\"screen-reader-text\">Libros sobre la emergencia clim\u00e1tica<\/span><\/a><\/p>\n","protected":false},"author":2,"featured_media":2607,"comment_status":"open","ping_status":"closed","sticky":false,"template":"","format":"standard","meta":{"neve_meta_sidebar":"","neve_meta_container":"","neve_meta_enable_content_width":"","neve_meta_content_width":0,"neve_meta_title_alignment":"","neve_meta_author_avatar":"","neve_post_elements_order":"[\"title\",\"meta\",\"thumbnail\",\"content\",\"comments\",\"tags\"]","neve_meta_disable_header":"","neve_meta_disable_footer":"","neve_meta_disable_title":"","_ayudawp_aiss_exclude":false,"_ayudawp_aiss_exclude_summary":false,"_ayudawp_aiss_summary":"","_ayudawp_aiss_summary_provider":"","_ayudawp_aiss_summary_hash":"","footnotes":""},"categories":[3,6],"tags":[478,476,473,477,474,475],"class_list":["post-2588","post","type-post","status-publish","format-standard","has-post-thumbnail","hentry","category-libros","category-reportajes","tag-ballard","tag-cory-doctorow","tag-emergencia-climatica","tag-mccarthy","tag-medio-ambiente","tag-paolo-giordano"],"yoast_head":"<!-- This site is optimized with the Yoast SEO plugin v28.3 - https:\/\/yoast.com\/product\/yoast-seo-wordpress\/ -->\n<title>Libros sobre la emergencia clim\u00e1tica - Primer borrador<\/title>\n<meta name=\"description\" content=\"Considerados mucho tiempo ciencia ficci\u00f3n, los libros sobre la emergencia clim\u00e1tica exponen cada vez m\u00e1s historias ambientadas en el presente.\" \/>\n<meta name=\"robots\" content=\"index, follow, max-snippet:-1, max-image-preview:large, max-video-preview:-1\" \/>\n<link rel=\"canonical\" href=\"https:\/\/primerborrador.es\/index.php\/2024\/01\/03\/libros-sobre-la-emergencia-climatica\/\" \/>\n<meta property=\"og:locale\" content=\"es_ES\" \/>\n<meta property=\"og:type\" content=\"article\" \/>\n<meta property=\"og:title\" content=\"Libros sobre la emergencia clim\u00e1tica - Primer borrador\" \/>\n<meta property=\"og:description\" content=\"Considerados mucho tiempo ciencia ficci\u00f3n, los libros sobre la emergencia clim\u00e1tica exponen cada vez m\u00e1s historias ambientadas en el presente.\" \/>\n<meta property=\"og:url\" content=\"https:\/\/primerborrador.es\/index.php\/2024\/01\/03\/libros-sobre-la-emergencia-climatica\/\" \/>\n<meta property=\"og:site_name\" content=\"Primer borrador\" \/>\n<meta property=\"article:published_time\" content=\"2024-01-03T11:33:12+00:00\" \/>\n<meta property=\"article:modified_time\" content=\"2024-01-03T11:33:17+00:00\" \/>\n<meta property=\"og:image\" content=\"https:\/\/primerborrador.es\/wp-content\/uploads\/2024\/01\/Playa-de-Cortadura-2021.jpg\" \/>\n\t<meta property=\"og:image:width\" content=\"1197\" \/>\n\t<meta property=\"og:image:height\" content=\"630\" \/>\n\t<meta property=\"og:image:type\" content=\"image\/jpeg\" \/>\n<meta name=\"author\" content=\"Redacci\u00f3n\" \/>\n<script type=\"application\/ld+json\" class=\"yoast-schema-graph\">{\"@context\":\"https:\\\/\\\/schema.org\",\"@graph\":[{\"@type\":\"Article\",\"@id\":\"https:\\\/\\\/primerborrador.es\\\/index.php\\\/2024\\\/01\\\/03\\\/libros-sobre-la-emergencia-climatica\\\/#article\",\"isPartOf\":{\"@id\":\"https:\\\/\\\/primerborrador.es\\\/index.php\\\/2024\\\/01\\\/03\\\/libros-sobre-la-emergencia-climatica\\\/\"},\"author\":{\"name\":\"Redacci\u00f3n\",\"@id\":\"https:\\\/\\\/primerborrador.es\\\/#\\\/schema\\\/person\\\/0492196f9e50f87ef1f6e3ddcaba881e\"},\"headline\":\"Libros sobre la emergencia clim\u00e1tica\",\"datePublished\":\"2024-01-03T11:33:12+00:00\",\"dateModified\":\"2024-01-03T11:33:17+00:00\",\"mainEntityOfPage\":{\"@id\":\"https:\\\/\\\/primerborrador.es\\\/index.php\\\/2024\\\/01\\\/03\\\/libros-sobre-la-emergencia-climatica\\\/\"},\"wordCount\":1995,\"commentCount\":0,\"publisher\":{\"@id\":\"https:\\\/\\\/primerborrador.es\\\/#\\\/schema\\\/person\\\/39b8af43fb1e2774f05a0812a8f21bbc\"},\"image\":{\"@id\":\"https:\\\/\\\/primerborrador.es\\\/index.php\\\/2024\\\/01\\\/03\\\/libros-sobre-la-emergencia-climatica\\\/#primaryimage\"},\"thumbnailUrl\":\"https:\\\/\\\/primerborrador.es\\\/wp-content\\\/uploads\\\/2024\\\/01\\\/Playa-de-Cortadura-2021.jpg\",\"keywords\":[\"Ballard\",\"cory-doctorow\",\"emergencia-clim\u00e1tica\",\"McCarthy\",\"medio-ambiente\",\"paolo-giordano\"],\"articleSection\":[\"Libros\",\"Reportajes\"],\"inLanguage\":\"es\",\"potentialAction\":[{\"@type\":\"CommentAction\",\"name\":\"Comment\",\"target\":[\"https:\\\/\\\/primerborrador.es\\\/index.php\\\/2024\\\/01\\\/03\\\/libros-sobre-la-emergencia-climatica\\\/#respond\"]}]},{\"@type\":\"WebPage\",\"@id\":\"https:\\\/\\\/primerborrador.es\\\/index.php\\\/2024\\\/01\\\/03\\\/libros-sobre-la-emergencia-climatica\\\/\",\"url\":\"https:\\\/\\\/primerborrador.es\\\/index.php\\\/2024\\\/01\\\/03\\\/libros-sobre-la-emergencia-climatica\\\/\",\"name\":\"Libros sobre la emergencia clim\u00e1tica - Primer borrador\",\"isPartOf\":{\"@id\":\"https:\\\/\\\/primerborrador.es\\\/#website\"},\"primaryImageOfPage\":{\"@id\":\"https:\\\/\\\/primerborrador.es\\\/index.php\\\/2024\\\/01\\\/03\\\/libros-sobre-la-emergencia-climatica\\\/#primaryimage\"},\"image\":{\"@id\":\"https:\\\/\\\/primerborrador.es\\\/index.php\\\/2024\\\/01\\\/03\\\/libros-sobre-la-emergencia-climatica\\\/#primaryimage\"},\"thumbnailUrl\":\"https:\\\/\\\/primerborrador.es\\\/wp-content\\\/uploads\\\/2024\\\/01\\\/Playa-de-Cortadura-2021.jpg\",\"datePublished\":\"2024-01-03T11:33:12+00:00\",\"dateModified\":\"2024-01-03T11:33:17+00:00\",\"description\":\"Considerados mucho tiempo ciencia ficci\u00f3n, los libros sobre la emergencia clim\u00e1tica exponen cada vez m\u00e1s historias ambientadas en el presente.\",\"breadcrumb\":{\"@id\":\"https:\\\/\\\/primerborrador.es\\\/index.php\\\/2024\\\/01\\\/03\\\/libros-sobre-la-emergencia-climatica\\\/#breadcrumb\"},\"inLanguage\":\"es\",\"potentialAction\":[{\"@type\":\"ReadAction\",\"target\":[\"https:\\\/\\\/primerborrador.es\\\/index.php\\\/2024\\\/01\\\/03\\\/libros-sobre-la-emergencia-climatica\\\/\"]}]},{\"@type\":\"ImageObject\",\"inLanguage\":\"es\",\"@id\":\"https:\\\/\\\/primerborrador.es\\\/index.php\\\/2024\\\/01\\\/03\\\/libros-sobre-la-emergencia-climatica\\\/#primaryimage\",\"url\":\"https:\\\/\\\/primerborrador.es\\\/wp-content\\\/uploads\\\/2024\\\/01\\\/Playa-de-Cortadura-2021.jpg\",\"contentUrl\":\"https:\\\/\\\/primerborrador.es\\\/wp-content\\\/uploads\\\/2024\\\/01\\\/Playa-de-Cortadura-2021.jpg\",\"width\":1197,\"height\":630,\"caption\":\"Fotos: Santiago P\u00e9rez\"},{\"@type\":\"BreadcrumbList\",\"@id\":\"https:\\\/\\\/primerborrador.es\\\/index.php\\\/2024\\\/01\\\/03\\\/libros-sobre-la-emergencia-climatica\\\/#breadcrumb\",\"itemListElement\":[{\"@type\":\"ListItem\",\"position\":1,\"name\":\"Home\",\"item\":\"https:\\\/\\\/primerborrador.es\\\/\"},{\"@type\":\"ListItem\",\"position\":2,\"name\":\"Libros sobre la emergencia clim\u00e1tica\"}]},{\"@type\":\"WebSite\",\"@id\":\"https:\\\/\\\/primerborrador.es\\\/#website\",\"url\":\"https:\\\/\\\/primerborrador.es\\\/\",\"name\":\"Primer borrador\",\"description\":\"Revista mensual de arte, literatura y jazz\",\"publisher\":{\"@id\":\"https:\\\/\\\/primerborrador.es\\\/#\\\/schema\\\/person\\\/39b8af43fb1e2774f05a0812a8f21bbc\"},\"potentialAction\":[{\"@type\":\"SearchAction\",\"target\":{\"@type\":\"EntryPoint\",\"urlTemplate\":\"https:\\\/\\\/primerborrador.es\\\/?s={search_term_string}\"},\"query-input\":{\"@type\":\"PropertyValueSpecification\",\"valueRequired\":true,\"valueName\":\"search_term_string\"}}],\"inLanguage\":\"es\"},{\"@type\":[\"Person\",\"Organization\"],\"@id\":\"https:\\\/\\\/primerborrador.es\\\/#\\\/schema\\\/person\\\/39b8af43fb1e2774f05a0812a8f21bbc\",\"name\":\"Santiago P\u00e9rez\",\"image\":{\"@type\":\"ImageObject\",\"inLanguage\":\"es\",\"@id\":\"https:\\\/\\\/primerborrador.es\\\/wp-content\\\/uploads\\\/2021\\\/02\\\/cropped-feather1-e1621103417910.png\",\"url\":\"https:\\\/\\\/primerborrador.es\\\/wp-content\\\/uploads\\\/2021\\\/02\\\/cropped-feather1-e1621103417910.png\",\"contentUrl\":\"https:\\\/\\\/primerborrador.es\\\/wp-content\\\/uploads\\\/2021\\\/02\\\/cropped-feather1-e1621103417910.png\",\"width\":256,\"height\":256,\"caption\":\"Santiago P\u00e9rez\"},\"logo\":{\"@id\":\"https:\\\/\\\/primerborrador.es\\\/wp-content\\\/uploads\\\/2021\\\/02\\\/cropped-feather1-e1621103417910.png\"},\"description\":\"Periodista. Escribo, desde Cadiz, sobre lo que me interesa: arte contempor\u00e1neo, literatura y m\u00fasica. Creo en la libertad de contar. Y tambi\u00e9n en la de elegir lo que quiero y no quiero leer.\",\"sameAs\":[\"https:\\\/\\\/primerborrador.es\"]},{\"@type\":\"Person\",\"@id\":\"https:\\\/\\\/primerborrador.es\\\/#\\\/schema\\\/person\\\/0492196f9e50f87ef1f6e3ddcaba881e\",\"name\":\"Redacci\u00f3n\",\"image\":{\"@type\":\"ImageObject\",\"inLanguage\":\"es\",\"@id\":\"https:\\\/\\\/secure.gravatar.com\\\/avatar\\\/ecfa6921d61c8a99d5adf0e2c01c7d995559046fd5cadd1b489361fcade4d655?s=96&d=mm&r=g\",\"url\":\"https:\\\/\\\/secure.gravatar.com\\\/avatar\\\/ecfa6921d61c8a99d5adf0e2c01c7d995559046fd5cadd1b489361fcade4d655?s=96&d=mm&r=g\",\"contentUrl\":\"https:\\\/\\\/secure.gravatar.com\\\/avatar\\\/ecfa6921d61c8a99d5adf0e2c01c7d995559046fd5cadd1b489361fcade4d655?s=96&d=mm&r=g\",\"caption\":\"Redacci\u00f3n\"},\"url\":\"https:\\\/\\\/primerborrador.es\\\/index.php\\\/author\\\/redaccion\\\/\"}]}<\/script>\n<!-- \/ Yoast SEO plugin. -->","yoast_head_json":{"title":"Libros sobre la emergencia clim\u00e1tica - Primer borrador","description":"Considerados mucho tiempo ciencia ficci\u00f3n, los libros sobre la emergencia clim\u00e1tica exponen cada vez m\u00e1s historias ambientadas en el presente.","robots":{"index":"index","follow":"follow","max-snippet":"max-snippet:-1","max-image-preview":"max-image-preview:large","max-video-preview":"max-video-preview:-1"},"canonical":"https:\/\/primerborrador.es\/index.php\/2024\/01\/03\/libros-sobre-la-emergencia-climatica\/","og_locale":"es_ES","og_type":"article","og_title":"Libros sobre la emergencia clim\u00e1tica - Primer borrador","og_description":"Considerados mucho tiempo ciencia ficci\u00f3n, los libros sobre la emergencia clim\u00e1tica exponen cada vez m\u00e1s historias ambientadas en el presente.","og_url":"https:\/\/primerborrador.es\/index.php\/2024\/01\/03\/libros-sobre-la-emergencia-climatica\/","og_site_name":"Primer borrador","article_published_time":"2024-01-03T11:33:12+00:00","article_modified_time":"2024-01-03T11:33:17+00:00","og_image":[{"width":1197,"height":630,"url":"https:\/\/primerborrador.es\/wp-content\/uploads\/2024\/01\/Playa-de-Cortadura-2021.jpg","type":"image\/jpeg"}],"author":"Redacci\u00f3n","schema":{"@context":"https:\/\/schema.org","@graph":[{"@type":"Article","@id":"https:\/\/primerborrador.es\/index.php\/2024\/01\/03\/libros-sobre-la-emergencia-climatica\/#article","isPartOf":{"@id":"https:\/\/primerborrador.es\/index.php\/2024\/01\/03\/libros-sobre-la-emergencia-climatica\/"},"author":{"name":"Redacci\u00f3n","@id":"https:\/\/primerborrador.es\/#\/schema\/person\/0492196f9e50f87ef1f6e3ddcaba881e"},"headline":"Libros sobre la emergencia clim\u00e1tica","datePublished":"2024-01-03T11:33:12+00:00","dateModified":"2024-01-03T11:33:17+00:00","mainEntityOfPage":{"@id":"https:\/\/primerborrador.es\/index.php\/2024\/01\/03\/libros-sobre-la-emergencia-climatica\/"},"wordCount":1995,"commentCount":0,"publisher":{"@id":"https:\/\/primerborrador.es\/#\/schema\/person\/39b8af43fb1e2774f05a0812a8f21bbc"},"image":{"@id":"https:\/\/primerborrador.es\/index.php\/2024\/01\/03\/libros-sobre-la-emergencia-climatica\/#primaryimage"},"thumbnailUrl":"https:\/\/primerborrador.es\/wp-content\/uploads\/2024\/01\/Playa-de-Cortadura-2021.jpg","keywords":["Ballard","cory-doctorow","emergencia-clim\u00e1tica","McCarthy","medio-ambiente","paolo-giordano"],"articleSection":["Libros","Reportajes"],"inLanguage":"es","potentialAction":[{"@type":"CommentAction","name":"Comment","target":["https:\/\/primerborrador.es\/index.php\/2024\/01\/03\/libros-sobre-la-emergencia-climatica\/#respond"]}]},{"@type":"WebPage","@id":"https:\/\/primerborrador.es\/index.php\/2024\/01\/03\/libros-sobre-la-emergencia-climatica\/","url":"https:\/\/primerborrador.es\/index.php\/2024\/01\/03\/libros-sobre-la-emergencia-climatica\/","name":"Libros sobre la emergencia clim\u00e1tica - Primer borrador","isPartOf":{"@id":"https:\/\/primerborrador.es\/#website"},"primaryImageOfPage":{"@id":"https:\/\/primerborrador.es\/index.php\/2024\/01\/03\/libros-sobre-la-emergencia-climatica\/#primaryimage"},"image":{"@id":"https:\/\/primerborrador.es\/index.php\/2024\/01\/03\/libros-sobre-la-emergencia-climatica\/#primaryimage"},"thumbnailUrl":"https:\/\/primerborrador.es\/wp-content\/uploads\/2024\/01\/Playa-de-Cortadura-2021.jpg","datePublished":"2024-01-03T11:33:12+00:00","dateModified":"2024-01-03T11:33:17+00:00","description":"Considerados mucho tiempo ciencia ficci\u00f3n, los libros sobre la emergencia clim\u00e1tica exponen cada vez m\u00e1s historias ambientadas en el presente.","breadcrumb":{"@id":"https:\/\/primerborrador.es\/index.php\/2024\/01\/03\/libros-sobre-la-emergencia-climatica\/#breadcrumb"},"inLanguage":"es","potentialAction":[{"@type":"ReadAction","target":["https:\/\/primerborrador.es\/index.php\/2024\/01\/03\/libros-sobre-la-emergencia-climatica\/"]}]},{"@type":"ImageObject","inLanguage":"es","@id":"https:\/\/primerborrador.es\/index.php\/2024\/01\/03\/libros-sobre-la-emergencia-climatica\/#primaryimage","url":"https:\/\/primerborrador.es\/wp-content\/uploads\/2024\/01\/Playa-de-Cortadura-2021.jpg","contentUrl":"https:\/\/primerborrador.es\/wp-content\/uploads\/2024\/01\/Playa-de-Cortadura-2021.jpg","width":1197,"height":630,"caption":"Fotos: Santiago P\u00e9rez"},{"@type":"BreadcrumbList","@id":"https:\/\/primerborrador.es\/index.php\/2024\/01\/03\/libros-sobre-la-emergencia-climatica\/#breadcrumb","itemListElement":[{"@type":"ListItem","position":1,"name":"Home","item":"https:\/\/primerborrador.es\/"},{"@type":"ListItem","position":2,"name":"Libros sobre la emergencia clim\u00e1tica"}]},{"@type":"WebSite","@id":"https:\/\/primerborrador.es\/#website","url":"https:\/\/primerborrador.es\/","name":"Primer borrador","description":"Revista mensual de arte, literatura y jazz","publisher":{"@id":"https:\/\/primerborrador.es\/#\/schema\/person\/39b8af43fb1e2774f05a0812a8f21bbc"},"potentialAction":[{"@type":"SearchAction","target":{"@type":"EntryPoint","urlTemplate":"https:\/\/primerborrador.es\/?s={search_term_string}"},"query-input":{"@type":"PropertyValueSpecification","valueRequired":true,"valueName":"search_term_string"}}],"inLanguage":"es"},{"@type":["Person","Organization"],"@id":"https:\/\/primerborrador.es\/#\/schema\/person\/39b8af43fb1e2774f05a0812a8f21bbc","name":"Santiago P\u00e9rez","image":{"@type":"ImageObject","inLanguage":"es","@id":"https:\/\/primerborrador.es\/wp-content\/uploads\/2021\/02\/cropped-feather1-e1621103417910.png","url":"https:\/\/primerborrador.es\/wp-content\/uploads\/2021\/02\/cropped-feather1-e1621103417910.png","contentUrl":"https:\/\/primerborrador.es\/wp-content\/uploads\/2021\/02\/cropped-feather1-e1621103417910.png","width":256,"height":256,"caption":"Santiago P\u00e9rez"},"logo":{"@id":"https:\/\/primerborrador.es\/wp-content\/uploads\/2021\/02\/cropped-feather1-e1621103417910.png"},"description":"Periodista. Escribo, desde Cadiz, sobre lo que me interesa: arte contempor\u00e1neo, literatura y m\u00fasica. Creo en la libertad de contar. Y tambi\u00e9n en la de elegir lo que quiero y no quiero leer.","sameAs":["https:\/\/primerborrador.es"]},{"@type":"Person","@id":"https:\/\/primerborrador.es\/#\/schema\/person\/0492196f9e50f87ef1f6e3ddcaba881e","name":"Redacci\u00f3n","image":{"@type":"ImageObject","inLanguage":"es","@id":"https:\/\/secure.gravatar.com\/avatar\/ecfa6921d61c8a99d5adf0e2c01c7d995559046fd5cadd1b489361fcade4d655?s=96&d=mm&r=g","url":"https:\/\/secure.gravatar.com\/avatar\/ecfa6921d61c8a99d5adf0e2c01c7d995559046fd5cadd1b489361fcade4d655?s=96&d=mm&r=g","contentUrl":"https:\/\/secure.gravatar.com\/avatar\/ecfa6921d61c8a99d5adf0e2c01c7d995559046fd5cadd1b489361fcade4d655?s=96&d=mm&r=g","caption":"Redacci\u00f3n"},"url":"https:\/\/primerborrador.es\/index.php\/author\/redaccion\/"}]}},"_links":{"self":[{"href":"https:\/\/primerborrador.es\/index.php\/wp-json\/wp\/v2\/posts\/2588","targetHints":{"allow":["GET"]}}],"collection":[{"href":"https:\/\/primerborrador.es\/index.php\/wp-json\/wp\/v2\/posts"}],"about":[{"href":"https:\/\/primerborrador.es\/index.php\/wp-json\/wp\/v2\/types\/post"}],"author":[{"embeddable":true,"href":"https:\/\/primerborrador.es\/index.php\/wp-json\/wp\/v2\/users\/2"}],"replies":[{"embeddable":true,"href":"https:\/\/primerborrador.es\/index.php\/wp-json\/wp\/v2\/comments?post=2588"}],"version-history":[{"count":0,"href":"https:\/\/primerborrador.es\/index.php\/wp-json\/wp\/v2\/posts\/2588\/revisions"}],"wp:featuredmedia":[{"embeddable":true,"href":"https:\/\/primerborrador.es\/index.php\/wp-json\/wp\/v2\/media\/2607"}],"wp:attachment":[{"href":"https:\/\/primerborrador.es\/index.php\/wp-json\/wp\/v2\/media?parent=2588"}],"wp:term":[{"taxonomy":"category","embeddable":true,"href":"https:\/\/primerborrador.es\/index.php\/wp-json\/wp\/v2\/categories?post=2588"},{"taxonomy":"post_tag","embeddable":true,"href":"https:\/\/primerborrador.es\/index.php\/wp-json\/wp\/v2\/tags?post=2588"}],"curies":[{"name":"wp","href":"https:\/\/api.w.org\/{rel}","templated":true}]}}