{"id":2435,"date":"2023-11-03T10:52:19","date_gmt":"2023-11-03T09:52:19","guid":{"rendered":"https:\/\/primerborrador.es\/?p=2435"},"modified":"2025-01-16T11:38:35","modified_gmt":"2025-01-16T10:38:35","slug":"el-valor-de-una-biblioteca-con-leyenda-negra-inclusive","status":"publish","type":"post","link":"https:\/\/primerborrador.es\/index.php\/2023\/11\/03\/el-valor-de-una-biblioteca-con-leyenda-negra-inclusive\/","title":{"rendered":"El valor de una biblioteca (con leyenda negra inclusive)"},"content":{"rendered":"\n<p class=\"wp-block-paragraph\">\u00bfCu\u00e1l es el valor de una biblioteca cuando nadie, o casi nadie, puede permitirse comprar un libro? \u00bfY cu\u00e1n valiosos son sus libros cuando su p\u00e9rdida, real o supuesta, es capaz de forjar una leyenda negra a su alrededor? \u00bfCu\u00e1ntas bibliotecas hubo as\u00ed en el mundo? No sabr\u00eda decirlo con exactitud, pero una al menos existi\u00f3 en C\u00e1diz.<\/p>\n\n\n\n<!--more-->\n\n\n\n<p class=\"wp-block-paragraph\">Me acerco a filmar un ejemplar que estuvo en sus anaqueles, un tesauro m\u00e9dico farmac\u00e9utico escrito por el doctor genov\u00e9s Jean-Jacques Manget. Lo sostiene con delicadeza la bibliotecaria de la Universidad de C\u00e1diz Mar\u00eda Lourdes Rosado, sin atreverse a pasar de la primera p\u00e1gina. Tal es su fr\u00e1gil estado.<\/p>\n\n\n\n<p class=\"wp-block-paragraph\">Es una imagen que quienes aman los libros han visto tan a menudo. Y sin embargo, no deja de sorprender: Los insectos han devorado parte del papel, convirtiendo las p\u00e1ginas en un hipn\u00f3tico y diminuto laberinto horadado a lo largo de los siglos.<\/p>\n\n\n\n<p class=\"wp-block-paragraph\">Algo se conserva a\u00fan. Parte de la obra de un sabio estudioso de la peste y la tuberculosis. Pendiente de una restauraci\u00f3n. Una labor cara y costosa, pero necesaria. Conservar el conocimiento que guardan los libros, en sus palabras y en su soporte f\u00edsico.<\/p>\n\n\n\n<h4 class=\"wp-block-heading\"><strong>Pagada con el bolsillo de los alumnos<\/strong><\/h4>\n\n\n\n<p class=\"wp-block-paragraph\">La biblioteca de la que escribo la cre\u00f3 un catal\u00e1n afincado en C\u00e1diz, Pedro Virgili, como complemento imprescindible para la formaci\u00f3n de los cirujanos que serv\u00edan en los barcos de la Armada espa\u00f1ola y de la Carrera de Indias.<\/p>\n\n\n\n<p class=\"wp-block-paragraph\">Se cre\u00f3 al amparo del Real Colegio de Cirujanos de la Armada en 1748, el primero que como tal funcion\u00f3 en Espa\u00f1a. Y el \u00fanico durante doce a\u00f1os.<\/p>\n\n\n\n<p class=\"wp-block-paragraph\">En sus comienzos los dineros del Colegio se destinaron a otras prioridades, de modo que se acord\u00f3 que, para dotar al centro de los libros necesarios para la formaci\u00f3n de los alumnos, cada uno hiciera una aportaci\u00f3n de su sueldo para comprarlos.<\/p>\n\n\n\n<p class=\"wp-block-paragraph\">En aquellos a\u00f1os tener un libro en propiedad era caro, e inaccesible para la gran mayor\u00eda de la poblaci\u00f3n. Y muchos de ellos se imprim\u00edan fuera de Espa\u00f1a y hab\u00eda que traducirlos al castellano.<\/p>\n\n\n\n<p class=\"wp-block-paragraph\">Encargabas un libro y tardaba dos a\u00f1os en llegar, comenta la bibliotecaria, ya retirada, Ana Mar\u00eda Rem\u00f3n, que dedic\u00f3 su tesis doctoral al fondo cient\u00edfico de aquella biblioteca.<\/p>\n\n\n\n<figure class=\"wp-block-pullquote alignwide\" style=\"font-size:17px\"><blockquote><p><strong><em>\u201cSe llegaron a tener aproximadamente mil quinientas obras, en un siglo, con dos mil vol\u00famenes\u201d<\/em><\/strong><\/p><\/blockquote><\/figure>\n\n\n\n<p class=\"wp-block-paragraph\">El trabajo de Ana Rem\u00f3n est\u00e1 publicado por la Universidad de C\u00e1diz con el t\u00edtulo <em><a href=\"https:\/\/tiendaeditorial.uca.es\/es\/catalogo-de-venta\/2007-el-libro-medico-cientifico.html\" target=\"_blank\" rel=\"noreferrer noopener\">El libro m\u00e9dico-cient\u00edfico en la biblioteca del Real Colegio de Cirug\u00eda de C\u00e1diz (1748-1844).<\/a><\/em><\/p>\n\n\n\n<h4 class=\"wp-block-heading\"><strong>La letras y la ciencia<\/strong><\/h4>\n\n\n\n<p class=\"wp-block-paragraph\">Muchos de aquellos libros son obras de los propios profesores del colegio y fueron publicados por impresores gaditanos. Pero un buen n\u00famero proven\u00eda de imprentas europeas.<\/p>\n\n\n\n<p class=\"wp-block-paragraph\">Virgili hab\u00eda adoptado con los estudiantes una costumbre que contribuy\u00f3 al \u00e9xito y prestigo del Colegio: enviar a los alumnos a completar estudios al extranjero como hab\u00eda hecho \u00e9l mismo. Y en estos viajes, les encargaba libros para la biblioteca hechos en pa\u00edses donde las materias propias del aprendizaje de la cirug\u00eda estaban m\u00e1s avanzadas que aqu\u00ed.<\/p>\n\n\n\n<figure class=\"wp-block-embed aligncenter is-type-video is-provider-youtube wp-block-embed-youtube wp-embed-aspect-16-9 wp-has-aspect-ratio\"><div class=\"wp-block-embed__wrapper\">\n<div class=\"nv-iframe-embed\"><iframe loading=\"lazy\" title=\"Biblioteca del Real Colegio de Cirujanos de la Armada-libros conservados en la Universidad de C\u00e1diz\" width=\"1200\" height=\"675\" src=\"https:\/\/www.youtube.com\/embed\/pkD0uDbw5oo?feature=oembed\" frameborder=\"0\" allow=\"accelerometer; autoplay; clipboard-write; encrypted-media; gyroscope; picture-in-picture; web-share\" allowfullscreen><\/iframe><\/div>\n<\/div><figcaption class=\"wp-element-caption\">V\u00eddeo y fotograf\u00eda: Santiago P\u00e9rez<\/figcaption><\/figure>\n\n\n\n<p class=\"wp-block-paragraph\">Al mismo tiempo, la biblioteca se enriquec\u00eda de obras de contenido human\u00edstico, convencido Virgili de que estas contribu\u00edan de manera indudable a una mejor formaci\u00f3n de los futuros cirujanos. Que se pudiera decir de ellos que sab\u00edan lat\u00edn.<\/p>\n\n\n\n<h4 class=\"wp-block-heading\"><strong>El acceso a libros prohibidos<\/strong><\/h4>\n\n\n\n<p class=\"wp-block-paragraph\">Esto en un pa\u00eds en el que el Tribunal del Santo Oficio de la Inquisici\u00f3n a\u00fan controlaba qu\u00e9 libros pod\u00edan leerse y cu\u00e1les no. Aunque en C\u00e1diz tuvo que hacer la vista gorda.<\/p>\n\n\n\n<p class=\"wp-block-paragraph\">Ana Rem\u00f3n sostiene que el tribunal eclesi\u00e1stico no pudo negarse dado el progreso econ\u00f3mico y social que vivi\u00f3 la ciudad en este siglo gracias a la llegada del Consulado de Indias.<\/p>\n\n\n\n<p class=\"wp-block-paragraph\">\u201cHubo un momento de apertura intelectual enorme y C\u00e1diz era un sitio de intercambio de conocimientos al igual que de intercambio de mercanc\u00edas y ya en C\u00e1diz de por s\u00ed en el siglo dieciocho el control de la Inquisici\u00f3n disminuy\u00f3 much\u00edsimo\u201d, afirma la autora.<\/p>\n\n\n\n<p class=\"wp-block-paragraph\">De todos modos, tal vez para cubrir las apariencias, el inquisidor general dej\u00f3 por escrito su permiso para que el Colegio pudiera adquirir estos libros y los alumnos leerlos.<\/p>\n\n\n\n<p class=\"wp-block-paragraph\">El documento lo recoge el profesor Diego Ferrer en su <em>Historia del Real Colegio de Cirug\u00eda de la Armada.<\/em><\/p>\n\n\n\n<p class=\"has-nv-light-bg-background-color has-background wp-block-paragraph\"><em>\u00abNos Don Manuel Quintano y Bonif\u00e1s, por la Gracia de Dios y de la Santa Sede Apost\u00f3lica, Arzobispo de Farsalia, Inquisidor General de Todos los Reinos (&#8230;) concedemos la constante facultad para que en la librer\u00eda del Colegio de Cirug\u00eda establecido en la Ciudad de C\u00e1diz, se tengan los libros prohibidos del Santo Oficio, pertenecientes a las facultades de Anatom\u00eda, Medicina, Bot\u00e1nica, Qu\u00edmica, F\u00edsica e Historia Natural, con tal que se hallen en cajones separados y cerrados bajo llave para que no puedan usarlos los que no tengan licencia&#8230;\u00bb<\/em><\/p>\n\n\n\n<p class=\"wp-block-paragraph\">En cajones separados y custodiados bajo llave: Esto firmaba Quintano y Bonif\u00e1s, quien adem\u00e1s de inquisidor general, fue director de la Biblioteca Real, antecedente de la Biblioteca Nacional de Espa\u00f1a. El concepto del saber, del conocimiento, prohibido para los no iniciados.<\/p>\n\n\n\n<h4 class=\"wp-block-heading\"><strong>Desmontando la leyenda negra<\/strong><\/h4>\n\n\n\n<p class=\"wp-block-paragraph\">Disponer de una biblioteca como la que fueron atesorando los cirujanos de C\u00e1diz fue, como se dice hoy en el mundo de la econom\u00eda, una ventaja competitiva. M\u00e1s a\u00fan cuando las Cortes tuvieron que trasladarse a la ciudad debido a la invasi\u00f3n del pa\u00eds por las tropas de Napole\u00f3n.<\/p>\n\n\n\n<p class=\"wp-block-paragraph\">Los diputados docea\u00f1istas necesitaban de libros para preparar los debates constitucionales, de modo que se encarg\u00f3 al escritor y bibli\u00f3grafo Bartolom\u00e9 Jos\u00e9 Gallardo decomisar los libros necesarios de las bibliotecas situadas en el territorio libre de la invasi\u00f3n francesa, esto es C\u00e1diz y San Fernando.<\/p>\n\n\n\n<p class=\"wp-block-paragraph\">Gallardo se puso en la tarea de conseguir los dos mil libros que calcularon necesitaba la biblioteca de las Cortes, que se instal\u00f3 en el Colegio de San Felipe Neri, y se fij\u00f3, entre otras en la del Real Colegio de Cirug\u00eda que con tanto esfuerzo personal hab\u00edan atesorado los alumnos.<\/p>\n\n\n\n<p class=\"wp-block-paragraph\">A partir de este decomiso nace y empieza a crecer una leyenda negra en torno al responsable de estos pr\u00e9stamos obligados y la supuesta desaparici\u00f3n de los libros del Real Colegio.<\/p>\n\n\n\n<p class=\"wp-block-paragraph\">En buena medida contribuy\u00f3 a ella el genio mordaz del escritor malague\u00f1o Seraf\u00edn Est\u00e9banez Calder\u00f3n, qui\u00e9n dedic\u00f3 a Gallardo el siguiente soneto:<\/p>\n\n\n\n<pre class=\"wp-block-verse has-text-align-left has-text-color\" style=\"color:#14171c;font-size:14px\">    Caco, cuco, faqu\u00edn, bibliopirata,\n    tenaza de los libros, chuzo, p\u00faa,\n    de papeles, aparte la ganz\u00faa,\n    hur\u00f3n, carcoma, polilleja, rata;\n\n    u\u00f1ilargo, gardu\u00f1o, garrapata\n    para sacar los libros, cabria, gr\u00faa,\n    Argel de bibliotecas, gran fal\u00faa\n    armada en corso, haciendo cala y cata.\n\n    Empapas un archivo en la bragueta,\n    un Simancas te cabe en el bolsillo,\n    te pones por corbata una maleta;\n\n    juegas del dos, del cinco por tresillo,\n    y al fin te beber\u00e1s, como una sopa\n    llena de libros, \u00c1frica y Europa.<\/pre>\n\n\n\n<p class=\"has-neve-text-color-color has-text-color wp-block-paragraph\">Unos versos tan \u00e1cidos que, posiblemente, estaban a la altura de los escritos del propio Gallardo, autor pol\u00e9mico, anticlerical y liberal, en una \u00e9poca en la que la pol\u00edtica, salvando las distancias, estaba tan polarizada como ahora entre liberales y conservadores. Con la restauraci\u00f3n mon\u00e1rquica, Gallardo se exili\u00f3 en Londres, como otros liberales espa\u00f1oles.<\/p>\n\n\n\n<h4 class=\"wp-block-heading\"><strong>Gallardo no se llev\u00f3 nada<\/strong><\/h4>\n\n\n\n<p class=\"wp-block-paragraph\">Diego Ferrer, en su libro sobre la Historia del Colegio, defendi\u00f3 que los fondos decomisados fueron reclamados sin \u00e9xito a la biblioteca de las Cortes cuando esta desapareci\u00f3.<\/p>\n\n\n\n<p class=\"wp-block-paragraph\">Pero Ana Rem\u00f3n no tiene tan claro que sucediera exactamente as\u00ed: \u201cse cre\u00f3 como una leyenda negra de este se\u00f1or, que ya la ten\u00eda. De hecho, Bartolom\u00e9 Jos\u00e9 Gallardo fue un hombre muy denostado porque se meti\u00f3 con la Iglesia, se meti\u00f3 con todo el mundo y ten\u00eda unos escritos sat\u00edricos que no gustaban a un mont\u00f3n de gente\u201d, indica.<\/p>\n\n\n\n<p class=\"wp-block-paragraph\">\u201cGallardo no se llev\u00f3 nada\u201d sostiene y a\u00f1ade que \u201cno solo nosotros no hemos perdido libros con lo de Gallardo, sino que adem\u00e1s nos hemos beneficiado porque muchos libros de ese listado [el que se hizo con los libros de la biblioteca de Las Cortes] no fueron devueltos al Estado\u201d; por ejemplo, los libros decomisados, por afrancesado, al bot\u00e1nico colombiano Francisco Zea.<\/p>\n\n\n\n<hr class=\"wp-block-separator has-alpha-channel-opacity\"\/>\n\n\n\n<figure class=\"wp-block-audio aligncenter\"><audio controls src=\"https:\/\/primerborrador.es\/wp-content\/uploads\/2023\/10\/Ana-remon-sobre-Bartolome-Jose-Gallardo.mp3\"><\/audio><figcaption class=\"wp-element-caption\">Fragmento de la entrevista con Ana Rem\u00f3n sobre la biblioteca del Real Colegio de Cirujanos de C\u00e1diz.<\/figcaption><\/figure>\n\n\n\n<hr class=\"wp-block-separator has-alpha-channel-opacity\"\/>\n\n\n\n<p class=\"wp-block-paragraph\">Al desaparecer la Biblioteca de las Cortes, que tambi\u00e9n se nutri\u00f3 de fondos de otras bibliotecas de la zona libre como la Biblioteca de la Academia de Guardiamarinas o la Biblioteca Mar\u00edtima de C\u00e1diz, la Armada reclam\u00f3 los ejemplares y decidi\u00f3 cu\u00e1les deb\u00edan volver al Real Colegio.<\/p>\n\n\n\n<p class=\"wp-block-paragraph\">En todo caso Rem\u00f3n insiste en que es necesario ahondar en estas investigaciones para aclarar completamente si hubo libros que no fueron devueltos y d\u00f3nde acabaron finalmente.<\/p>\n\n\n\n<h4 class=\"wp-block-heading\"><strong>Libros desaparecidos<\/strong><\/h4>\n\n\n\n<p class=\"wp-block-paragraph\">La bibliotecaria e investigadora Rosario Gestido en su tesis sobre la biblioteca, publicada por la Universidad de C\u00e1diz varios a\u00f1os antes que la de Rem\u00f3n bajo el t\u00edtulo <em>Una biblioteca ilustrada gaditana. Los fondos bibliogr\u00e1ficos human\u00edsticos del Real Colegio de Cirug\u00eda de la Armada<\/em>, apunta a algunos de los libros desaparecidos que habr\u00edan pertenecido al colegio.<\/p>\n\n\n\n<p class=\"wp-block-paragraph\">Entre estos destaca una <em>Historia natural y moral de las Indias,<\/em> escrito por Jos\u00e9 de Acosta y publicado en Madrid en 1608; una primera edici\u00f3n del Diccionario de la Lengua Castellana de la Real Academia Espa\u00f1ola de la Lengua, impresa en Madrid en 1726; o tambi\u00e9n unas <em>Instrucciones del arte de fabricar cerveza <\/em>(en franc\u00e9s) de Pileur D\u2019Apligny publicado en 1783, por citar solo algunas de ellas.<\/p>\n\n\n<div class=\"wp-block-image\">\n<figure class=\"aligncenter size-full\"><img loading=\"lazy\" decoding=\"async\" width=\"1600\" height=\"992\" src=\"https:\/\/primerborrador.es\/wp-content\/uploads\/2023\/10\/Tratado-de-vendajes-y-apositos-de-Francisco-Canivell.jpg\" alt=\"Tratado de vendajes de Francisco Canivell\" class=\"wp-image-2464\" srcset=\"https:\/\/primerborrador.es\/wp-content\/uploads\/2023\/10\/Tratado-de-vendajes-y-apositos-de-Francisco-Canivell.jpg 1600w, https:\/\/primerborrador.es\/wp-content\/uploads\/2023\/10\/Tratado-de-vendajes-y-apositos-de-Francisco-Canivell-768x476.jpg 768w, https:\/\/primerborrador.es\/wp-content\/uploads\/2023\/10\/Tratado-de-vendajes-y-apositos-de-Francisco-Canivell-1536x952.jpg 1536w\" sizes=\"auto, (max-width: 1600px) 100vw, 1600px\" \/><figcaption class=\"wp-element-caption\">Tratado de vendajes y ap\u00f3sitos escrito por Francisco Canivell. Fotos y v\u00eddeo: Santiago P\u00e9rez<\/figcaption><\/figure>\n<\/div>\n\n\n<p class=\"wp-block-paragraph\">Entre los que se conservan a\u00fan hay una tercera edici\u00f3n del Diccionario de la Lengua Inglesa de Samuel Johnson, publicado en 1766 o una primera edici\u00f3n del <em>China Monumentis <\/em>escrito por Athanase Kircher y publicado en Amsterdam en 1667, libro que Gestido destaca como la \u201cprimera obra de sinolog\u00eda publicada en Europa\u201d.<\/p>\n\n\n\n<p class=\"wp-block-paragraph\">Tambi\u00e9n eran abundantes en la biblioteca del Real Colegio las colecciones de peri\u00f3dicos y revistas como <em>La pensadora gaditana <\/em>de Beatriz Cienfuegos, una colecci\u00f3n de la revista brit\u00e1nica <em>The rambler <\/em>que publicara Samuel Johnson o el <em>Journal des Savants, <\/em>primera revista acad\u00e9mica fundada en Europa.<\/p>\n\n\n\n<h4 class=\"wp-block-heading\"><strong>Patrimonio de C\u00e1diz<\/strong><\/h4>\n\n\n\n<p class=\"wp-block-paragraph\">El patrimonio de una comunidad no solo lo forman sus murallas y edificios hist\u00f3ricos. Tambi\u00e9n son parte de \u00e9l el conocimiento y las formas de conservarlo, en este caso los libros, esos objetos tan fr\u00e1giles al paso del tiempo, al desgaste que provocan la humedad, los cambios de temperatura y los insectos bibli\u00f3fagos.<\/p>\n\n\n\n<p class=\"wp-block-paragraph\">La Universidad de C\u00e1diz es hoy en d\u00eda la <a href=\"https:\/\/biblioteca.uca.es\/biblioteca-historica\/\">heredera de aquella extraordinaria biblioteca<\/a> que tanto contribuy\u00f3 a elevar el nivel de los estudios de cirug\u00eda desde el Real Colegio de Cirujanos de la Armada, de cuya creaci\u00f3n se cumplen ahora 275 a\u00f1os de historia.<\/p>\n\n\n\n<div class=\"wp-block-media-text is-stacked-on-mobile is-image-fill-element has-background\" style=\"background:linear-gradient(135deg,rgb(238,238,238) 45%,rgb(169,184,195) 100%);grid-template-columns:54% auto\"><figure class=\"wp-block-media-text__media\"><img loading=\"lazy\" decoding=\"async\" width=\"1397\" height=\"1600\" src=\"https:\/\/primerborrador.es\/wp-content\/uploads\/2023\/10\/La-biblioteca-vertical.jpg\" alt=\"Imagen de El valor de una biblioteca\" class=\"wp-image-2453 size-full\" style=\"object-position:73% 50%\" srcset=\"https:\/\/primerborrador.es\/wp-content\/uploads\/2023\/10\/La-biblioteca-vertical.jpg 1397w, https:\/\/primerborrador.es\/wp-content\/uploads\/2023\/10\/La-biblioteca-vertical-768x880.jpg 768w, https:\/\/primerborrador.es\/wp-content\/uploads\/2023\/10\/La-biblioteca-vertical-1341x1536.jpg 1341w\" sizes=\"auto, (max-width: 1397px) 100vw, 1397px\" \/><\/figure><div class=\"wp-block-media-text__content\">\n<h4 class=\"wp-block-heading\">C\u00f3mo hemos cambiado<\/h4>\n\n\n\n<p class=\"wp-block-paragraph\">Una biblioteca como la que dispone hoy la Universidad de C\u00e1diz para sus m\u00e1s de 26.000 usuarios registrados asombrar\u00eda a aquellos aspirantes de cirujanos si pudieran contemplarla.<\/p>\n\n\n\n<p class=\"wp-block-paragraph\">Est\u00e1 compuesta por 578.535 vol\u00famenes en papel, 78.624 revistas electr\u00f3nicas, 619.018 libros electr\u00f3nicos y recibi\u00f3 el a\u00f1o pasado m\u00e1s de un mill\u00f3n doscientas mil consultas a su cat\u00e1logo.<\/p>\n\n\n\n<p class=\"wp-block-paragraph\">Y su presupuesto para la adquisici\u00f3n de fondos dejar\u00eda perplejo al propio Virgili: casi un mill\u00f3n de euros se destinaron en 2022 para monograf\u00edas en papel y electr\u00f3nicas, bases de datos y revistas en papel y electr\u00f3nicas. <\/p>\n<\/div><\/div>\n\n\n\n<div style=\"height:18px\" aria-hidden=\"true\" class=\"wp-block-spacer\"><\/div>\n\n\n\n<p class=\"wp-block-paragraph\">El cat\u00e1logo hist\u00f3rico de la Biblioteca de la Universidad de ha ido nutriendo a lo largo del tiempo con las donaciones que han hecho los profesores de sus propias bibliotecas privadas, Sobre los anaqueles que sostienen estos libros, se pueden leer los nombres de todos ellos. <\/p>\n\n\n\n<p class=\"wp-block-paragraph\">Contemplar de cerca los antiguos libros de los cirujanos del dieciocho, libros que dan fe de los cambios que el pensamiento ilustrado estaba provocando o iba a provocar en el mundo entero, es un raro privilegio que tienen los profesionales dedicados a su conservaci\u00f3n y su custodia.<\/p>\n\n\n\n<p class=\"wp-block-paragraph\">Privilegio que tendr\u00e1n tambi\u00e9n este a\u00f1o los ciudadanos gracias a la exposici\u00f3n de estos valiosos fondos que est\u00e1 organizando la Universidad con motivo del 275 aniversario de la fundaci\u00f3n del colegio.<\/p>\n","protected":false},"excerpt":{"rendered":"<p>\u00bfCu\u00e1l es el valor de una biblioteca cuando nadie, o casi nadie, puede permitirse comprar un libro? \u00bfY cu\u00e1n valiosos son sus libros cuando su p\u00e9rdida, real o supuesta, es capaz de forjar una leyenda negra a su alrededor? \u00bfCu\u00e1ntas bibliotecas hubo as\u00ed en el mundo? No sabr\u00eda decirlo con exactitud, pero una al menos&hellip;&nbsp;<a href=\"https:\/\/primerborrador.es\/index.php\/2023\/11\/03\/el-valor-de-una-biblioteca-con-leyenda-negra-inclusive\/\" rel=\"bookmark\">Leer m\u00e1s &raquo;<span class=\"screen-reader-text\">El valor de una biblioteca (con leyenda negra inclusive)<\/span><\/a><\/p>\n","protected":false},"author":1,"featured_media":2449,"comment_status":"open","ping_status":"closed","sticky":false,"template":"","format":"standard","meta":{"neve_meta_sidebar":"","neve_meta_container":"","neve_meta_enable_content_width":"","neve_meta_content_width":0,"neve_meta_title_alignment":"","neve_meta_author_avatar":"","neve_post_elements_order":"","neve_meta_disable_header":"","neve_meta_disable_footer":"","neve_meta_disable_title":"","_ayudawp_aiss_exclude":false,"_ayudawp_aiss_exclude_summary":false,"_ayudawp_aiss_summary":"","_ayudawp_aiss_summary_provider":"","_ayudawp_aiss_summary_hash":"","footnotes":""},"categories":[6],"tags":[453,452,34,454,456,451],"class_list":["post-2435","post","type-post","status-publish","format-standard","has-post-thumbnail","hentry","category-reportajes","tag-bartolome-gallardo","tag-bibliotecas-ilustradas","tag-cadiz","tag-libros-desaparecidos","tag-medicina","tag-real-colegio-cirujanos-cadiz"],"yoast_head":"<!-- This site is optimized with the Yoast SEO plugin v28.3 - https:\/\/yoast.com\/product\/yoast-seo-wordpress\/ -->\n<title>El valor de una biblioteca (con leyenda negra inclusive) - Primer borrador<\/title>\n<meta name=\"description\" content=\"El valor de una biblioteca, como el de un cuadro, depende del contenido y de su historia, leyenda negra incluida, como en esta de C\u00e1diz.\" \/>\n<meta name=\"robots\" content=\"index, follow, max-snippet:-1, max-image-preview:large, max-video-preview:-1\" \/>\n<link rel=\"canonical\" href=\"https:\/\/primerborrador.es\/index.php\/2023\/11\/03\/el-valor-de-una-biblioteca-con-leyenda-negra-inclusive\/\" \/>\n<meta property=\"og:locale\" content=\"es_ES\" \/>\n<meta property=\"og:type\" content=\"article\" \/>\n<meta property=\"og:title\" content=\"El valor de una biblioteca (con leyenda negra inclusive) - Primer borrador\" \/>\n<meta property=\"og:description\" content=\"El valor de una biblioteca, como el de un cuadro, depende del contenido y de su historia, leyenda negra incluida, como en esta de C\u00e1diz.\" \/>\n<meta property=\"og:url\" content=\"https:\/\/primerborrador.es\/index.php\/2023\/11\/03\/el-valor-de-una-biblioteca-con-leyenda-negra-inclusive\/\" \/>\n<meta property=\"og:site_name\" content=\"Primer borrador\" \/>\n<meta property=\"article:published_time\" content=\"2023-11-03T09:52:19+00:00\" \/>\n<meta property=\"article:modified_time\" content=\"2025-01-16T10:38:35+00:00\" \/>\n<meta property=\"og:image\" content=\"https:\/\/primerborrador.es\/wp-content\/uploads\/2023\/10\/El-valor-de-una-biblioteca.jpg\" \/>\n\t<meta property=\"og:image:width\" content=\"1600\" \/>\n\t<meta property=\"og:image:height\" content=\"988\" \/>\n\t<meta property=\"og:image:type\" content=\"image\/jpeg\" \/>\n<meta name=\"author\" content=\"Santiago P\u00e9rez\" \/>\n<script type=\"application\/ld+json\" class=\"yoast-schema-graph\">{\"@context\":\"https:\\\/\\\/schema.org\",\"@graph\":[{\"@type\":\"Article\",\"@id\":\"https:\\\/\\\/primerborrador.es\\\/index.php\\\/2023\\\/11\\\/03\\\/el-valor-de-una-biblioteca-con-leyenda-negra-inclusive\\\/#article\",\"isPartOf\":{\"@id\":\"https:\\\/\\\/primerborrador.es\\\/index.php\\\/2023\\\/11\\\/03\\\/el-valor-de-una-biblioteca-con-leyenda-negra-inclusive\\\/\"},\"author\":{\"name\":\"Santiago P\u00e9rez\",\"@id\":\"https:\\\/\\\/primerborrador.es\\\/#\\\/schema\\\/person\\\/39b8af43fb1e2774f05a0812a8f21bbc\"},\"headline\":\"El valor de una biblioteca (con leyenda negra inclusive)\",\"datePublished\":\"2023-11-03T09:52:19+00:00\",\"dateModified\":\"2025-01-16T10:38:35+00:00\",\"mainEntityOfPage\":{\"@id\":\"https:\\\/\\\/primerborrador.es\\\/index.php\\\/2023\\\/11\\\/03\\\/el-valor-de-una-biblioteca-con-leyenda-negra-inclusive\\\/\"},\"wordCount\":2090,\"commentCount\":0,\"publisher\":{\"@id\":\"https:\\\/\\\/primerborrador.es\\\/#\\\/schema\\\/person\\\/39b8af43fb1e2774f05a0812a8f21bbc\"},\"image\":{\"@id\":\"https:\\\/\\\/primerborrador.es\\\/index.php\\\/2023\\\/11\\\/03\\\/el-valor-de-una-biblioteca-con-leyenda-negra-inclusive\\\/#primaryimage\"},\"thumbnailUrl\":\"https:\\\/\\\/primerborrador.es\\\/wp-content\\\/uploads\\\/2023\\\/10\\\/El-valor-de-una-biblioteca.jpg\",\"keywords\":[\"bartolom\u00e9-gallardo\",\"bibliotecas-ilustradas\",\"cadiz\",\"libros-desaparecidos\",\"medicina\",\"real-colegio-cirujanos-cadiz\"],\"articleSection\":[\"Reportajes\"],\"inLanguage\":\"es\",\"potentialAction\":[{\"@type\":\"CommentAction\",\"name\":\"Comment\",\"target\":[\"https:\\\/\\\/primerborrador.es\\\/index.php\\\/2023\\\/11\\\/03\\\/el-valor-de-una-biblioteca-con-leyenda-negra-inclusive\\\/#respond\"]}]},{\"@type\":\"WebPage\",\"@id\":\"https:\\\/\\\/primerborrador.es\\\/index.php\\\/2023\\\/11\\\/03\\\/el-valor-de-una-biblioteca-con-leyenda-negra-inclusive\\\/\",\"url\":\"https:\\\/\\\/primerborrador.es\\\/index.php\\\/2023\\\/11\\\/03\\\/el-valor-de-una-biblioteca-con-leyenda-negra-inclusive\\\/\",\"name\":\"El valor de una biblioteca (con leyenda negra inclusive) - Primer borrador\",\"isPartOf\":{\"@id\":\"https:\\\/\\\/primerborrador.es\\\/#website\"},\"primaryImageOfPage\":{\"@id\":\"https:\\\/\\\/primerborrador.es\\\/index.php\\\/2023\\\/11\\\/03\\\/el-valor-de-una-biblioteca-con-leyenda-negra-inclusive\\\/#primaryimage\"},\"image\":{\"@id\":\"https:\\\/\\\/primerborrador.es\\\/index.php\\\/2023\\\/11\\\/03\\\/el-valor-de-una-biblioteca-con-leyenda-negra-inclusive\\\/#primaryimage\"},\"thumbnailUrl\":\"https:\\\/\\\/primerborrador.es\\\/wp-content\\\/uploads\\\/2023\\\/10\\\/El-valor-de-una-biblioteca.jpg\",\"datePublished\":\"2023-11-03T09:52:19+00:00\",\"dateModified\":\"2025-01-16T10:38:35+00:00\",\"description\":\"El valor de una biblioteca, como el de un cuadro, depende del contenido y de su historia, leyenda negra incluida, como en esta de C\u00e1diz.\",\"breadcrumb\":{\"@id\":\"https:\\\/\\\/primerborrador.es\\\/index.php\\\/2023\\\/11\\\/03\\\/el-valor-de-una-biblioteca-con-leyenda-negra-inclusive\\\/#breadcrumb\"},\"inLanguage\":\"es\",\"potentialAction\":[{\"@type\":\"ReadAction\",\"target\":[\"https:\\\/\\\/primerborrador.es\\\/index.php\\\/2023\\\/11\\\/03\\\/el-valor-de-una-biblioteca-con-leyenda-negra-inclusive\\\/\"]}]},{\"@type\":\"ImageObject\",\"inLanguage\":\"es\",\"@id\":\"https:\\\/\\\/primerborrador.es\\\/index.php\\\/2023\\\/11\\\/03\\\/el-valor-de-una-biblioteca-con-leyenda-negra-inclusive\\\/#primaryimage\",\"url\":\"https:\\\/\\\/primerborrador.es\\\/wp-content\\\/uploads\\\/2023\\\/10\\\/El-valor-de-una-biblioteca.jpg\",\"contentUrl\":\"https:\\\/\\\/primerborrador.es\\\/wp-content\\\/uploads\\\/2023\\\/10\\\/El-valor-de-una-biblioteca.jpg\",\"width\":1600,\"height\":988,\"caption\":\"Foto: Santiago P\u00e9rez\"},{\"@type\":\"BreadcrumbList\",\"@id\":\"https:\\\/\\\/primerborrador.es\\\/index.php\\\/2023\\\/11\\\/03\\\/el-valor-de-una-biblioteca-con-leyenda-negra-inclusive\\\/#breadcrumb\",\"itemListElement\":[{\"@type\":\"ListItem\",\"position\":1,\"name\":\"Home\",\"item\":\"https:\\\/\\\/primerborrador.es\\\/\"},{\"@type\":\"ListItem\",\"position\":2,\"name\":\"El valor de una biblioteca (con leyenda negra inclusive)\"}]},{\"@type\":\"WebSite\",\"@id\":\"https:\\\/\\\/primerborrador.es\\\/#website\",\"url\":\"https:\\\/\\\/primerborrador.es\\\/\",\"name\":\"Primer borrador\",\"description\":\"Revista mensual de arte, literatura y jazz\",\"publisher\":{\"@id\":\"https:\\\/\\\/primerborrador.es\\\/#\\\/schema\\\/person\\\/39b8af43fb1e2774f05a0812a8f21bbc\"},\"potentialAction\":[{\"@type\":\"SearchAction\",\"target\":{\"@type\":\"EntryPoint\",\"urlTemplate\":\"https:\\\/\\\/primerborrador.es\\\/?s={search_term_string}\"},\"query-input\":{\"@type\":\"PropertyValueSpecification\",\"valueRequired\":true,\"valueName\":\"search_term_string\"}}],\"inLanguage\":\"es\"},{\"@type\":[\"Person\",\"Organization\"],\"@id\":\"https:\\\/\\\/primerborrador.es\\\/#\\\/schema\\\/person\\\/39b8af43fb1e2774f05a0812a8f21bbc\",\"name\":\"Santiago P\u00e9rez\",\"image\":{\"@type\":\"ImageObject\",\"inLanguage\":\"es\",\"@id\":\"https:\\\/\\\/primerborrador.es\\\/wp-content\\\/uploads\\\/2021\\\/02\\\/cropped-feather1-e1621103417910.png\",\"url\":\"https:\\\/\\\/primerborrador.es\\\/wp-content\\\/uploads\\\/2021\\\/02\\\/cropped-feather1-e1621103417910.png\",\"contentUrl\":\"https:\\\/\\\/primerborrador.es\\\/wp-content\\\/uploads\\\/2021\\\/02\\\/cropped-feather1-e1621103417910.png\",\"width\":256,\"height\":256,\"caption\":\"Santiago P\u00e9rez\"},\"logo\":{\"@id\":\"https:\\\/\\\/primerborrador.es\\\/wp-content\\\/uploads\\\/2021\\\/02\\\/cropped-feather1-e1621103417910.png\"},\"description\":\"Periodista. Escribo, desde Cadiz, sobre lo que me interesa: arte contempor\u00e1neo, literatura y m\u00fasica. Creo en la libertad de contar. Y tambi\u00e9n en la de elegir lo que quiero y no quiero leer.\",\"sameAs\":[\"https:\\\/\\\/primerborrador.es\"],\"url\":\"https:\\\/\\\/primerborrador.es\\\/index.php\\\/author\\\/santiagomperezm\\\/\"}]}<\/script>\n<!-- \/ Yoast SEO plugin. -->","yoast_head_json":{"title":"El valor de una biblioteca (con leyenda negra inclusive) - Primer borrador","description":"El valor de una biblioteca, como el de un cuadro, depende del contenido y de su historia, leyenda negra incluida, como en esta de C\u00e1diz.","robots":{"index":"index","follow":"follow","max-snippet":"max-snippet:-1","max-image-preview":"max-image-preview:large","max-video-preview":"max-video-preview:-1"},"canonical":"https:\/\/primerborrador.es\/index.php\/2023\/11\/03\/el-valor-de-una-biblioteca-con-leyenda-negra-inclusive\/","og_locale":"es_ES","og_type":"article","og_title":"El valor de una biblioteca (con leyenda negra inclusive) - Primer borrador","og_description":"El valor de una biblioteca, como el de un cuadro, depende del contenido y de su historia, leyenda negra incluida, como en esta de C\u00e1diz.","og_url":"https:\/\/primerborrador.es\/index.php\/2023\/11\/03\/el-valor-de-una-biblioteca-con-leyenda-negra-inclusive\/","og_site_name":"Primer borrador","article_published_time":"2023-11-03T09:52:19+00:00","article_modified_time":"2025-01-16T10:38:35+00:00","og_image":[{"width":1600,"height":988,"url":"https:\/\/primerborrador.es\/wp-content\/uploads\/2023\/10\/El-valor-de-una-biblioteca.jpg","type":"image\/jpeg"}],"author":"Santiago P\u00e9rez","schema":{"@context":"https:\/\/schema.org","@graph":[{"@type":"Article","@id":"https:\/\/primerborrador.es\/index.php\/2023\/11\/03\/el-valor-de-una-biblioteca-con-leyenda-negra-inclusive\/#article","isPartOf":{"@id":"https:\/\/primerborrador.es\/index.php\/2023\/11\/03\/el-valor-de-una-biblioteca-con-leyenda-negra-inclusive\/"},"author":{"name":"Santiago P\u00e9rez","@id":"https:\/\/primerborrador.es\/#\/schema\/person\/39b8af43fb1e2774f05a0812a8f21bbc"},"headline":"El valor de una biblioteca (con leyenda negra inclusive)","datePublished":"2023-11-03T09:52:19+00:00","dateModified":"2025-01-16T10:38:35+00:00","mainEntityOfPage":{"@id":"https:\/\/primerborrador.es\/index.php\/2023\/11\/03\/el-valor-de-una-biblioteca-con-leyenda-negra-inclusive\/"},"wordCount":2090,"commentCount":0,"publisher":{"@id":"https:\/\/primerborrador.es\/#\/schema\/person\/39b8af43fb1e2774f05a0812a8f21bbc"},"image":{"@id":"https:\/\/primerborrador.es\/index.php\/2023\/11\/03\/el-valor-de-una-biblioteca-con-leyenda-negra-inclusive\/#primaryimage"},"thumbnailUrl":"https:\/\/primerborrador.es\/wp-content\/uploads\/2023\/10\/El-valor-de-una-biblioteca.jpg","keywords":["bartolom\u00e9-gallardo","bibliotecas-ilustradas","cadiz","libros-desaparecidos","medicina","real-colegio-cirujanos-cadiz"],"articleSection":["Reportajes"],"inLanguage":"es","potentialAction":[{"@type":"CommentAction","name":"Comment","target":["https:\/\/primerborrador.es\/index.php\/2023\/11\/03\/el-valor-de-una-biblioteca-con-leyenda-negra-inclusive\/#respond"]}]},{"@type":"WebPage","@id":"https:\/\/primerborrador.es\/index.php\/2023\/11\/03\/el-valor-de-una-biblioteca-con-leyenda-negra-inclusive\/","url":"https:\/\/primerborrador.es\/index.php\/2023\/11\/03\/el-valor-de-una-biblioteca-con-leyenda-negra-inclusive\/","name":"El valor de una biblioteca (con leyenda negra inclusive) - Primer borrador","isPartOf":{"@id":"https:\/\/primerborrador.es\/#website"},"primaryImageOfPage":{"@id":"https:\/\/primerborrador.es\/index.php\/2023\/11\/03\/el-valor-de-una-biblioteca-con-leyenda-negra-inclusive\/#primaryimage"},"image":{"@id":"https:\/\/primerborrador.es\/index.php\/2023\/11\/03\/el-valor-de-una-biblioteca-con-leyenda-negra-inclusive\/#primaryimage"},"thumbnailUrl":"https:\/\/primerborrador.es\/wp-content\/uploads\/2023\/10\/El-valor-de-una-biblioteca.jpg","datePublished":"2023-11-03T09:52:19+00:00","dateModified":"2025-01-16T10:38:35+00:00","description":"El valor de una biblioteca, como el de un cuadro, depende del contenido y de su historia, leyenda negra incluida, como en esta de C\u00e1diz.","breadcrumb":{"@id":"https:\/\/primerborrador.es\/index.php\/2023\/11\/03\/el-valor-de-una-biblioteca-con-leyenda-negra-inclusive\/#breadcrumb"},"inLanguage":"es","potentialAction":[{"@type":"ReadAction","target":["https:\/\/primerborrador.es\/index.php\/2023\/11\/03\/el-valor-de-una-biblioteca-con-leyenda-negra-inclusive\/"]}]},{"@type":"ImageObject","inLanguage":"es","@id":"https:\/\/primerborrador.es\/index.php\/2023\/11\/03\/el-valor-de-una-biblioteca-con-leyenda-negra-inclusive\/#primaryimage","url":"https:\/\/primerborrador.es\/wp-content\/uploads\/2023\/10\/El-valor-de-una-biblioteca.jpg","contentUrl":"https:\/\/primerborrador.es\/wp-content\/uploads\/2023\/10\/El-valor-de-una-biblioteca.jpg","width":1600,"height":988,"caption":"Foto: Santiago P\u00e9rez"},{"@type":"BreadcrumbList","@id":"https:\/\/primerborrador.es\/index.php\/2023\/11\/03\/el-valor-de-una-biblioteca-con-leyenda-negra-inclusive\/#breadcrumb","itemListElement":[{"@type":"ListItem","position":1,"name":"Home","item":"https:\/\/primerborrador.es\/"},{"@type":"ListItem","position":2,"name":"El valor de una biblioteca (con leyenda negra inclusive)"}]},{"@type":"WebSite","@id":"https:\/\/primerborrador.es\/#website","url":"https:\/\/primerborrador.es\/","name":"Primer borrador","description":"Revista mensual de arte, literatura y jazz","publisher":{"@id":"https:\/\/primerborrador.es\/#\/schema\/person\/39b8af43fb1e2774f05a0812a8f21bbc"},"potentialAction":[{"@type":"SearchAction","target":{"@type":"EntryPoint","urlTemplate":"https:\/\/primerborrador.es\/?s={search_term_string}"},"query-input":{"@type":"PropertyValueSpecification","valueRequired":true,"valueName":"search_term_string"}}],"inLanguage":"es"},{"@type":["Person","Organization"],"@id":"https:\/\/primerborrador.es\/#\/schema\/person\/39b8af43fb1e2774f05a0812a8f21bbc","name":"Santiago P\u00e9rez","image":{"@type":"ImageObject","inLanguage":"es","@id":"https:\/\/primerborrador.es\/wp-content\/uploads\/2021\/02\/cropped-feather1-e1621103417910.png","url":"https:\/\/primerborrador.es\/wp-content\/uploads\/2021\/02\/cropped-feather1-e1621103417910.png","contentUrl":"https:\/\/primerborrador.es\/wp-content\/uploads\/2021\/02\/cropped-feather1-e1621103417910.png","width":256,"height":256,"caption":"Santiago P\u00e9rez"},"logo":{"@id":"https:\/\/primerborrador.es\/wp-content\/uploads\/2021\/02\/cropped-feather1-e1621103417910.png"},"description":"Periodista. Escribo, desde Cadiz, sobre lo que me interesa: arte contempor\u00e1neo, literatura y m\u00fasica. Creo en la libertad de contar. Y tambi\u00e9n en la de elegir lo que quiero y no quiero leer.","sameAs":["https:\/\/primerborrador.es"],"url":"https:\/\/primerborrador.es\/index.php\/author\/santiagomperezm\/"}]}},"_links":{"self":[{"href":"https:\/\/primerborrador.es\/index.php\/wp-json\/wp\/v2\/posts\/2435","targetHints":{"allow":["GET"]}}],"collection":[{"href":"https:\/\/primerborrador.es\/index.php\/wp-json\/wp\/v2\/posts"}],"about":[{"href":"https:\/\/primerborrador.es\/index.php\/wp-json\/wp\/v2\/types\/post"}],"author":[{"embeddable":true,"href":"https:\/\/primerborrador.es\/index.php\/wp-json\/wp\/v2\/users\/1"}],"replies":[{"embeddable":true,"href":"https:\/\/primerborrador.es\/index.php\/wp-json\/wp\/v2\/comments?post=2435"}],"version-history":[{"count":0,"href":"https:\/\/primerborrador.es\/index.php\/wp-json\/wp\/v2\/posts\/2435\/revisions"}],"wp:featuredmedia":[{"embeddable":true,"href":"https:\/\/primerborrador.es\/index.php\/wp-json\/wp\/v2\/media\/2449"}],"wp:attachment":[{"href":"https:\/\/primerborrador.es\/index.php\/wp-json\/wp\/v2\/media?parent=2435"}],"wp:term":[{"taxonomy":"category","embeddable":true,"href":"https:\/\/primerborrador.es\/index.php\/wp-json\/wp\/v2\/categories?post=2435"},{"taxonomy":"post_tag","embeddable":true,"href":"https:\/\/primerborrador.es\/index.php\/wp-json\/wp\/v2\/tags?post=2435"}],"curies":[{"name":"wp","href":"https:\/\/api.w.org\/{rel}","templated":true}]}}