{"id":1843,"date":"2023-01-03T08:50:21","date_gmt":"2023-01-03T07:50:21","guid":{"rendered":"https:\/\/primerborrador.es\/?p=1843"},"modified":"2023-01-03T08:50:24","modified_gmt":"2023-01-03T07:50:24","slug":"juan-fueyo-la-crisis-climatica-ha-llegado-a-tu-barrio","status":"publish","type":"post","link":"https:\/\/primerborrador.es\/index.php\/2023\/01\/03\/juan-fueyo-la-crisis-climatica-ha-llegado-a-tu-barrio\/","title":{"rendered":"Juan Fueyo: La crisis clim\u00e1tica ha llegado a tu barrio"},"content":{"rendered":"\n<p class=\"wp-block-paragraph\">El cient\u00edfico Juan Fueyo afirma en esta entrevista que la crisis clim\u00e1tica \u00abha llegado a tu barrio. Ya no es aquello del oso polar al que se le est\u00e1 acabando el hielo\u00bb.<\/p>\n\n\n\n<p class=\"wp-block-paragraph\">Las consecuencias de la crisis clim\u00e1tica para nuestra salud son reales: existe una relaci\u00f3n directa con las pandemias y un previsible aumento de ciertos tipos de c\u00e1ncer. Lo cuenta en su libro&nbsp;<em><a href=\"https:\/\/www.penguinlibros.com\/es\/ciencia-y-tecnologia\/306904-ebook-blues-para-un-planeta-azul-9788466672719?gclid=CjwKCAiAy_CcBhBeEiwAcoMRHMCxWpahDtgGR9EA4bAkQS36p-HlR6LWM8IDFl-EobPSWOqiaR27mhoCVp0QAvD_BwE\" target=\"_blank\" rel=\"noreferrer noopener nofollow\">Blues para un planeta azul<\/a><\/em>, donde advierte que estamos ante el \u00faltimo desaf\u00edo de la civilizaci\u00f3n para evitar el abismo del calentamiento global.<\/p>\n\n\n\n<hr class=\"wp-block-separator has-alpha-channel-opacity\"\/>\n\n\n\n<p class=\"wp-block-paragraph\">Una entrevista de <a href=\"https:\/\/www.agenciasinc.es\/Autor\/Cristina-Saez\" target=\"_blank\" rel=\"noreferrer noopener\">Cristina S\u00e1ez<\/a> para <a href=\"https:\/\/www.agenciasinc.es\/\" target=\"_blank\" rel=\"noreferrer noopener\">Agencia Sync<\/a> (CC BY)<\/p>\n\n\n\n<p class=\"wp-block-paragraph\">De ni\u00f1o, Juan Fueyo (Oviedo, 1957) recuerda c\u00f3mo los r\u00edos Caudal y Nal\u00f3n de su Asturias querida bajaban negros, por el lavado del carb\u00f3n. \u201cAquellos cauces nos pertenec\u00edan y la industria los hac\u00eda servir de alcantarilla\u201d, recuerda. Afortunadamente, justo cuando empezaba a estudiar medicina, desmantelaron la mina en la que algunos hombres de su familia se hab\u00edan dejado la salud.<\/p>\n\n\n\n<p class=\"wp-block-paragraph\">Fueyo recoge esos recuerdos de infancia y reflexiona sobre c\u00f3mo los combustibles f\u00f3siles ponen en peligro la vida de todos los seres que habitan la Tierra en <em>Blues para un planeta azul<\/em> (SineQuaNon, 2022), el \u00faltimo libro de este cient\u00edfico y divulgador, en el que aborda el que quiz\u00e1s sea el mayor desaf\u00edo al que se enfrenta la humanidad: la crisis clim\u00e1tica.&nbsp;<\/p>\n\n\n\n<p class=\"wp-block-paragraph\">Desde una perspectiva cient\u00edfica e human\u00edstica, en la obra desvela desde las artima\u00f1as de la industria petrolera para desviar la responsabilidad del cambio clim\u00e1tico hacia los ciudadanos, con conceptos como la \u2018huella de carbono\u2019, hasta la estrecha relaci\u00f3n del calentamiento global con el aumento de epidemias y pandemias.&nbsp;<\/p>\n\n\n\n<p class=\"wp-block-paragraph\">Tras licenciarse en la Universidad de Barcelona y especializarse en neurolog\u00eda, Fueyo se march\u00f3 a Estados Unidos, donde investiga con virus oncol\u00edticos (&#8216;atacan&#8217; las c\u00e9lulas cancerosas) en el <a href=\"https:\/\/faculty.mdanderson.org\/profiles\/juan_fueyo.html\" target=\"_blank\" rel=\"noreferrer noopener\">MD Anderson de la Universidad de Texas<\/a>, para tratar as\u00ed tumores cerebrales. Vive, parad\u00f3jicamente, en Houston, una de las capitales del petr\u00f3leo, donde sus ciudadanos tienen la peor salud del pa\u00eds.&nbsp;<\/p>\n\n\n\n<h5 class=\"wp-block-heading\">\u00bfQu\u00e9 hace un cient\u00edfico como usted, que se dedica a investigar con virus, escribiendo un libro sobre cambio clim\u00e1tico?&nbsp;<\/h5>\n\n\n\n<p class=\"wp-block-paragraph\">Cuando escrib\u00ed <em><a href=\"https:\/\/www.penguinlibros.com\/es\/ciencia-y-tecnologia\/11225-libro-viral-9788466669139\" target=\"_blank\" rel=\"noreferrer noopener nofollow\">Viral<\/a><\/em> [publicado en 2021], me adentr\u00e9 de lleno en el tema de las pandemias. El sida, por ejemplo, o la covid, se deben al contacto cada vez m\u00e1s estrecho entre los seres humanos y los animales, que est\u00e1 en buena medida propiciado por el cambio clim\u00e1tico. Como dice Mar\u00eda Neira, directora de Salud P\u00fablica y Medio Ambiente de la OMS, la crisis clim\u00e1tica es la amenaza de salud global m\u00e1s importante para la humanidad. Y de ah\u00ed surge mi inter\u00e9s por este campo, la cenicienta de las ciencias, por la relaci\u00f3n que hay con la salud humana.&nbsp;<\/p>\n\n\n\n<h5 class=\"wp-block-heading\">El cambio clim\u00e1tico comienza en la Revoluci\u00f3n industrial y ha habido cient\u00edficos que durante estos siglos han alertado sobre el calentamiento global, como explica en el libro, pero hasta muy recientemente no hemos admitido que causa muertes<\/h5>\n\n\n\n<p class=\"wp-block-paragraph\">As\u00ed es, la aceptaci\u00f3n de que la poluci\u00f3n causa muerte se dio hace apenas dos a\u00f1os: una ni\u00f1a de 9 a\u00f1os en Inglaterra padec\u00eda asma, tuvo diversos ataques repetidos, paros respiratorios, hasta que al final falleci\u00f3. En el momento de su muerte, los niveles de contaminaci\u00f3n del aire de Londres eran muy elevados, muy por encima de los l\u00edmites que marca la OMS. Por ello, en su certificado de defunci\u00f3n los m\u00e9dicos hicieron constar que la peque\u00f1a muri\u00f3 a causa de la contaminaci\u00f3n. La contaminaci\u00f3n del aire provoca siete millones de muertes prematuras al a\u00f1o. Est\u00e1 vinculada al c\u00e1ncer de pulm\u00f3n y a enfermedad respiratoria. Las part\u00edculas de poluci\u00f3n peque\u00f1as, las PM2,5, provocan inflamaci\u00f3n y enfermedad cardiovascular.&nbsp;<\/p>\n\n\n\n<h5 class=\"wp-block-heading\">La predicci\u00f3n de los expertos en epidemiolog\u00eda es que el c\u00e1ncer se convertir\u00e1 en la enfermedad m\u00e1s letal del siglo XXI si no detenemos esta crisis clim\u00e1tica<\/h5>\n\n\n\n<p class=\"wp-block-paragraph\">Cuando descubrimos el agujero de la capa de ozono, nos percatamos de que este gas&nbsp;es como una gran crema de protecci\u00f3n solar de la humanidad frente al sol y que, al perforarse y exponernos m\u00e1s a los rayos ultravioleta, hab\u00edan aumentado los casos de c\u00e1ncer de piel, tanto en humanos como en los animales. En Australia, donde hay mucha cultura de pasar tiempo al aire libre, el melanoma se est\u00e1 extendiendo por el pa\u00eds de manera importante.&nbsp;<\/p>\n\n\n\n<p class=\"wp-block-paragraph\">Por no hablar de la contaminaci\u00f3n de las aguas debida al cambio clim\u00e1tico: los desastres asociados hacen que lleguen t\u00f3xicos de las f\u00e1bricas a mares y oc\u00e9anos, incluidos los micropl\u00e1sticos, de los que se cree que aumentan la frecuencia del c\u00e1ncer gastrointestinal. Ahora son las enfermedades infecciosas y las cardiovasculares las que se cobran m\u00e1s vidas, pero para estas tenemos tratamiento. En cambio, para esos tipos de c\u00e1ncer no, y si se desmadran y llegan a hacer met\u00e1stasis, no tenemos nada.&nbsp;<\/p>\n\n\n\n<h5 class=\"wp-block-heading\">Ha mencionado el caso de la ni\u00f1a fallecida por el cambio clim\u00e1tico. Y ahora habla de casos de c\u00e1ncer vinculados al calentamiento global. Pero \u00bfc\u00f3mo afirmar con certeza que esas enfermedades se deben al cambio clim\u00e1tico?&nbsp;<\/h5>\n\n\n\n<p class=\"wp-block-paragraph\">Para explic\u00e1rtelo, d\u00e9jame que te hable de los huracanes. Al principio se cre\u00eda que dos o tres tormentas se juntaban y daban lugar a una m\u00e1s grande y eso era un hurac\u00e1n. Sin embargo, los investigadores del MIT los estudiaron y observaron que la temperatura del agua, cuando sube, genera una nube que gira y que acaba produciendo un hurac\u00e1n. Es decir, que su energ\u00eda proviene de la temperatura del agua. Tambi\u00e9n apuntaron que, con el calentamiento de mares y oc\u00e9anos debido al cambio clim\u00e1tico, aumentar\u00eda su frecuencia.&nbsp;<\/p>\n\n\n<div class=\"wp-block-image\">\n<figure class=\"aligncenter size-full\"><img loading=\"lazy\" decoding=\"async\" width=\"1200\" height=\"800\" src=\"https:\/\/primerborrador.es\/wp-content\/uploads\/2023\/01\/Picture-edt-by-Ma-Ti.jpg\" alt=\"Imagen de la crisis  clim\u00e1tica\" class=\"wp-image-1859\" srcset=\"https:\/\/primerborrador.es\/wp-content\/uploads\/2023\/01\/Picture-edt-by-Ma-Ti.jpg 1200w, https:\/\/primerborrador.es\/wp-content\/uploads\/2023\/01\/Picture-edt-by-Ma-Ti-768x512.jpg 768w, https:\/\/primerborrador.es\/wp-content\/uploads\/2023\/01\/Picture-edt-by-Ma-Ti-930x620.jpg 930w\" sizes=\"auto, (max-width: 1200px) 100vw, 1200px\" \/><figcaption class=\"wp-element-caption\">Foto: <a href=\"https:\/\/unsplash.com\/@masplashti\" target=\"_blank\" rel=\"noreferrer noopener nofollow\">Ma Ti<\/a><\/figcaption><\/figure>\n<\/div>\n\n\n<p class=\"wp-block-paragraph\">Existe una ciencia que permite atribuir que fen\u00f3menos como los huracanes est\u00e1n vinculados a cambio clim\u00e1tico. Es la llamada \u2018ciencia de la atribuci\u00f3n\u2019. Se trata de modelos matem\u00e1ticos en los que se introducen todas las variables conocidas sobre el tiempo atmosf\u00e9rico en un momento dado. Esos modelos son capaces de predecir si, en el caso de tener condiciones normales, ese hurac\u00e1n se hubiera producido o no, o si se ha debido al aumento excesivo de la temperatura del agua. La primera vez que se demuestra esa relaci\u00f3n es con el hurac\u00e1n Harvey, de Houston, en 2017.&nbsp;<\/p>\n\n\n\n<h5 class=\"wp-block-heading\">Y esa ciencia de la atribuci\u00f3n, \u00bfpuede tambi\u00e9n identificar si una ola de calor o una borrasca, como Filomena, se deben al cambio clim\u00e1tico?&nbsp;<\/h5>\n\n\n\n<p class=\"wp-block-paragraph\">La ciencia de la atribuci\u00f3n es matem\u00e1tica pura y modelos inform\u00e1ticos, y muy exacta. Y s\u00ed, permite decir si una ola de calor que ha pasado de manera espor\u00e1dica est\u00e1 relacionada con el cambio clim\u00e1tico. Tambi\u00e9n si un incendio es de los llamados de sexta generaci\u00f3n, alimentados por el aumento de temperaturas y las condiciones de sequ\u00eda extrema, un nuevo tipo de fuegos nunca vistos hasta ahora y que son provocados por el cambio clim\u00e1tico. Estos incendios generan su propio tiempo atmosf\u00e9rico: dentro de ellos se forman nubes e incluso tornados.&nbsp;<\/p>\n\n\n\n<h5 class=\"has-very-light-gray-to-cyan-bluish-gray-gradient-background has-background wp-block-heading\"><em>En Espa\u00f1a tambi\u00e9n hemos empezado a sufrir este tipo de incendios<\/em><\/h5>\n\n\n\n<p class=\"has-very-light-gray-to-cyan-bluish-gray-gradient-background has-background wp-block-paragraph\"><em>S\u00ed, aunque lo que m\u00e1s nos est\u00e1 afectando y afectar\u00e1 son las olas de calor. Y se prev\u00e9 que en el Mediterr\u00e1neo vayan en aumento un nuevo tipo de huracanes, los medicanes, as\u00ed como fen\u00f3menos como la gota fr\u00eda. Tambi\u00e9n ser\u00e1 cada vez m\u00e1s habitual superar los 40 grados en ciudades como Madrid. El cambio clim\u00e1tico ha llegado a tu barrio. Ya no es aquello del oso polar al que se le est\u00e1 acabando el hielo.&nbsp;<\/em><\/p>\n\n\n\n<h5 class=\"wp-block-heading\">En los \u00faltimos tres a\u00f1os. hemos o\u00eddo a numerosos expertos alertar de que, debido al cambio clim\u00e1tico, cada vez ser\u00e1n m\u00e1s frecuentes pandemias como la de la covid. \u00bfQu\u00e9 relaci\u00f3n hay?&nbsp;<\/h5>\n\n\n\n<p class=\"wp-block-paragraph\">Diversos factores vinculan ambas cosas. Una es el avance de la humanidad, que deja sin h\u00e1bitat a los animales salvajes. Al principio, las epidemias aparec\u00edan en zonas de \u00c1frica donde los habitantes estaban en contacto con los animales salvajes, como los monos, que cazaban. As\u00ed ocurri\u00f3, por ejemplo, con el sida y el \u00e9bola.&nbsp;<\/p>\n\n\n\n<p class=\"wp-block-paragraph\">La \u00faltima pandemia apareci\u00f3 en China y tiene que ver con los murci\u00e9lagos. Ahora se est\u00e1n siguiendo a murci\u00e9lagos m\u00e1s grandes, los de la fruta. Cuando los bosques desparecen, los animales se mueven hacia las ciudades para encontrar alimento. En algunos municipios de Australia, como Hendra, ya se ha descubierto un virus que lleva el nombre de la ciudad, virus Hendra. Pasa de los murci\u00e9lagos a los caballos y les produce una encefalitis, y de los caballos a las personas con una mortalidad del 70 %. A\u00fan no hay transmisi\u00f3n persona a persona, pero cuando la haya, tendremos una pandemia.&nbsp;<\/p>\n\n\n\n<h5 class=\"wp-block-heading\">A eso se suma el aumento de temperaturas\u2026&nbsp;<\/h5>\n\n\n\n<p class=\"wp-block-paragraph\">Que favorece no solo la expansi\u00f3n de los mosquitos, sino que vivan m\u00e1s tiempo y se reproduzcan m\u00e1s. Se espera que haya casos de malaria y paludismo en m\u00e1s regiones del mundo, y que enfermedades como el dengue, la fiebre amarilla u otras lleguen a zonas donde hasta ahora no eran end\u00e9micas. El aumento de temperaturas tambi\u00e9n est\u00e1 provocando que el permafrost y los glaciares se derritan. Cuando eso pasa, se desentierran cuerpos de animales y humanos que pueden portar virus, como el de la viruela, para el que ya no estamos vacunados y que pueden provocar una epidemia.&nbsp;<\/p>\n\n\n\n<h5 class=\"wp-block-heading\">La gran pandemia que esperaban los expertos era la de alg\u00fan tipo de gripe<\/h5>\n\n\n\n<p class=\"wp-block-paragraph\">Es la que tenemos m\u00e1s establecida y sabemos c\u00f3mo pasar\u00e1: un ave acu\u00e1tica se va a infectar por un virus de la gripe, que saltar\u00e1 a un cerdo en un corral y se mezclar\u00e1 con un virus de la gripe humana en el cuidador de esos cerdos. Eso ocurrir\u00e1 en Tailandia, o en China o en alg\u00fan sitio con muchas granjas y entonces comenzar\u00e1 la pandemia. Son virus muy potentes, muy contagiosos.<\/p>\n\n\n\n<p class=\"wp-block-paragraph\">De hecho no se sabe bien qu\u00e9 son los virus. Una teor\u00eda dice que las primeras c\u00e9lulas que murieron dejaron trozos de ADN y ARN sueltos, y de golpe, uno de ellos, probablemente de ARN, adquiri\u00f3 una funci\u00f3n enzim\u00e1tica, que le ayud\u00f3 a infectar otra c\u00e9lula y a multiplicarse. De manera que, incluso antes de que existieran organismos con m\u00faltiples c\u00e9lulas, ya hab\u00eda virus. No es de extra\u00f1ar que vayamos hacia un mundo en donde los microbios tengan la \u00faltima palabra y nosotros desaparezcamos y ellos sigan infectando todo lo que pillen.&nbsp;<\/p>\n\n\n\n<h5 class=\"wp-block-heading\">Resulta aterrador\u2026<\/h5>\n\n\n\n<p class=\"wp-block-paragraph\">Yo no quiero pensar mucho en ello, porque cuando lo hago, tengo pesadillas.&nbsp;&nbsp;<\/p>\n\n\n\n<h5 class=\"has-very-light-gray-to-cyan-bluish-gray-gradient-background has-background wp-block-heading\"><em>El cambio clim\u00e1tico tambi\u00e9n tiene que ver con la pobreza, como defiende en su libro&nbsp;<\/em><\/h5>\n\n\n\n<p class=\"has-very-light-gray-to-cyan-bluish-gray-gradient-background has-background wp-block-paragraph\"><em>Como dice Jane Goodall, el cambio clim\u00e1tico tiene que ver con la justicia. No solo hay que acabar con el cambio clim\u00e1tico porque la f\u00edsica afecta a la Tierra, sino porque genera cada vez m\u00e1s inequidad. Si pensamos en las pandemias, por ejemplo, la del coronavirus, ha conseguido que los pa\u00edses en \u00c1frica que llevaban un tiempo con un producto interior bruto positivo, ahora sea negativo de nuevo. Una pandemia puede destruir una econom\u00eda, sobre todo la de pa\u00edses en v\u00edas de desarrollo. Y luego est\u00e1 la regla tan curiosa del cambio clim\u00e1tico, que consiste en que quienes menos hacen para producirlo, son los que m\u00e1s sufren sus consecuencias.&nbsp;<\/em><\/p>\n\n\n\n<h5 class=\"wp-block-heading\">En este sentido, en la \u00faltima conferencia sobre cambio clim\u00e1tico celebrada en Egipto los estados han acordado, precisamente por primera, vez un fondo europeo para sufragar las consecuencias de esa regla&nbsp;<\/h5>\n\n\n\n<p class=\"wp-block-paragraph\">Europa ha llegado a un acuerdo para pagar los estragos que produce el cambio clim\u00e1tico en \u00c1frica y otras regiones, esperemos que los Estados Unidos se apunten. En Pakist\u00e1n, por ejemplo, m\u00e1s de la mitad del pa\u00eds est\u00e1 afectada por inundaciones, mientras que el pa\u00eds es responsable de un 1 % del cambio clim\u00e1tico. \u00bfQui\u00e9nes tienen que pagar por eso? Los pa\u00edses productores de petr\u00f3leo son los que deber\u00edan hacerlo porque son los que lo generan. Y si vamos a nivel de poblaci\u00f3n, sucede lo mismo, los ni\u00f1os peque\u00f1os y los ancianos, quienes menos producen cambio clim\u00e1tico, son los dos grupos de poblaci\u00f3n m\u00e1s vulnerables a las olas de calor.&nbsp;<\/p>\n\n\n\n<h5 class=\"wp-block-heading\">\u00bfPor qu\u00e9 hemos tardado tanto en actuar y ahora lo hacemos de puntillas?&nbsp;<\/h5>\n\n\n\n<p class=\"wp-block-paragraph\">Es una pena que el CO2 sea un gas transparente, porque de otra forma podr\u00edamos ver el manto negro encima de nosotros y eso nos dar\u00eda una idea de la magnitud del problema que tenemos. Aunque, bien mirado, si fuera de color, no podr\u00edamos ni ver a las personas que hay con nosotros en una habitaci\u00f3n. En los a\u00f1os 80 se publicaron los primeros art\u00edculos cient\u00edficos en la revista <em>Science <\/em>por parte de <a href=\"https:\/\/en.wikipedia.org\/wiki\/James_Hansen\" target=\"_blank\" rel=\"noreferrer noopener nofollow\">un cient\u00edfico de la NASA<\/a> que estudiaba la atm\u00f3sfera de Venus y se dio cuenta de que los cambios de temperatura que estaban ya sucediendo en la Tierra, salvando las distancias, pod\u00edan ser similares a lo que ocurri\u00f3 en el planeta vecino al principio y que lo convirti\u00f3 en un mundo muy hostil, sin posibilidad de albergar vida.&nbsp;<\/p>\n\n\n\n<p class=\"wp-block-paragraph\">Este cient\u00edfico public\u00f3 modelos matem\u00e1ticos y los sac\u00f3 a la calle alertando de que el cambio clim\u00e1tico ya estaba aqu\u00ed. Alcanz\u00f3 la portada del <em>New York Times<\/em>, incluso le invitaron a hablar en el Congreso. Entonces la gente empez\u00f3 a asustarse. Hace 40 a\u00f1os ya se consideraba el cambio clim\u00e1tico un problema enorme. Pues bien, a este se\u00f1or lo censuran, lo silencian, le impiden que use el nombre de la NASA cuando da sus conferencias, le amenazan de muerte, lo que tambi\u00e9n le ocurre a muchos periodistas que trabajan en temas de cambio clim\u00e1tico en pa\u00edses como M\u00e9xico, Rusia, Arabia Saud\u00ed, que son productores de petr\u00f3leo.&nbsp;<\/p>\n\n\n\n<h5 class=\"wp-block-heading\">Tambi\u00e9n Estados Unidos&nbsp;<\/h5>\n\n\n\n<p class=\"wp-block-paragraph\">Aqu\u00ed ha ocurrido que las compa\u00f1\u00edas del petr\u00f3leo contrataron a las agencias de marketing de las tabacaleras para crear el mismo tipo de propaganda y sembrar duda sobre si lo que dec\u00edan los cient\u00edficos era o no verdad. Seguramente, uno de los mayores ataques contra la ciencia del cambio clim\u00e1tico es decir que no hay consenso cient\u00edfico. En este sentido, f\u00edjate que fueron las mismas compa\u00f1\u00edas de petr\u00f3leo las que inventaron el concepto \u2018huella de carbono\u2019 para hacer que los ciudadanos pensaran que tienen una responsabilidad sobre c\u00f3mo mejorar el cambio clim\u00e1tico, cuando en realidad no es as\u00ed.&nbsp;<\/p>\n\n\n\n<h5 class=\"has-very-light-gray-to-cyan-bluish-gray-gradient-background has-background wp-block-heading\"><em>\u00bfNo somos corresponsables?&nbsp;<\/em><\/h5>\n\n\n\n<p class=\"has-very-light-gray-to-cyan-bluish-gray-gradient-background has-background wp-block-paragraph\"><em>Como dice un periodista del New York Times, Thomas Friedman, \u201cno hay que cambiar las bombillas, sino a los l\u00edderes\u201d. Nosotros no podemos hacer nada. Si en el sur de Espa\u00f1a se alcanzan 50 grados y hay una sequ\u00eda enorme, no podemos arreglarlo viajando all\u00ed con maletas cargadas de lluvia. Esto lo tienen que arreglar los gobiernos y las compa\u00f1\u00edas de petr\u00f3leo.&nbsp;<\/em><\/p>\n\n\n\n<h5 class=\"wp-block-heading\">Es de Asturias, con tradici\u00f3n minera del carb\u00f3n, y ha pasado su vida adulta en Houston, una de las capitales del petr\u00f3leo, donde, como cuenta en el libro, la ciudadan\u00eda tiene peor salud que en el resto de Estados Unidos<\/h5>\n\n\n\n<p class=\"wp-block-paragraph\">Cuando llegamos a Houston, me percat\u00e9 de que todos los edificios de los hospitales llevaban el nombre de donantes relacionados con el petr\u00f3leo. Vivimos en una ciudad que est\u00e1 envuelta en el petr\u00f3leo, en la que hay 13 refiner\u00edas, pozos de petr\u00f3leo en la playa de Galveston, y un oleoducto une directamente Houston y Nueva York. Disfrutamos de la gasolina m\u00e1s barata del mundo. A cambio, aqu\u00ed los casos de c\u00e1ncer se disparan, igual que ocurre en el sur de Andaluc\u00eda con las petroqu\u00edmicas.&nbsp;<\/p>\n\n\n\n<h5 class=\"wp-block-heading\">El libro no es apto para ecoansiosos. No deja ni un resquicio a la esperanza<\/h5>\n\n\n\n<p class=\"wp-block-paragraph\">El \u00faltimo que cierre la puerta y apague la luz.&nbsp;<\/p>\n\n\n\n<h5 class=\"wp-block-heading\">Pero \u00bfpodemos realmente hacer algo o hemos llegado demasiado tarde?&nbsp;<\/h5>\n\n\n\n<p class=\"wp-block-paragraph\">S\u00ed que podemos: yo he escrito este libro y t\u00fa ahora me est\u00e1s haciendo una entrevista. Es important\u00edsimo continuar concienciando. Para empezar, tenemos que hablar en los t\u00e9rminos en los que lo hace Greta Thunberg: dejar de usar cambio clim\u00e1tico, para referirnos a la situaci\u00f3n como crisis clim\u00e1tica, porque la palabra crisis le da un sentido de urgencia.&nbsp;<\/p>\n\n\n\n<p class=\"wp-block-paragraph\">Y adem\u00e1s de la divulgaci\u00f3n, es crucial nuestro voto. Tenemos que empezar a votar a partidos que se toman en serio dentro de sus programas la crisis clim\u00e1tica. En Estados Unidos, los partidos, por ejemplo, le ponen barreras constantemente. Obama, sin ir m\u00e1s lejos, perfor\u00f3 la tierra buscando petr\u00f3leo m\u00e1s que ning\u00fan otro presidente antes que \u00e9l y Biden est\u00e1 haciendo lo mismo. Am\u00e9rica funciona por el petr\u00f3leo. Votar es la \u00fanica manera de cambiar eso, hay que intentar que los l\u00edderes pol\u00edticos dejen de dar subsidios al petr\u00f3leo y aumenten las inversiones en energ\u00edas verdes. Hasta que no digamos que no queremos m\u00e1s petr\u00f3leo y nos movamos hacia un mundo de energ\u00edas m\u00e1s limpias y \u00e9tico, no mejoraremos el problema.<\/p>\n","protected":false},"excerpt":{"rendered":"<p>El cient\u00edfico Juan Fueyo afirma en esta entrevista que la crisis clim\u00e1tica \u00abha llegado a tu barrio. Ya no es aquello del oso polar al que se le est\u00e1 acabando el hielo\u00bb. Las consecuencias de la crisis clim\u00e1tica para nuestra salud son reales: existe una relaci\u00f3n directa con las pandemias y un previsible aumento de&hellip;&nbsp;<a href=\"https:\/\/primerborrador.es\/index.php\/2023\/01\/03\/juan-fueyo-la-crisis-climatica-ha-llegado-a-tu-barrio\/\" rel=\"bookmark\">Leer m\u00e1s &raquo;<span class=\"screen-reader-text\">Juan Fueyo: La crisis clim\u00e1tica ha llegado a tu barrio<\/span><\/a><\/p>\n","protected":false},"author":2,"featured_media":1858,"comment_status":"open","ping_status":"closed","sticky":false,"template":"","format":"standard","meta":{"neve_meta_sidebar":"","neve_meta_container":"","neve_meta_enable_content_width":"","neve_meta_content_width":0,"neve_meta_title_alignment":"","neve_meta_author_avatar":"","neve_post_elements_order":"","neve_meta_disable_header":"","neve_meta_disable_footer":"","neve_meta_disable_title":"","_ayudawp_aiss_exclude":false,"_ayudawp_aiss_exclude_summary":false,"_ayudawp_aiss_summary":"","_ayudawp_aiss_summary_provider":"","_ayudawp_aiss_summary_hash":"","footnotes":""},"categories":[5,3,9],"tags":[331,332,334,330,333],"class_list":["post-1843","post","type-post","status-publish","format-standard","has-post-thumbnail","hentry","category-entrevistas","category-libros","category-no-ficcion","tag-blues-para-un-planeta-azul","tag-cambio-climatico","tag-crisis-climatica","tag-juan-fueyo","tag-salud"],"yoast_head":"<!-- This site is optimized with the Yoast SEO plugin v28.3 - https:\/\/yoast.com\/product\/yoast-seo-wordpress\/ -->\n<title>Juan Fueyo: La crisis clim\u00e1tica ha llegado a tu barrio<\/title>\n<meta name=\"description\" content=\"El cient\u00edfico Juan Fueyo afirma que la crisis clim\u00e1tica &quot;ha llegado a tu barrio. Ya no es aquello del oso polar al que se le est\u00e1 acabando el hielo&quot;.\" \/>\n<meta name=\"robots\" content=\"index, follow, max-snippet:-1, max-image-preview:large, max-video-preview:-1\" \/>\n<link rel=\"canonical\" href=\"https:\/\/primerborrador.es\/index.php\/2023\/01\/03\/juan-fueyo-la-crisis-climatica-ha-llegado-a-tu-barrio\/\" \/>\n<meta property=\"og:locale\" content=\"es_ES\" \/>\n<meta property=\"og:type\" content=\"article\" \/>\n<meta property=\"og:title\" content=\"Juan Fueyo: La crisis clim\u00e1tica ha llegado a tu barrio\" \/>\n<meta property=\"og:description\" content=\"El cient\u00edfico Juan Fueyo afirma que la crisis clim\u00e1tica &quot;ha llegado a tu barrio. Ya no es aquello del oso polar al que se le est\u00e1 acabando el hielo&quot;.\" \/>\n<meta property=\"og:url\" content=\"https:\/\/primerborrador.es\/index.php\/2023\/01\/03\/juan-fueyo-la-crisis-climatica-ha-llegado-a-tu-barrio\/\" \/>\n<meta property=\"og:site_name\" content=\"Primer borrador\" \/>\n<meta property=\"article:published_time\" content=\"2023-01-03T07:50:21+00:00\" \/>\n<meta property=\"article:modified_time\" content=\"2023-01-03T07:50:24+00:00\" \/>\n<meta property=\"og:image\" content=\"https:\/\/primerborrador.es\/wp-content\/uploads\/2023\/01\/Juan-Fueyo-edt-cortesia-del-entrevistado-para-sync.jpg\" \/>\n\t<meta property=\"og:image:width\" content=\"1200\" \/>\n\t<meta property=\"og:image:height\" content=\"755\" \/>\n\t<meta property=\"og:image:type\" content=\"image\/jpeg\" \/>\n<meta name=\"author\" content=\"Redacci\u00f3n\" \/>\n<script type=\"application\/ld+json\" class=\"yoast-schema-graph\">{\"@context\":\"https:\\\/\\\/schema.org\",\"@graph\":[{\"@type\":\"Article\",\"@id\":\"https:\\\/\\\/primerborrador.es\\\/index.php\\\/2023\\\/01\\\/03\\\/juan-fueyo-la-crisis-climatica-ha-llegado-a-tu-barrio\\\/#article\",\"isPartOf\":{\"@id\":\"https:\\\/\\\/primerborrador.es\\\/index.php\\\/2023\\\/01\\\/03\\\/juan-fueyo-la-crisis-climatica-ha-llegado-a-tu-barrio\\\/\"},\"author\":{\"name\":\"Redacci\u00f3n\",\"@id\":\"https:\\\/\\\/primerborrador.es\\\/#\\\/schema\\\/person\\\/0492196f9e50f87ef1f6e3ddcaba881e\"},\"headline\":\"Juan Fueyo: La crisis clim\u00e1tica ha llegado a tu barrio\",\"datePublished\":\"2023-01-03T07:50:21+00:00\",\"dateModified\":\"2023-01-03T07:50:24+00:00\",\"mainEntityOfPage\":{\"@id\":\"https:\\\/\\\/primerborrador.es\\\/index.php\\\/2023\\\/01\\\/03\\\/juan-fueyo-la-crisis-climatica-ha-llegado-a-tu-barrio\\\/\"},\"wordCount\":3019,\"commentCount\":0,\"publisher\":{\"@id\":\"https:\\\/\\\/primerborrador.es\\\/#\\\/schema\\\/person\\\/39b8af43fb1e2774f05a0812a8f21bbc\"},\"image\":{\"@id\":\"https:\\\/\\\/primerborrador.es\\\/index.php\\\/2023\\\/01\\\/03\\\/juan-fueyo-la-crisis-climatica-ha-llegado-a-tu-barrio\\\/#primaryimage\"},\"thumbnailUrl\":\"https:\\\/\\\/primerborrador.es\\\/wp-content\\\/uploads\\\/2023\\\/01\\\/Juan-Fueyo-edt-cortesia-del-entrevistado-para-sync.jpg\",\"keywords\":[\"blues-para-un-planeta-azul\",\"cambio-clim\u00e1tico\",\"crisis-clim\u00e1tica\",\"juan-fueyo\",\"salud\"],\"articleSection\":[\"Entrevistas\",\"Libros\",\"No ficci\u00f3n\"],\"inLanguage\":\"es\",\"potentialAction\":[{\"@type\":\"CommentAction\",\"name\":\"Comment\",\"target\":[\"https:\\\/\\\/primerborrador.es\\\/index.php\\\/2023\\\/01\\\/03\\\/juan-fueyo-la-crisis-climatica-ha-llegado-a-tu-barrio\\\/#respond\"]}]},{\"@type\":\"WebPage\",\"@id\":\"https:\\\/\\\/primerborrador.es\\\/index.php\\\/2023\\\/01\\\/03\\\/juan-fueyo-la-crisis-climatica-ha-llegado-a-tu-barrio\\\/\",\"url\":\"https:\\\/\\\/primerborrador.es\\\/index.php\\\/2023\\\/01\\\/03\\\/juan-fueyo-la-crisis-climatica-ha-llegado-a-tu-barrio\\\/\",\"name\":\"Juan Fueyo: La crisis clim\u00e1tica ha llegado a tu barrio\",\"isPartOf\":{\"@id\":\"https:\\\/\\\/primerborrador.es\\\/#website\"},\"primaryImageOfPage\":{\"@id\":\"https:\\\/\\\/primerborrador.es\\\/index.php\\\/2023\\\/01\\\/03\\\/juan-fueyo-la-crisis-climatica-ha-llegado-a-tu-barrio\\\/#primaryimage\"},\"image\":{\"@id\":\"https:\\\/\\\/primerborrador.es\\\/index.php\\\/2023\\\/01\\\/03\\\/juan-fueyo-la-crisis-climatica-ha-llegado-a-tu-barrio\\\/#primaryimage\"},\"thumbnailUrl\":\"https:\\\/\\\/primerborrador.es\\\/wp-content\\\/uploads\\\/2023\\\/01\\\/Juan-Fueyo-edt-cortesia-del-entrevistado-para-sync.jpg\",\"datePublished\":\"2023-01-03T07:50:21+00:00\",\"dateModified\":\"2023-01-03T07:50:24+00:00\",\"description\":\"El cient\u00edfico Juan Fueyo afirma que la crisis clim\u00e1tica \\\"ha llegado a tu barrio. Ya no es aquello del oso polar al que se le est\u00e1 acabando el hielo\\\".\",\"breadcrumb\":{\"@id\":\"https:\\\/\\\/primerborrador.es\\\/index.php\\\/2023\\\/01\\\/03\\\/juan-fueyo-la-crisis-climatica-ha-llegado-a-tu-barrio\\\/#breadcrumb\"},\"inLanguage\":\"es\",\"potentialAction\":[{\"@type\":\"ReadAction\",\"target\":[\"https:\\\/\\\/primerborrador.es\\\/index.php\\\/2023\\\/01\\\/03\\\/juan-fueyo-la-crisis-climatica-ha-llegado-a-tu-barrio\\\/\"]}]},{\"@type\":\"ImageObject\",\"inLanguage\":\"es\",\"@id\":\"https:\\\/\\\/primerborrador.es\\\/index.php\\\/2023\\\/01\\\/03\\\/juan-fueyo-la-crisis-climatica-ha-llegado-a-tu-barrio\\\/#primaryimage\",\"url\":\"https:\\\/\\\/primerborrador.es\\\/wp-content\\\/uploads\\\/2023\\\/01\\\/Juan-Fueyo-edt-cortesia-del-entrevistado-para-sync.jpg\",\"contentUrl\":\"https:\\\/\\\/primerborrador.es\\\/wp-content\\\/uploads\\\/2023\\\/01\\\/Juan-Fueyo-edt-cortesia-del-entrevistado-para-sync.jpg\",\"width\":1200,\"height\":755,\"caption\":\"Juan Fueyo. Foto: Cortes\u00eda del entrevistado para Sync\"},{\"@type\":\"BreadcrumbList\",\"@id\":\"https:\\\/\\\/primerborrador.es\\\/index.php\\\/2023\\\/01\\\/03\\\/juan-fueyo-la-crisis-climatica-ha-llegado-a-tu-barrio\\\/#breadcrumb\",\"itemListElement\":[{\"@type\":\"ListItem\",\"position\":1,\"name\":\"Home\",\"item\":\"https:\\\/\\\/primerborrador.es\\\/\"},{\"@type\":\"ListItem\",\"position\":2,\"name\":\"Juan Fueyo: La crisis clim\u00e1tica ha llegado a tu barrio\"}]},{\"@type\":\"WebSite\",\"@id\":\"https:\\\/\\\/primerborrador.es\\\/#website\",\"url\":\"https:\\\/\\\/primerborrador.es\\\/\",\"name\":\"Primer borrador\",\"description\":\"Revista mensual de arte, literatura y jazz\",\"publisher\":{\"@id\":\"https:\\\/\\\/primerborrador.es\\\/#\\\/schema\\\/person\\\/39b8af43fb1e2774f05a0812a8f21bbc\"},\"potentialAction\":[{\"@type\":\"SearchAction\",\"target\":{\"@type\":\"EntryPoint\",\"urlTemplate\":\"https:\\\/\\\/primerborrador.es\\\/?s={search_term_string}\"},\"query-input\":{\"@type\":\"PropertyValueSpecification\",\"valueRequired\":true,\"valueName\":\"search_term_string\"}}],\"inLanguage\":\"es\"},{\"@type\":[\"Person\",\"Organization\"],\"@id\":\"https:\\\/\\\/primerborrador.es\\\/#\\\/schema\\\/person\\\/39b8af43fb1e2774f05a0812a8f21bbc\",\"name\":\"Santiago P\u00e9rez\",\"image\":{\"@type\":\"ImageObject\",\"inLanguage\":\"es\",\"@id\":\"https:\\\/\\\/primerborrador.es\\\/wp-content\\\/uploads\\\/2021\\\/02\\\/cropped-feather1-e1621103417910.png\",\"url\":\"https:\\\/\\\/primerborrador.es\\\/wp-content\\\/uploads\\\/2021\\\/02\\\/cropped-feather1-e1621103417910.png\",\"contentUrl\":\"https:\\\/\\\/primerborrador.es\\\/wp-content\\\/uploads\\\/2021\\\/02\\\/cropped-feather1-e1621103417910.png\",\"width\":256,\"height\":256,\"caption\":\"Santiago P\u00e9rez\"},\"logo\":{\"@id\":\"https:\\\/\\\/primerborrador.es\\\/wp-content\\\/uploads\\\/2021\\\/02\\\/cropped-feather1-e1621103417910.png\"},\"description\":\"Periodista. Escribo, desde Cadiz, sobre lo que me interesa: arte contempor\u00e1neo, literatura y m\u00fasica. Creo en la libertad de contar. Y tambi\u00e9n en la de elegir lo que quiero y no quiero leer.\",\"sameAs\":[\"https:\\\/\\\/primerborrador.es\"]},{\"@type\":\"Person\",\"@id\":\"https:\\\/\\\/primerborrador.es\\\/#\\\/schema\\\/person\\\/0492196f9e50f87ef1f6e3ddcaba881e\",\"name\":\"Redacci\u00f3n\",\"image\":{\"@type\":\"ImageObject\",\"inLanguage\":\"es\",\"@id\":\"https:\\\/\\\/secure.gravatar.com\\\/avatar\\\/ecfa6921d61c8a99d5adf0e2c01c7d995559046fd5cadd1b489361fcade4d655?s=96&d=mm&r=g\",\"url\":\"https:\\\/\\\/secure.gravatar.com\\\/avatar\\\/ecfa6921d61c8a99d5adf0e2c01c7d995559046fd5cadd1b489361fcade4d655?s=96&d=mm&r=g\",\"contentUrl\":\"https:\\\/\\\/secure.gravatar.com\\\/avatar\\\/ecfa6921d61c8a99d5adf0e2c01c7d995559046fd5cadd1b489361fcade4d655?s=96&d=mm&r=g\",\"caption\":\"Redacci\u00f3n\"},\"url\":\"https:\\\/\\\/primerborrador.es\\\/index.php\\\/author\\\/redaccion\\\/\"}]}<\/script>\n<!-- \/ Yoast SEO plugin. -->","yoast_head_json":{"title":"Juan Fueyo: La crisis clim\u00e1tica ha llegado a tu barrio","description":"El cient\u00edfico Juan Fueyo afirma que la crisis clim\u00e1tica \"ha llegado a tu barrio. Ya no es aquello del oso polar al que se le est\u00e1 acabando el hielo\".","robots":{"index":"index","follow":"follow","max-snippet":"max-snippet:-1","max-image-preview":"max-image-preview:large","max-video-preview":"max-video-preview:-1"},"canonical":"https:\/\/primerborrador.es\/index.php\/2023\/01\/03\/juan-fueyo-la-crisis-climatica-ha-llegado-a-tu-barrio\/","og_locale":"es_ES","og_type":"article","og_title":"Juan Fueyo: La crisis clim\u00e1tica ha llegado a tu barrio","og_description":"El cient\u00edfico Juan Fueyo afirma que la crisis clim\u00e1tica \"ha llegado a tu barrio. Ya no es aquello del oso polar al que se le est\u00e1 acabando el hielo\".","og_url":"https:\/\/primerborrador.es\/index.php\/2023\/01\/03\/juan-fueyo-la-crisis-climatica-ha-llegado-a-tu-barrio\/","og_site_name":"Primer borrador","article_published_time":"2023-01-03T07:50:21+00:00","article_modified_time":"2023-01-03T07:50:24+00:00","og_image":[{"width":1200,"height":755,"url":"https:\/\/primerborrador.es\/wp-content\/uploads\/2023\/01\/Juan-Fueyo-edt-cortesia-del-entrevistado-para-sync.jpg","type":"image\/jpeg"}],"author":"Redacci\u00f3n","schema":{"@context":"https:\/\/schema.org","@graph":[{"@type":"Article","@id":"https:\/\/primerborrador.es\/index.php\/2023\/01\/03\/juan-fueyo-la-crisis-climatica-ha-llegado-a-tu-barrio\/#article","isPartOf":{"@id":"https:\/\/primerborrador.es\/index.php\/2023\/01\/03\/juan-fueyo-la-crisis-climatica-ha-llegado-a-tu-barrio\/"},"author":{"name":"Redacci\u00f3n","@id":"https:\/\/primerborrador.es\/#\/schema\/person\/0492196f9e50f87ef1f6e3ddcaba881e"},"headline":"Juan Fueyo: La crisis clim\u00e1tica ha llegado a tu barrio","datePublished":"2023-01-03T07:50:21+00:00","dateModified":"2023-01-03T07:50:24+00:00","mainEntityOfPage":{"@id":"https:\/\/primerborrador.es\/index.php\/2023\/01\/03\/juan-fueyo-la-crisis-climatica-ha-llegado-a-tu-barrio\/"},"wordCount":3019,"commentCount":0,"publisher":{"@id":"https:\/\/primerborrador.es\/#\/schema\/person\/39b8af43fb1e2774f05a0812a8f21bbc"},"image":{"@id":"https:\/\/primerborrador.es\/index.php\/2023\/01\/03\/juan-fueyo-la-crisis-climatica-ha-llegado-a-tu-barrio\/#primaryimage"},"thumbnailUrl":"https:\/\/primerborrador.es\/wp-content\/uploads\/2023\/01\/Juan-Fueyo-edt-cortesia-del-entrevistado-para-sync.jpg","keywords":["blues-para-un-planeta-azul","cambio-clim\u00e1tico","crisis-clim\u00e1tica","juan-fueyo","salud"],"articleSection":["Entrevistas","Libros","No ficci\u00f3n"],"inLanguage":"es","potentialAction":[{"@type":"CommentAction","name":"Comment","target":["https:\/\/primerborrador.es\/index.php\/2023\/01\/03\/juan-fueyo-la-crisis-climatica-ha-llegado-a-tu-barrio\/#respond"]}]},{"@type":"WebPage","@id":"https:\/\/primerborrador.es\/index.php\/2023\/01\/03\/juan-fueyo-la-crisis-climatica-ha-llegado-a-tu-barrio\/","url":"https:\/\/primerborrador.es\/index.php\/2023\/01\/03\/juan-fueyo-la-crisis-climatica-ha-llegado-a-tu-barrio\/","name":"Juan Fueyo: La crisis clim\u00e1tica ha llegado a tu barrio","isPartOf":{"@id":"https:\/\/primerborrador.es\/#website"},"primaryImageOfPage":{"@id":"https:\/\/primerborrador.es\/index.php\/2023\/01\/03\/juan-fueyo-la-crisis-climatica-ha-llegado-a-tu-barrio\/#primaryimage"},"image":{"@id":"https:\/\/primerborrador.es\/index.php\/2023\/01\/03\/juan-fueyo-la-crisis-climatica-ha-llegado-a-tu-barrio\/#primaryimage"},"thumbnailUrl":"https:\/\/primerborrador.es\/wp-content\/uploads\/2023\/01\/Juan-Fueyo-edt-cortesia-del-entrevistado-para-sync.jpg","datePublished":"2023-01-03T07:50:21+00:00","dateModified":"2023-01-03T07:50:24+00:00","description":"El cient\u00edfico Juan Fueyo afirma que la crisis clim\u00e1tica \"ha llegado a tu barrio. Ya no es aquello del oso polar al que se le est\u00e1 acabando el hielo\".","breadcrumb":{"@id":"https:\/\/primerborrador.es\/index.php\/2023\/01\/03\/juan-fueyo-la-crisis-climatica-ha-llegado-a-tu-barrio\/#breadcrumb"},"inLanguage":"es","potentialAction":[{"@type":"ReadAction","target":["https:\/\/primerborrador.es\/index.php\/2023\/01\/03\/juan-fueyo-la-crisis-climatica-ha-llegado-a-tu-barrio\/"]}]},{"@type":"ImageObject","inLanguage":"es","@id":"https:\/\/primerborrador.es\/index.php\/2023\/01\/03\/juan-fueyo-la-crisis-climatica-ha-llegado-a-tu-barrio\/#primaryimage","url":"https:\/\/primerborrador.es\/wp-content\/uploads\/2023\/01\/Juan-Fueyo-edt-cortesia-del-entrevistado-para-sync.jpg","contentUrl":"https:\/\/primerborrador.es\/wp-content\/uploads\/2023\/01\/Juan-Fueyo-edt-cortesia-del-entrevistado-para-sync.jpg","width":1200,"height":755,"caption":"Juan Fueyo. Foto: Cortes\u00eda del entrevistado para Sync"},{"@type":"BreadcrumbList","@id":"https:\/\/primerborrador.es\/index.php\/2023\/01\/03\/juan-fueyo-la-crisis-climatica-ha-llegado-a-tu-barrio\/#breadcrumb","itemListElement":[{"@type":"ListItem","position":1,"name":"Home","item":"https:\/\/primerborrador.es\/"},{"@type":"ListItem","position":2,"name":"Juan Fueyo: La crisis clim\u00e1tica ha llegado a tu barrio"}]},{"@type":"WebSite","@id":"https:\/\/primerborrador.es\/#website","url":"https:\/\/primerborrador.es\/","name":"Primer borrador","description":"Revista mensual de arte, literatura y jazz","publisher":{"@id":"https:\/\/primerborrador.es\/#\/schema\/person\/39b8af43fb1e2774f05a0812a8f21bbc"},"potentialAction":[{"@type":"SearchAction","target":{"@type":"EntryPoint","urlTemplate":"https:\/\/primerborrador.es\/?s={search_term_string}"},"query-input":{"@type":"PropertyValueSpecification","valueRequired":true,"valueName":"search_term_string"}}],"inLanguage":"es"},{"@type":["Person","Organization"],"@id":"https:\/\/primerborrador.es\/#\/schema\/person\/39b8af43fb1e2774f05a0812a8f21bbc","name":"Santiago P\u00e9rez","image":{"@type":"ImageObject","inLanguage":"es","@id":"https:\/\/primerborrador.es\/wp-content\/uploads\/2021\/02\/cropped-feather1-e1621103417910.png","url":"https:\/\/primerborrador.es\/wp-content\/uploads\/2021\/02\/cropped-feather1-e1621103417910.png","contentUrl":"https:\/\/primerborrador.es\/wp-content\/uploads\/2021\/02\/cropped-feather1-e1621103417910.png","width":256,"height":256,"caption":"Santiago P\u00e9rez"},"logo":{"@id":"https:\/\/primerborrador.es\/wp-content\/uploads\/2021\/02\/cropped-feather1-e1621103417910.png"},"description":"Periodista. Escribo, desde Cadiz, sobre lo que me interesa: arte contempor\u00e1neo, literatura y m\u00fasica. Creo en la libertad de contar. Y tambi\u00e9n en la de elegir lo que quiero y no quiero leer.","sameAs":["https:\/\/primerborrador.es"]},{"@type":"Person","@id":"https:\/\/primerborrador.es\/#\/schema\/person\/0492196f9e50f87ef1f6e3ddcaba881e","name":"Redacci\u00f3n","image":{"@type":"ImageObject","inLanguage":"es","@id":"https:\/\/secure.gravatar.com\/avatar\/ecfa6921d61c8a99d5adf0e2c01c7d995559046fd5cadd1b489361fcade4d655?s=96&d=mm&r=g","url":"https:\/\/secure.gravatar.com\/avatar\/ecfa6921d61c8a99d5adf0e2c01c7d995559046fd5cadd1b489361fcade4d655?s=96&d=mm&r=g","contentUrl":"https:\/\/secure.gravatar.com\/avatar\/ecfa6921d61c8a99d5adf0e2c01c7d995559046fd5cadd1b489361fcade4d655?s=96&d=mm&r=g","caption":"Redacci\u00f3n"},"url":"https:\/\/primerborrador.es\/index.php\/author\/redaccion\/"}]}},"_links":{"self":[{"href":"https:\/\/primerborrador.es\/index.php\/wp-json\/wp\/v2\/posts\/1843","targetHints":{"allow":["GET"]}}],"collection":[{"href":"https:\/\/primerborrador.es\/index.php\/wp-json\/wp\/v2\/posts"}],"about":[{"href":"https:\/\/primerborrador.es\/index.php\/wp-json\/wp\/v2\/types\/post"}],"author":[{"embeddable":true,"href":"https:\/\/primerborrador.es\/index.php\/wp-json\/wp\/v2\/users\/2"}],"replies":[{"embeddable":true,"href":"https:\/\/primerborrador.es\/index.php\/wp-json\/wp\/v2\/comments?post=1843"}],"version-history":[{"count":0,"href":"https:\/\/primerborrador.es\/index.php\/wp-json\/wp\/v2\/posts\/1843\/revisions"}],"wp:featuredmedia":[{"embeddable":true,"href":"https:\/\/primerborrador.es\/index.php\/wp-json\/wp\/v2\/media\/1858"}],"wp:attachment":[{"href":"https:\/\/primerborrador.es\/index.php\/wp-json\/wp\/v2\/media?parent=1843"}],"wp:term":[{"taxonomy":"category","embeddable":true,"href":"https:\/\/primerborrador.es\/index.php\/wp-json\/wp\/v2\/categories?post=1843"},{"taxonomy":"post_tag","embeddable":true,"href":"https:\/\/primerborrador.es\/index.php\/wp-json\/wp\/v2\/tags?post=1843"}],"curies":[{"name":"wp","href":"https:\/\/api.w.org\/{rel}","templated":true}]}}