{"id":1780,"date":"2023-01-03T08:50:57","date_gmt":"2023-01-03T07:50:57","guid":{"rendered":"https:\/\/primerborrador.es\/?p=1780"},"modified":"2025-01-16T11:53:15","modified_gmt":"2025-01-16T10:53:15","slug":"los-colores-del-invierno","status":"publish","type":"post","link":"https:\/\/primerborrador.es\/index.php\/2023\/01\/03\/los-colores-del-invierno\/","title":{"rendered":"Los colores del invierno"},"content":{"rendered":"\n<p class=\"wp-block-paragraph\">El invierno siempre atrajo a creadores de todas las disciplinas art\u00edsticas que eligieron esta \u00e9poca del a\u00f1o como parte de su creaci\u00f3n. El texto que sigue es un recorrido a trav\u00e9s de algunas obras inspiradas en el invierno usando como gu\u00eda cuatro colores ligados a la estaci\u00f3n: el blanco (el agua), el gris (el fuego), el siena (la tierra), y el azul (el aire).<\/p>\n\n\n\n<!--more-->\n\n\n\n<h4 class=\"wp-block-heading\"><strong>Blanco (El agua)<\/strong><\/h4>\n\n\n\n<p class=\"wp-block-paragraph\">Al pensar en el invierno es la nieve la primera imagen que acude al pensamiento, el inmenso blanco que cubre monta\u00f1as y calles, prados e incluso, en las latitudes m\u00e1s cercanas a los polos, la misma orilla del mar.<\/p>\n\n\n\n<p class=\"wp-block-paragraph\">Una copiosa o ligera nevada representa al invierno mejor que cualquier otra idea. Hay libros que la tienen como <em>leit motiv<\/em> permanente en todas sus p\u00e1ginas. El m\u00e1s dram\u00e1tico de ellos <em>Frankenstein, o el moderno Prometeo<\/em> de Mary Shelley, en el que el fr\u00edo recorre todas sus p\u00e1ginas como una alegor\u00eda descarnada del cuerpo sin alma.<\/p>\n\n\n\n<p class=\"wp-block-paragraph\">Lo utiliz\u00f3 el premio Nobel Orhan Pamuk en su novela <em>Nieve<\/em>, una radiograf\u00eda del pensamiento radical islamista en Turqu\u00eda. El protagonista es periodista, escritor. Narra Pamuk:<\/p>\n\n\n\n<p class=\"has-nv-light-bg-background-color has-background wp-block-paragraph\"><em>\u201cEra poeta, y en un poema escrito a\u00f1os atr\u00e1s y muy poco conocido por los lectores turcos hab\u00eda dicho que a lo largo de nuestra vida s\u00f3lo nieva una vez en nuestros sue\u00f1os\u201d<\/em><\/p>\n\n\n\n<p class=\"wp-block-paragraph\">Otro premio Nobel, la escritora estadounidense Toni Morrison situ\u00f3 en mitad de un d\u00eda nevado uno de los comienzos m\u00e1s prodigiosos de una novela contempor\u00e1nea, <em>Jazz<\/em>. El periodista cultural Winston Manrique la escogi\u00f3 entre alguno de <a href=\"https:\/\/medium.com\/@winstonmanriquesabogal\/cinco-tormentas-de-nieve-para-vivirlas-resguardados-en-grandes-libros-5230c67c263b\" target=\"_blank\" rel=\"noreferrer noopener\">los mejores libros protagonizados por el invierno<\/a>.<\/p>\n\n\n<div class=\"wp-block-image\">\n<figure class=\"aligncenter size-full\"><img loading=\"lazy\" decoding=\"async\" width=\"1800\" height=\"1390\" src=\"https:\/\/primerborrador.es\/wp-content\/uploads\/2022\/12\/Winter-landscape-by-Paul-Gauguin.jpg\" alt=\"Painting Winter landscape by Paul Gauguin\" class=\"wp-image-1791\" srcset=\"https:\/\/primerborrador.es\/wp-content\/uploads\/2022\/12\/Winter-landscape-by-Paul-Gauguin.jpg 1800w, https:\/\/primerborrador.es\/wp-content\/uploads\/2022\/12\/Winter-landscape-by-Paul-Gauguin-768x593.jpg 768w, https:\/\/primerborrador.es\/wp-content\/uploads\/2022\/12\/Winter-landscape-by-Paul-Gauguin-1536x1186.jpg 1536w\" sizes=\"auto, (max-width: 1800px) 100vw, 1800px\" \/><figcaption class=\"wp-element-caption\">Winter landscape &#8211; Paul Gauguin<\/figcaption><\/figure>\n<\/div>\n\n\n<p class=\"wp-block-paragraph\">Podr\u00edan citarse infinidad de historias en las que el invierno es protagonista, como el impresionante <a href=\"https:\/\/www.tiempo.com\/noticias\/divulgacion\/cuando-el-tamesis-se-congelaba.html\" target=\"_blank\" rel=\"noreferrer noopener nofollow\">T\u00e1mesis helado<\/a> en el siglo XVII recreado por Virginia Woolf en <em>Orlando<\/em>.<\/p>\n\n\n\n<p class=\"wp-block-paragraph\">Pero si hubiera que se\u00f1alar a un escritor fundido en blanco, ese ser\u00eda sin duda Robert Walser y sus ya eternos paseos en la nieve, tan excepcionalmente relatados por Carl Seelig en el libro <em>Paseos con Robert Walser<\/em>.<\/p>\n\n\n\n<h5 class=\"wp-block-heading\"><strong>Blanco de luz<\/strong><\/h5>\n\n\n\n<p class=\"wp-block-paragraph\">Es el blanco el que guarda la luz en invierno, la estaci\u00f3n m\u00e1s oscura, la que menos horas de luz tiene de todo el a\u00f1o. Y todas las nevadas del mundo parecen estar representadas en la infinidad de pinturas que han retratado la estaci\u00f3n en la historia del arte.<\/p>\n\n\n\n<p class=\"wp-block-paragraph\">El pintor Edvard Munch, cuyo archifamoso <em>El <\/em><em>gr<\/em><em>ito<\/em> no oscurece la variedad creativa de su producci\u00f3n, represent\u00f3 las nevadas de diferentes pa\u00edses en varias de sus obras. Pinturas que parecen expresar un mundo diferente al que atormentaba al autor noruego, donde la nieve aparece te\u00f1ida aqu\u00ed y all\u00e1 de trazos de color.<\/p>\n\n\n\n<figure class=\"wp-block-embed aligncenter is-type-video is-provider-youtube wp-block-embed-youtube wp-embed-aspect-16-9 wp-has-aspect-ratio\"><div class=\"wp-block-embed__wrapper\">\n<div class=\"nv-iframe-embed\"><iframe loading=\"lazy\" title=\"Los colores del invierno - Winter&#039;s colors\" width=\"1200\" height=\"675\" src=\"https:\/\/www.youtube.com\/embed\/C4a0eAk-zYI?feature=oembed\" frameborder=\"0\" allow=\"accelerometer; autoplay; clipboard-write; encrypted-media; gyroscope; picture-in-picture\" allowfullscreen><\/iframe><\/div>\n<\/div><figcaption class=\"wp-element-caption\">Los colores del invierno<\/figcaption><\/figure>\n\n\n\n<p class=\"wp-block-paragraph\">Otros, como Henry Farrer, se anticipan al surrealismo; hay quien se siente atraido por el estilo pict\u00f3rico japon\u00e9s como Julian Falat o quien simplemente plantea una escena rural cargada de nieve.<\/p>\n\n\n\n<p class=\"wp-block-paragraph\">Nada que ver con las representaciones invernales urbanas de Paul Fischer o Maurits Blieck, en las que la blancura de la nieve aparece manchada de ocres y grises por el trasiego humano e industrial de la ciudad, ofreciendo una perspectivva menos id\u00edlica, m\u00e1s real y \u00e1spera de la estaci\u00f3n.<\/p>\n\n\n\n<h5 class=\"wp-block-heading\"><strong>El viento de invierno de Chopin<\/strong><\/h5>\n\n\n\n<p class=\"wp-block-paragraph\">\u00bfY cu\u00e1l ser\u00eda la canci\u00f3n del invierno, la m\u00fasica del invierno? El compositor Frederick Chopin cre\u00f3 obras memorables relacionadas con estos meses, como el estudio <em>Viento de invierno<\/em> o el preludio <em>La go<\/em><em>t<\/em><em>a de agua<\/em>.<\/p>\n\n\n\n<p class=\"wp-block-paragraph\">Es facil imaginar a uno de los autores m\u00e1s representativos de la m\u00fasica del Romantincismo pasesando en enero de 1839 por la Cartuja de Valldemossa en compa\u00f1\u00eda de la escritora George Sand, <a href=\"https:\/\/www.tiempo.com\/noticias\/ciencia\/la-lluvia-mallorquina-que-obsesiono-a-chopin.html\" target=\"_blank\" rel=\"noreferrer noopener\">viendo caer la lluvia<\/a>, componiendo \u00e9l, escribiendo ella, ambos al amparo de la Sierra de la Tramuntana. \u00c1rboles solitarios tras las ventanas, agitados al viento, goteando lluvias.<\/p>\n\n\n\n<h4 class=\"wp-block-heading\"><strong>Gris (El fuego)<\/strong><\/h4>\n\n\n\n<p class=\"wp-block-paragraph\">Equiparo al gris con el fuego porque la ceniza representa al invierno tanto como el fuego mismo. El invierno ha sido comparado en ocasiones con la muerte, as\u00ed como la primavera con el renacimiento.<\/p>\n\n\n\n<p class=\"wp-block-paragraph\">Y aunque el blanco sea m\u00e1s rom\u00e1ntico, m\u00e1s id\u00edlico, el gris es m\u00e1s fiel a la estaci\u00f3n porque se materializa en los cielos encapotados caracter\u00edsticos de la \u00e9poca, las nubes oscuras, la tristeza, el fr\u00edo.<\/p>\n\n\n\n<p class=\"wp-block-paragraph\">Un color que evoca la estancia de Luis Cernuda en Escocia, antes de exiliarse definitivamente en M\u00e9xico y Estados Unidos, los d\u00edas fr\u00edos y solitarios.<\/p>\n\n\n<div class=\"wp-block-image\">\n<figure class=\"aligncenter size-full\"><img loading=\"lazy\" decoding=\"async\" width=\"1800\" height=\"1275\" src=\"https:\/\/primerborrador.es\/wp-content\/uploads\/2022\/12\/Danger-by-Winslow-Homer.jpg\" alt=\"Painting Danger by Winslow Homer\" class=\"wp-image-1793\" srcset=\"https:\/\/primerborrador.es\/wp-content\/uploads\/2022\/12\/Danger-by-Winslow-Homer.jpg 1800w, https:\/\/primerborrador.es\/wp-content\/uploads\/2022\/12\/Danger-by-Winslow-Homer-768x544.jpg 768w, https:\/\/primerborrador.es\/wp-content\/uploads\/2022\/12\/Danger-by-Winslow-Homer-1536x1088.jpg 1536w\" sizes=\"auto, (max-width: 1800px) 100vw, 1800px\" \/><figcaption class=\"wp-element-caption\">Danger &#8211; Winslow Homer<\/figcaption><\/figure>\n<\/div>\n\n\n<p class=\"wp-block-paragraph\">El gris es tambi\u00e9n el color evocado con insultante plasticidad por la prosa de Cormac McCarthy, no solo en <em>Meridiano de sangre<\/em>, sino tambi\u00e9n en la <em>Trilog\u00eda de la Frontera<\/em>, el chisporroteo de las hogueras bajo los salivazos de aguanieve o las rachas de viento en mitad de las tierras volc\u00e1nicas de la frontera mexicana, la noche iluminada por los rel\u00e1mpagos de tormentas lejanas que asoman sobre las monta\u00f1as.<\/p>\n\n\n\n<h5 class=\"wp-block-heading\">No nieva en la mar<\/h5>\n\n\n\n<p class=\"wp-block-paragraph\">Cabe incluir en esta recapitulaci\u00f3n el mar y sus tormentas. Ignacio Aldecoa lo narr\u00f3 con espl\u00e9ndida desolaci\u00f3n en <em>Gran sol, <\/em>fiel historia sobre los barcos de pesca que faenan en el Atl\u00e1ntico Norte.<\/p>\n\n\n\n<p class=\"wp-block-paragraph\">Y tambi\u00e9n el negro Mediterr\u00e1neo de Homero o de Virgilio en la huida de Eneas de Troya para fundar Roma. Pocas im\u00e1genes m\u00e1s tenebrosas del invierno como las del mar negro, tan inquietantemente representado por Edward Moran, uno de los pintores de marinas m\u00e1s importantes del siglo diecinueve.<\/p>\n\n\n<div class=\"wp-block-image\">\n<figure class=\"aligncenter size-full\"><img loading=\"lazy\" decoding=\"async\" width=\"2695\" height=\"1626\" src=\"https:\/\/primerborrador.es\/wp-content\/uploads\/2022\/12\/The-sea-by-Edward-Moran.png\" alt=\"Painting The sea by Edward Moran\" class=\"wp-image-1795\" srcset=\"https:\/\/primerborrador.es\/wp-content\/uploads\/2022\/12\/The-sea-by-Edward-Moran.png 2695w, https:\/\/primerborrador.es\/wp-content\/uploads\/2022\/12\/The-sea-by-Edward-Moran-768x463.png 768w, https:\/\/primerborrador.es\/wp-content\/uploads\/2022\/12\/The-sea-by-Edward-Moran-1536x927.png 1536w, https:\/\/primerborrador.es\/wp-content\/uploads\/2022\/12\/The-sea-by-Edward-Moran-2048x1236.png 2048w\" sizes=\"auto, (max-width: 2695px) 100vw, 2695px\" \/><figcaption class=\"wp-element-caption\">The sea &#8211; Edward Moran<\/figcaption><\/figure>\n<\/div>\n\n\n<p class=\"wp-block-paragraph\">Otros como Carl Locher o Karl Nordstr\u00f6m optaron por los tonos azulados o verdosos para suavizar la crudeza del mar invernal. Winslow Homer y el franc\u00e9s Luigi Loir prefirieron los grises, y en medio de la grisura la esperanza o la desesperaci\u00f3n de las familias que, en tierra, esperan el regreso de la gente de la mar. Nunca estuvo pagado el mar, menos \u00e1un en invierno.<\/p>\n\n\n\n<p class=\"wp-block-paragraph\">Chopin y sus nocturnos se cuelan imperceptiblemente por las interminables fibras de este escenario.<\/p>\n\n\n\n<h4 class=\"wp-block-heading\"><strong>Siena (La tierra)<\/strong><\/h4>\n\n\n\n<p class=\"wp-block-paragraph\">M\u00e1s all\u00e1 de los t\u00f3picos (el blanco de nieve, el gris de las nubes de lluvia) el invierno m\u00e1s real est\u00e1 plagado de escenas de lo cotidiano, de lo cotidiano interior, a veces oculto, luces amarillas, colores anaranjados y, como s\u00edntesis de todas la tonalidades el color Siena, el ocre de de la tierra italiana.<\/p>\n\n\n\n<p class=\"wp-block-paragraph\">La tierra como el potencial oculto, la materia viva que espera renacer en la primavera, el matiz humano de una estaci\u00f3n que llega a ser despiadada no solo en latitudes extremas, tambi\u00e9n en nuestras calles. Lo advirti\u00f3 y lo llen\u00f3 de c\u00e1lida humanidad el pintor polaco Jacek Malczewski en su cuadro <em>Exiliados.<\/em><\/p>\n\n\n\n<p class=\"wp-block-paragraph\"><em>El coraz\u00f3n del s\u00e1bado noche, <\/em>tanto la canci\u00f3n como el \u00e1lbum completo de Tom Waits, podr\u00edan sere el matiz sonoro m\u00e1s apropiado de la paleta ocre. No solo por su voz ronca \u2014la arena del sandwich, seg\u00fan propia definici\u00f3n del cantante americano\u2014 sino por el hecho de ser un homenaje al libro <em>En la carretera<\/em> de Jack Kerouac, otro ilustre habitante del color siena.<\/p>\n\n\n<div class=\"wp-block-image\">\n<figure class=\"aligncenter size-full\"><img loading=\"lazy\" decoding=\"async\" width=\"1200\" height=\"798\" src=\"https:\/\/primerborrador.es\/wp-content\/uploads\/2022\/12\/On-the-road-manuscript-by-Steve-Rhodes-cc-by-nc-sa.jpg\" alt=\"Pictore of On the road manuscript by Steve Rhodes \" class=\"wp-image-1797\" srcset=\"https:\/\/primerborrador.es\/wp-content\/uploads\/2022\/12\/On-the-road-manuscript-by-Steve-Rhodes-cc-by-nc-sa.jpg 1200w, https:\/\/primerborrador.es\/wp-content\/uploads\/2022\/12\/On-the-road-manuscript-by-Steve-Rhodes-cc-by-nc-sa-768x511.jpg 768w\" sizes=\"auto, (max-width: 1200px) 100vw, 1200px\" \/><figcaption class=\"wp-element-caption\">Manuscrito de la novela \u00abEn la carretera\u00bb &#8211; Foto: <a href=\"https:\/\/www.flickr.com\/photos\/ari\/\" target=\"_blank\" rel=\"noreferrer noopener nofollow\">Steve Rhodes<\/a> (cc by nc sa)<\/figcaption><\/figure>\n<\/div>\n\n\n<p class=\"wp-block-paragraph\">La famosa <a href=\"https:\/\/publicdomainreview.org\/collection\/toulouse-lautrec-bed-series\" target=\"_blank\" rel=\"noreferrer noopener\">serie pict\u00f3rica <em>En la cama <\/em>de Henri de Toulouse-Lautrec<\/a>, que representa a una pareja de mujeres cubiertas por las mantas en la cama de un burdel parisino, en las inmediaciones del Bulevar Monmartre, transmite esa calidez interior, tanto por la escena representada como por los colores usados por el pintor franc\u00e9s. Fuera de las cuatro paredes, el invierno y todo lo que ello representaba en el siglo diecinueve para una pareja de mujeres enamoradas.<\/p>\n\n\n\n<h5 class=\"wp-block-heading\">Dif\u00edcil como el invierno<\/h5>\n\n\n\n<p class=\"wp-block-paragraph\">La cotidianeidad, exterior e interior, elegida tambi\u00e9n por el grupo de pintores estadounidenses conocido como Escuela Ashcan como William Glackens, John Sloan o Robert Henri, pintor que anim\u00f3 a varios colegas a inspirar sus obras en la poes\u00eda de Walt Withman.<\/p>\n\n\n\n<p class=\"wp-block-paragraph\">\u201cBajo los pies la divina tierra, sobre la cabeza el sol\u201d, escribi\u00f3 el poeta norteamericano en una de sus <em>Hojas de hierba<\/em>.<\/p>\n\n\n\n<p class=\"wp-block-paragraph\">Por aqu\u00ed cerca, pegados a la tierra como el flamenco y sus habitantes, cabe recordar los versos que el director de cine gaditano Julio Diamante dedic\u00f3 a una leyenda del cante del barrio de Santa Mar\u00eda de C\u00e1diz. El poema comienza y termina as\u00ed:<\/p>\n\n\n\n<pre class=\"wp-block-verse has-text-align-center has-background\" style=\"background-color:#c58a3e\">Gitano y hombre cabal<br>Enrique el Mellizo era<br>dif\u00edcil como el invierno<br>suave cual la primavera.<br>(\u2026)<br>Y all\u00ed, en el Campo del Sur,<br>respond\u00eda amargo el viento<br>que para las amarguras,<br>nadie conoce remedio.<\/pre>\n\n\n\n<p class=\"wp-block-paragraph\">Aunque cabria rebatir al cineasta que, si no remedio, al menos el arte \u2014y el flamenco, sin duda, lo es\u2014 si proporciona un cierto alivio, a las amarguras. Y al invierno.<\/p>\n\n\n\n<h4 class=\"wp-block-heading\"><strong>Azul (Aire-cielo)<\/strong><\/h4>\n\n\n\n<p class=\"wp-block-paragraph\">Posiblemente sea la madrugada la hora del d\u00eda que m\u00e1s se parece al invierno. La luz es apenas penumbra y la materia del mundo adquiere unos tonos azulados llenos de misterio y expectativa, a mitad de camino entre la noche y el d\u00eda.<\/p>\n\n\n\n<p class=\"wp-block-paragraph\">Esa luz azulada de la madrugada la represent\u00f3 genialmente Ludvig Karsten en el cuadro <em>La cocina azul<\/em>  que encabeza este texto o, en una escena exterior, el pintor canadiense Maurice Cullen en la obra <em>Moret, winter<\/em>.<\/p>\n\n\n\n<p class=\"wp-block-paragraph\">La oscuridad invernal convertida en luz azul. Ocurre cuando un ciego recupera parcialmente la visi\u00f3n. Le sucedi\u00f3 al pintor noruego Jakob Weidemann. Durante los meses que particip\u00f3 en la resistencia partisana contra la ocupaci\u00f3n nazi sufri\u00f3 heridas que le dejaron ciego.<\/p>\n\n\n<div class=\"wp-block-image\">\n<figure class=\"aligncenter size-full\"><img loading=\"lazy\" decoding=\"async\" width=\"1800\" height=\"1453\" src=\"https:\/\/primerborrador.es\/wp-content\/uploads\/2022\/12\/Interior-by-Jakob-Weidemann-2.jpg\" alt=\"Painting Interior by Jakob Weidemann\" class=\"wp-image-1799\" srcset=\"https:\/\/primerborrador.es\/wp-content\/uploads\/2022\/12\/Interior-by-Jakob-Weidemann-2.jpg 1800w, https:\/\/primerborrador.es\/wp-content\/uploads\/2022\/12\/Interior-by-Jakob-Weidemann-2-768x620.jpg 768w, https:\/\/primerborrador.es\/wp-content\/uploads\/2022\/12\/Interior-by-Jakob-Weidemann-2-1536x1240.jpg 1536w\" sizes=\"auto, (max-width: 1800px) 100vw, 1800px\" \/><figcaption class=\"wp-element-caption\">Interior &#8211; Jakob Weidemann (2)<\/figcaption><\/figure>\n<\/div>\n\n\n<p class=\"wp-block-paragraph\">Tiempo despu\u00e9s, el artista recuper\u00f3 parte de la visi\u00f3n del ojo izquierdo, lo que influy\u00f3 de forma decisiva en su obra. Los interiores azules, brillantes en sus tonalidades oscuras, marcaron parte de su obra a partir de entonces.<\/p>\n\n\n\n<p class=\"wp-block-paragraph\">No existe, sin embargo, en la paleta del pintor, un color azul madrugada. Hay nombres muy curiosos en el arcoiris particular de matices que forman la paleta de un artista, varios de ellos creadores de tonos singulares. Pero nadie ha bautizado a\u00fan un color con ese nombre.<\/p>\n\n\n\n<h5 class=\"wp-block-heading\"><strong>P\u00farpura ca\u00f1ailla<\/strong><\/h5>\n\n\n\n<p class=\"wp-block-paragraph\">Hay nombres curiosos como el <em>Alice blue<\/em>, preferido por Alice Roosvelt la pintora e hija del presidente de los Estados Unidos Theodore Roosvelt; el <em>Azul pizarra<\/em>, tambi\u00e9n conocido como <em>Gris de Payne<\/em>, que debe su nombre al acuarelista brit\u00e1nico William Payne.<\/p>\n\n\n\n<p class=\"wp-block-paragraph\">Otros colores que se apellidan como sus creadores son el <em>Gris de Davy<\/em> o el <em>P\u00farpura de Perkin<\/em>, este bastante m\u00e1s claro que el c\u00e9lebre, en la antiguedad, <em>P\u00farpura de Tiro<\/em>, creado por los fenicios de este enclave mediterr\u00e1neo con el pigmento extraido de las ca\u00f1aillas (Bolinus brandaris).<\/p>\n\n\n\n<p class=\"wp-block-paragraph\">Los azules parecen tener mucho car\u00e1cter glamuroso: el artista franc\u00e9s Jacques Majorelle pint\u00f3 su villa en Marraquech con un tono de azul que acab\u00f3 recibiendo su apellido, el <em>Azul Majorelle<\/em>.<\/p>\n\n\n\n<p class=\"wp-block-paragraph\">Pero si de glamur se trata, nada como el <em>Azul Tiffany<\/em>, asociado a la famosa joyer\u00eda neoyorkina en torno a la que gira la novela <em>Desayuno con Diamantes<\/em> de Truman Capote y la posterior pel\u00edcula de Blake Edwards. \u00bfC\u00f3mo olvidar ese final bajo la lluvia, preludio del invierno en Nueva York?<\/p>\n","protected":false},"excerpt":{"rendered":"<p>El invierno siempre atrajo a creadores de todas las disciplinas art\u00edsticas que eligieron esta \u00e9poca del a\u00f1o como parte de su creaci\u00f3n. El texto que sigue es un recorrido a trav\u00e9s de algunas obras inspiradas en el invierno usando como gu\u00eda cuatro colores ligados a la estaci\u00f3n: el blanco (el agua), el gris (el fuego),&hellip;&nbsp;<a href=\"https:\/\/primerborrador.es\/index.php\/2023\/01\/03\/los-colores-del-invierno\/\" rel=\"bookmark\">Leer m\u00e1s &raquo;<span class=\"screen-reader-text\">Los colores del invierno<\/span><\/a><\/p>\n","protected":false},"author":1,"featured_media":1790,"comment_status":"open","ping_status":"closed","sticky":false,"template":"","format":"standard","meta":{"neve_meta_sidebar":"","neve_meta_container":"","neve_meta_enable_content_width":"","neve_meta_content_width":0,"neve_meta_title_alignment":"","neve_meta_author_avatar":"","neve_post_elements_order":"","neve_meta_disable_header":"","neve_meta_disable_footer":"","neve_meta_disable_title":"","_ayudawp_aiss_exclude":false,"_ayudawp_aiss_exclude_summary":false,"_ayudawp_aiss_summary":"","_ayudawp_aiss_summary_provider":"","_ayudawp_aiss_summary_hash":"","footnotes":""},"categories":[11,4],"tags":[21,320,319,95,49],"class_list":["post-1780","post","type-post","status-publish","format-standard","has-post-thumbnail","hentry","category-arte","category-cronicas","tag-arte","tag-colores","tag-invierno","tag-literatura","tag-musica"],"yoast_head":"<!-- This site is optimized with the Yoast SEO plugin v28.3 - https:\/\/yoast.com\/product\/yoast-seo-wordpress\/ -->\n<title>Los colores del invierno - Primer borrador<\/title>\n<meta name=\"description\" content=\"Un recorrido por algunas obras de arte, libros y m\u00fasica inspirados en el invierno usando como gu\u00eda los colores blanco, gris, siena, y azul.\" \/>\n<meta name=\"robots\" content=\"index, follow, max-snippet:-1, max-image-preview:large, max-video-preview:-1\" \/>\n<link rel=\"canonical\" href=\"https:\/\/primerborrador.es\/index.php\/2023\/01\/03\/los-colores-del-invierno\/\" \/>\n<meta property=\"og:locale\" content=\"es_ES\" \/>\n<meta property=\"og:type\" content=\"article\" \/>\n<meta property=\"og:title\" content=\"Los colores del invierno - Primer borrador\" \/>\n<meta property=\"og:description\" content=\"Un recorrido por algunas obras de arte, libros y m\u00fasica inspirados en el invierno usando como gu\u00eda los colores blanco, gris, siena, y azul.\" \/>\n<meta property=\"og:url\" content=\"https:\/\/primerborrador.es\/index.php\/2023\/01\/03\/los-colores-del-invierno\/\" \/>\n<meta property=\"og:site_name\" content=\"Primer borrador\" \/>\n<meta property=\"article:published_time\" content=\"2023-01-03T07:50:57+00:00\" \/>\n<meta property=\"article:modified_time\" content=\"2025-01-16T10:53:15+00:00\" \/>\n<meta property=\"og:image\" content=\"https:\/\/primerborrador.es\/wp-content\/uploads\/2022\/12\/The-blue-kitchen-by-Ludvig-Karsten.jpg\" \/>\n\t<meta property=\"og:image:width\" content=\"2400\" \/>\n\t<meta property=\"og:image:height\" content=\"1863\" \/>\n\t<meta property=\"og:image:type\" content=\"image\/jpeg\" \/>\n<meta name=\"author\" content=\"Santiago P\u00e9rez\" \/>\n<script type=\"application\/ld+json\" class=\"yoast-schema-graph\">{\"@context\":\"https:\\\/\\\/schema.org\",\"@graph\":[{\"@type\":\"Article\",\"@id\":\"https:\\\/\\\/primerborrador.es\\\/index.php\\\/2023\\\/01\\\/03\\\/los-colores-del-invierno\\\/#article\",\"isPartOf\":{\"@id\":\"https:\\\/\\\/primerborrador.es\\\/index.php\\\/2023\\\/01\\\/03\\\/los-colores-del-invierno\\\/\"},\"author\":{\"name\":\"Santiago P\u00e9rez\",\"@id\":\"https:\\\/\\\/primerborrador.es\\\/#\\\/schema\\\/person\\\/39b8af43fb1e2774f05a0812a8f21bbc\"},\"headline\":\"Los colores del invierno\",\"datePublished\":\"2023-01-03T07:50:57+00:00\",\"dateModified\":\"2025-01-16T10:53:15+00:00\",\"mainEntityOfPage\":{\"@id\":\"https:\\\/\\\/primerborrador.es\\\/index.php\\\/2023\\\/01\\\/03\\\/los-colores-del-invierno\\\/\"},\"wordCount\":1885,\"commentCount\":0,\"publisher\":{\"@id\":\"https:\\\/\\\/primerborrador.es\\\/#\\\/schema\\\/person\\\/39b8af43fb1e2774f05a0812a8f21bbc\"},\"image\":{\"@id\":\"https:\\\/\\\/primerborrador.es\\\/index.php\\\/2023\\\/01\\\/03\\\/los-colores-del-invierno\\\/#primaryimage\"},\"thumbnailUrl\":\"https:\\\/\\\/primerborrador.es\\\/wp-content\\\/uploads\\\/2022\\\/12\\\/The-blue-kitchen-by-Ludvig-Karsten.jpg\",\"keywords\":[\"arte\",\"colores\",\"invierno\",\"literatura\",\"musica\"],\"articleSection\":[\"Arte\",\"Cr\u00f3nicas\"],\"inLanguage\":\"es\",\"potentialAction\":[{\"@type\":\"CommentAction\",\"name\":\"Comment\",\"target\":[\"https:\\\/\\\/primerborrador.es\\\/index.php\\\/2023\\\/01\\\/03\\\/los-colores-del-invierno\\\/#respond\"]}]},{\"@type\":\"WebPage\",\"@id\":\"https:\\\/\\\/primerborrador.es\\\/index.php\\\/2023\\\/01\\\/03\\\/los-colores-del-invierno\\\/\",\"url\":\"https:\\\/\\\/primerborrador.es\\\/index.php\\\/2023\\\/01\\\/03\\\/los-colores-del-invierno\\\/\",\"name\":\"Los colores del invierno - Primer borrador\",\"isPartOf\":{\"@id\":\"https:\\\/\\\/primerborrador.es\\\/#website\"},\"primaryImageOfPage\":{\"@id\":\"https:\\\/\\\/primerborrador.es\\\/index.php\\\/2023\\\/01\\\/03\\\/los-colores-del-invierno\\\/#primaryimage\"},\"image\":{\"@id\":\"https:\\\/\\\/primerborrador.es\\\/index.php\\\/2023\\\/01\\\/03\\\/los-colores-del-invierno\\\/#primaryimage\"},\"thumbnailUrl\":\"https:\\\/\\\/primerborrador.es\\\/wp-content\\\/uploads\\\/2022\\\/12\\\/The-blue-kitchen-by-Ludvig-Karsten.jpg\",\"datePublished\":\"2023-01-03T07:50:57+00:00\",\"dateModified\":\"2025-01-16T10:53:15+00:00\",\"description\":\"Un recorrido por algunas obras de arte, libros y m\u00fasica inspirados en el invierno usando como gu\u00eda los colores blanco, gris, siena, y azul.\",\"breadcrumb\":{\"@id\":\"https:\\\/\\\/primerborrador.es\\\/index.php\\\/2023\\\/01\\\/03\\\/los-colores-del-invierno\\\/#breadcrumb\"},\"inLanguage\":\"es\",\"potentialAction\":[{\"@type\":\"ReadAction\",\"target\":[\"https:\\\/\\\/primerborrador.es\\\/index.php\\\/2023\\\/01\\\/03\\\/los-colores-del-invierno\\\/\"]}]},{\"@type\":\"ImageObject\",\"inLanguage\":\"es\",\"@id\":\"https:\\\/\\\/primerborrador.es\\\/index.php\\\/2023\\\/01\\\/03\\\/los-colores-del-invierno\\\/#primaryimage\",\"url\":\"https:\\\/\\\/primerborrador.es\\\/wp-content\\\/uploads\\\/2022\\\/12\\\/The-blue-kitchen-by-Ludvig-Karsten.jpg\",\"contentUrl\":\"https:\\\/\\\/primerborrador.es\\\/wp-content\\\/uploads\\\/2022\\\/12\\\/The-blue-kitchen-by-Ludvig-Karsten.jpg\",\"width\":2400,\"height\":1863,\"caption\":\"The blue kitchen by Ludvig Karsten\"},{\"@type\":\"BreadcrumbList\",\"@id\":\"https:\\\/\\\/primerborrador.es\\\/index.php\\\/2023\\\/01\\\/03\\\/los-colores-del-invierno\\\/#breadcrumb\",\"itemListElement\":[{\"@type\":\"ListItem\",\"position\":1,\"name\":\"Home\",\"item\":\"https:\\\/\\\/primerborrador.es\\\/\"},{\"@type\":\"ListItem\",\"position\":2,\"name\":\"Los colores del invierno\"}]},{\"@type\":\"WebSite\",\"@id\":\"https:\\\/\\\/primerborrador.es\\\/#website\",\"url\":\"https:\\\/\\\/primerborrador.es\\\/\",\"name\":\"Primer borrador\",\"description\":\"Revista mensual de arte, literatura y jazz\",\"publisher\":{\"@id\":\"https:\\\/\\\/primerborrador.es\\\/#\\\/schema\\\/person\\\/39b8af43fb1e2774f05a0812a8f21bbc\"},\"potentialAction\":[{\"@type\":\"SearchAction\",\"target\":{\"@type\":\"EntryPoint\",\"urlTemplate\":\"https:\\\/\\\/primerborrador.es\\\/?s={search_term_string}\"},\"query-input\":{\"@type\":\"PropertyValueSpecification\",\"valueRequired\":true,\"valueName\":\"search_term_string\"}}],\"inLanguage\":\"es\"},{\"@type\":[\"Person\",\"Organization\"],\"@id\":\"https:\\\/\\\/primerborrador.es\\\/#\\\/schema\\\/person\\\/39b8af43fb1e2774f05a0812a8f21bbc\",\"name\":\"Santiago P\u00e9rez\",\"image\":{\"@type\":\"ImageObject\",\"inLanguage\":\"es\",\"@id\":\"https:\\\/\\\/primerborrador.es\\\/wp-content\\\/uploads\\\/2021\\\/02\\\/cropped-feather1-e1621103417910.png\",\"url\":\"https:\\\/\\\/primerborrador.es\\\/wp-content\\\/uploads\\\/2021\\\/02\\\/cropped-feather1-e1621103417910.png\",\"contentUrl\":\"https:\\\/\\\/primerborrador.es\\\/wp-content\\\/uploads\\\/2021\\\/02\\\/cropped-feather1-e1621103417910.png\",\"width\":256,\"height\":256,\"caption\":\"Santiago P\u00e9rez\"},\"logo\":{\"@id\":\"https:\\\/\\\/primerborrador.es\\\/wp-content\\\/uploads\\\/2021\\\/02\\\/cropped-feather1-e1621103417910.png\"},\"description\":\"Periodista. Escribo, desde Cadiz, sobre lo que me interesa: arte contempor\u00e1neo, literatura y m\u00fasica. Creo en la libertad de contar. Y tambi\u00e9n en la de elegir lo que quiero y no quiero leer.\",\"sameAs\":[\"https:\\\/\\\/primerborrador.es\"],\"url\":\"https:\\\/\\\/primerborrador.es\\\/index.php\\\/author\\\/santiagomperezm\\\/\"}]}<\/script>\n<!-- \/ Yoast SEO plugin. -->","yoast_head_json":{"title":"Los colores del invierno - Primer borrador","description":"Un recorrido por algunas obras de arte, libros y m\u00fasica inspirados en el invierno usando como gu\u00eda los colores blanco, gris, siena, y azul.","robots":{"index":"index","follow":"follow","max-snippet":"max-snippet:-1","max-image-preview":"max-image-preview:large","max-video-preview":"max-video-preview:-1"},"canonical":"https:\/\/primerborrador.es\/index.php\/2023\/01\/03\/los-colores-del-invierno\/","og_locale":"es_ES","og_type":"article","og_title":"Los colores del invierno - Primer borrador","og_description":"Un recorrido por algunas obras de arte, libros y m\u00fasica inspirados en el invierno usando como gu\u00eda los colores blanco, gris, siena, y azul.","og_url":"https:\/\/primerborrador.es\/index.php\/2023\/01\/03\/los-colores-del-invierno\/","og_site_name":"Primer borrador","article_published_time":"2023-01-03T07:50:57+00:00","article_modified_time":"2025-01-16T10:53:15+00:00","og_image":[{"url":"https:\/\/primerborrador.es\/wp-content\/uploads\/2022\/12\/The-blue-kitchen-by-Ludvig-Karsten.jpg","width":2400,"height":1863,"type":"image\/jpeg"}],"author":"Santiago P\u00e9rez","schema":{"@context":"https:\/\/schema.org","@graph":[{"@type":"Article","@id":"https:\/\/primerborrador.es\/index.php\/2023\/01\/03\/los-colores-del-invierno\/#article","isPartOf":{"@id":"https:\/\/primerborrador.es\/index.php\/2023\/01\/03\/los-colores-del-invierno\/"},"author":{"name":"Santiago P\u00e9rez","@id":"https:\/\/primerborrador.es\/#\/schema\/person\/39b8af43fb1e2774f05a0812a8f21bbc"},"headline":"Los colores del invierno","datePublished":"2023-01-03T07:50:57+00:00","dateModified":"2025-01-16T10:53:15+00:00","mainEntityOfPage":{"@id":"https:\/\/primerborrador.es\/index.php\/2023\/01\/03\/los-colores-del-invierno\/"},"wordCount":1885,"commentCount":0,"publisher":{"@id":"https:\/\/primerborrador.es\/#\/schema\/person\/39b8af43fb1e2774f05a0812a8f21bbc"},"image":{"@id":"https:\/\/primerborrador.es\/index.php\/2023\/01\/03\/los-colores-del-invierno\/#primaryimage"},"thumbnailUrl":"https:\/\/primerborrador.es\/wp-content\/uploads\/2022\/12\/The-blue-kitchen-by-Ludvig-Karsten.jpg","keywords":["arte","colores","invierno","literatura","musica"],"articleSection":["Arte","Cr\u00f3nicas"],"inLanguage":"es","potentialAction":[{"@type":"CommentAction","name":"Comment","target":["https:\/\/primerborrador.es\/index.php\/2023\/01\/03\/los-colores-del-invierno\/#respond"]}]},{"@type":"WebPage","@id":"https:\/\/primerborrador.es\/index.php\/2023\/01\/03\/los-colores-del-invierno\/","url":"https:\/\/primerborrador.es\/index.php\/2023\/01\/03\/los-colores-del-invierno\/","name":"Los colores del invierno - Primer borrador","isPartOf":{"@id":"https:\/\/primerborrador.es\/#website"},"primaryImageOfPage":{"@id":"https:\/\/primerborrador.es\/index.php\/2023\/01\/03\/los-colores-del-invierno\/#primaryimage"},"image":{"@id":"https:\/\/primerborrador.es\/index.php\/2023\/01\/03\/los-colores-del-invierno\/#primaryimage"},"thumbnailUrl":"https:\/\/primerborrador.es\/wp-content\/uploads\/2022\/12\/The-blue-kitchen-by-Ludvig-Karsten.jpg","datePublished":"2023-01-03T07:50:57+00:00","dateModified":"2025-01-16T10:53:15+00:00","description":"Un recorrido por algunas obras de arte, libros y m\u00fasica inspirados en el invierno usando como gu\u00eda los colores blanco, gris, siena, y azul.","breadcrumb":{"@id":"https:\/\/primerborrador.es\/index.php\/2023\/01\/03\/los-colores-del-invierno\/#breadcrumb"},"inLanguage":"es","potentialAction":[{"@type":"ReadAction","target":["https:\/\/primerborrador.es\/index.php\/2023\/01\/03\/los-colores-del-invierno\/"]}]},{"@type":"ImageObject","inLanguage":"es","@id":"https:\/\/primerborrador.es\/index.php\/2023\/01\/03\/los-colores-del-invierno\/#primaryimage","url":"https:\/\/primerborrador.es\/wp-content\/uploads\/2022\/12\/The-blue-kitchen-by-Ludvig-Karsten.jpg","contentUrl":"https:\/\/primerborrador.es\/wp-content\/uploads\/2022\/12\/The-blue-kitchen-by-Ludvig-Karsten.jpg","width":2400,"height":1863,"caption":"The blue kitchen by Ludvig Karsten"},{"@type":"BreadcrumbList","@id":"https:\/\/primerborrador.es\/index.php\/2023\/01\/03\/los-colores-del-invierno\/#breadcrumb","itemListElement":[{"@type":"ListItem","position":1,"name":"Home","item":"https:\/\/primerborrador.es\/"},{"@type":"ListItem","position":2,"name":"Los colores del invierno"}]},{"@type":"WebSite","@id":"https:\/\/primerborrador.es\/#website","url":"https:\/\/primerborrador.es\/","name":"Primer borrador","description":"Revista mensual de arte, literatura y jazz","publisher":{"@id":"https:\/\/primerborrador.es\/#\/schema\/person\/39b8af43fb1e2774f05a0812a8f21bbc"},"potentialAction":[{"@type":"SearchAction","target":{"@type":"EntryPoint","urlTemplate":"https:\/\/primerborrador.es\/?s={search_term_string}"},"query-input":{"@type":"PropertyValueSpecification","valueRequired":true,"valueName":"search_term_string"}}],"inLanguage":"es"},{"@type":["Person","Organization"],"@id":"https:\/\/primerborrador.es\/#\/schema\/person\/39b8af43fb1e2774f05a0812a8f21bbc","name":"Santiago P\u00e9rez","image":{"@type":"ImageObject","inLanguage":"es","@id":"https:\/\/primerborrador.es\/wp-content\/uploads\/2021\/02\/cropped-feather1-e1621103417910.png","url":"https:\/\/primerborrador.es\/wp-content\/uploads\/2021\/02\/cropped-feather1-e1621103417910.png","contentUrl":"https:\/\/primerborrador.es\/wp-content\/uploads\/2021\/02\/cropped-feather1-e1621103417910.png","width":256,"height":256,"caption":"Santiago P\u00e9rez"},"logo":{"@id":"https:\/\/primerborrador.es\/wp-content\/uploads\/2021\/02\/cropped-feather1-e1621103417910.png"},"description":"Periodista. Escribo, desde Cadiz, sobre lo que me interesa: arte contempor\u00e1neo, literatura y m\u00fasica. Creo en la libertad de contar. Y tambi\u00e9n en la de elegir lo que quiero y no quiero leer.","sameAs":["https:\/\/primerborrador.es"],"url":"https:\/\/primerborrador.es\/index.php\/author\/santiagomperezm\/"}]}},"_links":{"self":[{"href":"https:\/\/primerborrador.es\/index.php\/wp-json\/wp\/v2\/posts\/1780","targetHints":{"allow":["GET"]}}],"collection":[{"href":"https:\/\/primerborrador.es\/index.php\/wp-json\/wp\/v2\/posts"}],"about":[{"href":"https:\/\/primerborrador.es\/index.php\/wp-json\/wp\/v2\/types\/post"}],"author":[{"embeddable":true,"href":"https:\/\/primerborrador.es\/index.php\/wp-json\/wp\/v2\/users\/1"}],"replies":[{"embeddable":true,"href":"https:\/\/primerborrador.es\/index.php\/wp-json\/wp\/v2\/comments?post=1780"}],"version-history":[{"count":0,"href":"https:\/\/primerborrador.es\/index.php\/wp-json\/wp\/v2\/posts\/1780\/revisions"}],"wp:featuredmedia":[{"embeddable":true,"href":"https:\/\/primerborrador.es\/index.php\/wp-json\/wp\/v2\/media\/1790"}],"wp:attachment":[{"href":"https:\/\/primerborrador.es\/index.php\/wp-json\/wp\/v2\/media?parent=1780"}],"wp:term":[{"taxonomy":"category","embeddable":true,"href":"https:\/\/primerborrador.es\/index.php\/wp-json\/wp\/v2\/categories?post=1780"},{"taxonomy":"post_tag","embeddable":true,"href":"https:\/\/primerborrador.es\/index.php\/wp-json\/wp\/v2\/tags?post=1780"}],"curies":[{"name":"wp","href":"https:\/\/api.w.org\/{rel}","templated":true}]}}