{"id":1695,"date":"2022-11-03T10:48:11","date_gmt":"2022-11-03T09:48:11","guid":{"rendered":"https:\/\/primerborrador.es\/?p=1695"},"modified":"2022-11-03T10:48:15","modified_gmt":"2022-11-03T09:48:15","slug":"ben-tarnoff-tenemos-que-encontrar-la-manera-de-disminuir-el-poder-de-que-todo-este-basado-en-el-beneficio","status":"publish","type":"post","link":"https:\/\/primerborrador.es\/index.php\/2022\/11\/03\/ben-tarnoff-tenemos-que-encontrar-la-manera-de-disminuir-el-poder-de-que-todo-este-basado-en-el-beneficio\/","title":{"rendered":"Ben Tarnoff: \u00abTenemos que encontrar la manera de disminuir el poder de que todo est\u00e9 basado en el beneficio\u00bb"},"content":{"rendered":"\n<p class=\"wp-block-paragraph\">Entrevista realizada para <a href=\"https:\/\/www.eldiario.es\/tecnologia\/ben-tarnoff-posible-revertir-privatizacion-extrema-internet_128_9624427.html\" target=\"_blank\" rel=\"noreferrer noopener\">eldiario.es<\/a> por <a href=\"https:\/\/twitter.com\/@cdelcastillom\" target=\"_blank\" rel=\"noreferrer noopener nofollow\">Carlos del Castillo<\/a> \/ <a href=\"https:\/\/creativecommons.org\/licenses\/by-nc\/4.0\/deed.es\" target=\"_blank\" rel=\"noreferrer noopener nofollow\">cc-by-nc<\/a><\/p>\n\n\n\n<hr class=\"wp-block-separator has-alpha-channel-opacity\"\/>\n\n\n\n<p class=\"wp-block-paragraph\">Con su universo de servicios que se pueden usar sin pagar, el Internet actual camufla muy bien el hecho de que se trata de una infraestructura radicalmente privada, desde su sost\u00e9n f\u00edsico a la capa digital. <a href=\"https:\/\/www.bentarnoff.com\/\" target=\"_blank\" rel=\"noreferrer noopener\">Ben Tarnoff (Washington, 1978)<\/a> usa habitualmente la met\u00e1fora del centro comercial para describirla. S\u00ed, entrar es gratis, pero una vez dentro absolutamente todo est\u00e1 pensado para extraer beneficios de las personas.<\/p>\n\n\n\n<p class=\"wp-block-paragraph\">Tarnoff defiende que el \u00e1nimo de lucro que rige en las empresas que han dado forma a Internet ha terminado por romper la red. El auge de la propaganda de extrema derecha, la p\u00e9rdida de privacidad o la transformaci\u00f3n de los individuos en conjuntos de datos de los que extraer informaci\u00f3n para venderles cosas son ejemplos de ello. Pero Internet no siempre fue as\u00ed.<\/p>\n\n\n<div class=\"wp-block-image\">\n<figure class=\"aligncenter size-full\"><img loading=\"lazy\" decoding=\"async\" width=\"1024\" height=\"682\" src=\"https:\/\/primerborrador.es\/wp-content\/uploads\/2022\/10\/Ben-Tarnoff-by-Claudia-Lopez-DecidimFest.jpg\" alt=\"Imagen de Ben Tarnoff\" class=\"wp-image-1701\" srcset=\"https:\/\/primerborrador.es\/wp-content\/uploads\/2022\/10\/Ben-Tarnoff-by-Claudia-Lopez-DecidimFest.jpg 1024w, https:\/\/primerborrador.es\/wp-content\/uploads\/2022\/10\/Ben-Tarnoff-by-Claudia-Lopez-DecidimFest-768x512.jpg 768w, https:\/\/primerborrador.es\/wp-content\/uploads\/2022\/10\/Ben-Tarnoff-by-Claudia-Lopez-DecidimFest-930x620.jpg 930w\" sizes=\"auto, (max-width: 1024px) 100vw, 1024px\" \/><figcaption class=\"wp-element-caption\">Ben Tarnoff. ? Claudia L\u00f3pez &#8211; <a href=\"https:\/\/meta.decidim.org\/\" target=\"_blank\" rel=\"noreferrer noopener nofollow\">DecidimFest<\/a><\/figcaption><\/figure>\n<\/div>\n\n\n<p class=\"wp-block-paragraph\">En <em>Internet for the People (Verso)<\/em>, este trabajador de la industria tecnol\u00f3gica y colaborador de varios medios de comunicaci\u00f3n cuenta la historia de esa crisis y da una clave para solucionarla: desprivatizar Internet y construir estructuras que gobiernen las personas. \u201cTenemos que encontrar la manera de disminuir el poder del \u00e1nimo de lucro, de reducir el espacio del mercado y de crear modelos de propiedad p\u00fablica y cooperativa que nos permitan codificar pr\u00e1cticas de control democr\u00e1tico real\u201d, pide en entrevista con elDiario.es Tarnoff, que visit\u00f3 recientemente Barcelona para participar en el festival de tecnolog\u00edas democr\u00e1ticas de Decidim, una plataforma de participaci\u00f3n digital ciudadana impulsada por el Ayuntamiento de la ciudad y la UE.<\/p>\n\n\n\n<h5 class=\"wp-block-heading\"><strong>En su libro explica que la privatizaci\u00f3n ha roto Internet. \u00bfC\u00f3mo pas\u00f3?<\/strong><\/h5>\n\n\n\n<p class=\"wp-block-paragraph\">Para entender c\u00f3mo fue la privatizaci\u00f3n, tenemos que entender qu\u00e9 era Internet antes de la privatizaci\u00f3n. Internet fue creada por investigadores militares estadounidenses en la d\u00e9cada de 1970 con el fin de proyectar la potencia de c\u00e1lculo en el extranjero para ayudar a los militares estadounidenses a ganar guerras. Pero no se utiliz\u00f3 con ese prop\u00f3sito, sino que se termin\u00f3 utilizando para interconectar diferentes redes inform\u00e1ticas propiedad del ej\u00e9rcito. Despu\u00e9s Internet pasa de manos militares a civiles y queda bajo el control de la Fundaci\u00f3n Nacional de la Ciencia, que es una agencia del Gobierno estadounidense encargada de apoyar la investigaci\u00f3n.<\/p>\n\n\n\n<p class=\"wp-block-paragraph\">La privatizaci\u00f3n era el plan desde el principio. El gobierno de EEUU no ten\u00eda intenci\u00f3n de gestionar Internet indefinidamente. Sab\u00eda que Internet pasar\u00eda a manos privadas. La cuesti\u00f3n siempre fue c\u00f3mo y cu\u00e1ndo. A principios de los a\u00f1os noventa, la Fundaci\u00f3n Nacional de la Ciencia decide acelerar el ritmo de la privatizaci\u00f3n porque la demanda de Internet crece pero la capacidad era bastante limitada. La agencia considera que la \u00fanica manera de satisfacer el creciente apetito de la gente por conectarse es que Internet pase a manos privadas, lo que a su vez estimular\u00eda la inversi\u00f3n.<\/p>\n\n\n\n<p class=\"wp-block-paragraph\">As\u00ed que lo que sucede es una secuencia de eventos que culminan en abril de 1995, momento en el que la Fundaci\u00f3n Nacional de la Ciencia pone fin a su columna vertebral, una pieza central de la infraestructura de Internet llamada NSSF Net, que hab\u00eda gestionado hasta ese momento, e Internet, espec\u00edficamente su infraestructura f\u00edsica, se privatiza.<\/p>\n\n\n\n<h5 class=\"wp-block-heading\"><strong>\u00bfNo qued\u00f3 ning\u00fan espacio libre de la privatizaci\u00f3n?<\/strong><\/h5>\n\n\n\n<p class=\"wp-block-paragraph\">La privatizaci\u00f3n en la d\u00e9cada de 1990 se produjo sin condiciones. Sin ninguna compensaci\u00f3n, sin ning\u00fan punto de apoyo federal duradero en la nueva Internet, sin ning\u00fan espacio asignado a usos no comerciales, etc. No es porque no hubiera propuestas alternativas a la privatizaci\u00f3n extrema, sino que la industria de las telecomunicaciones ejerci\u00f3 una influencia muy profunda sobre el proceso. Asegur\u00f3 una dictadura corporativa total sobre la infraestructura de Internet.<\/p>\n\n\n\n<p class=\"wp-block-paragraph\">En mi libro, sostengo que la privatizaci\u00f3n debe verse como un proceso y no como un acontecimiento. 1995 es un punto de inflexi\u00f3n importante en ese proceso pero despu\u00e9s la privatizaci\u00f3n sigui\u00f3 extendi\u00e9ndose por la capa digital. Ah\u00ed tenemos que ver el boom de las puntocom, el aumento de las plataformas, la creaci\u00f3n de Google, Facebook y dem\u00e1s como parte de este proceso m\u00e1s largo de la privatizaci\u00f3n de Internet.<\/p>\n\n\n\n<h5 class=\"wp-block-heading\"><strong>\u00bfC\u00f3mo ha afectado esta privatizaci\u00f3n extrema a la vida de la gente?<\/strong><\/h5>\n\n\n\n<p class=\"wp-block-paragraph\">Esa es una gran pregunta. Gran parte del libro est\u00e1 dedicado a tratar de entender cu\u00e1l ha sido el legado de la privatizaci\u00f3n. Divido mi respuesta en dos partes, que son, a grandes rasgos, las dos capas de Internet. Por un lado la infraestructura f\u00edsica, la maquinaria, los cables que se encargan de mover los paquetes de datos de un lugar a otro. Y luego las llamadas plataformas, las webs, las aplicaciones, el lugar donde experimentamos Internet. Cuando hablamos del legado de la privatizaci\u00f3n, tenemos que responder a esa pregunta dependiendo de la capa de Internet de la que estemos hablando.<\/p>\n\n\n\n<p class=\"wp-block-paragraph\">A nivel de infraestructura los contextos nacionales var\u00edan mucho, pero en Estados Unidos, el legado de la privatizaci\u00f3n ha sido desastroso. Estados Unidos tiene uno de los servicios de banda ancha m\u00e1s caros a cambio de uno de los peores conexiones del mundo. Ocupa el puesto 14 en cuanto a velocidad media de Internet, por debajo de Tailandia y Hungr\u00eda. En 2018, un estudio de Microsoft descubri\u00f3 que 162 millones de estadounidenses no acceden a Internet a velocidades de banda ancha, lo que supone casi la mitad del pa\u00eds.<\/p>\n\n\n\n<p class=\"has-nv-light-bg-background-color has-background wp-block-paragraph\">Las empresas de telecomunicaciones est\u00e1n todas m\u00e1s o menos en el mismo negocio, pero los modelos de negocio y la composici\u00f3n t\u00e9cnica de la capa digital, los Amazon, Facebook o Uber, son bastante diferentes. Creo que es justo decir que estas plataformas digitales son m\u00e1quinas de desigualdad. Tienden a concentrar las recompensas en pocas manos y a repartir los peligros ampliamente. Lo hacen de diversas maneras. <\/p>\n\n\n\n<p class=\"wp-block-paragraph\">Podr\u00edamos pensar en una empresa como Uber, que facilita la explotaci\u00f3n de los trabajadores y que ha diezmado con \u00e9xito lo que antes era una profesi\u00f3n de clase media-baja de la industria del taxi, a la que ha sustituido por una que est\u00e1 compuesta en su mayor\u00eda por personas que ganan salarios de pobreza o cercanos a la pobreza. Tambi\u00e9n opera a nivel de nuestro entorno informativo. As\u00ed que en el libro exploro las formas en que una empresa como Google o Facebook contribuyen a la proliferaci\u00f3n de la propaganda reaccionaria, del fanatismo, del racismo y de otras opresiones.<\/p>\n\n\n\n<h5 class=\"wp-block-heading\"><strong>\u00bfHay alguna forma de revertirlo a estas alturas? \u00bfEstamos atrapados en el Internet privatizado?<\/strong><\/h5>\n\n\n\n<p class=\"wp-block-paragraph\">Nunca estamos verdaderamente atrapados. Es posible revertir esa privatizaci\u00f3n extrema. Creo que la conversaci\u00f3n sobre la reforma tecnol\u00f3gica es bastante interesante. En Europa est\u00e1 un poco m\u00e1s avanzada que en EEUU. En t\u00e9rminos generales, hay dos corrientes. Una es la reglamentaria: se basa en que tenemos que redactar nuevas normas sobre c\u00f3mo pueden operar estas empresas y hacer que cumplan las existentes. El GDPR [Reglamento General de Protecci\u00f3n de Datos de la UE] ser\u00eda un ejemplo de esto. La segunda vertiente de la reforma busca desafiar el poder de mercado de estas empresas leyes antimonopolio y regulaciones como la Directiva de Mercados Digitales aqu\u00ed en Europa.<\/p>\n\n\n\n<p class=\"has-nv-light-bg-background-color has-background wp-block-paragraph\">En el libro, ofrezco un apoyo cr\u00edtico a estas dos corrientes de reforma tecnol\u00f3gica. Creo que es evidente que necesitamos una regulaci\u00f3n m\u00e1s estricta de estas empresas, y creo que tambi\u00e9n debemos cuestionar su poder de mercado. Pero, en mi opini\u00f3n, no conseguiremos una Internet mejor con mercados m\u00e1s competitivos y m\u00e1s regulados porque el problema es el propio mercado. Tenemos que encontrar la manera de disminuir el poder de que todo est\u00e9 basado en el beneficio, de reducir el espacio del mercado y de crear modelos de propiedad p\u00fablica y cooperativa que nos permitan codificar pr\u00e1cticas de control democr\u00e1tico real. Y eso suena un poco elevado, pero hay una serie de ejemplos bastante concretos de iniciativas alternativas que ya ponen en pr\u00e1ctica estos principios.<\/p>\n\n\n\n<p class=\"wp-block-paragraph\">(Contin\u00faa en la p\u00e1gina 2)<\/p>\n\n\n\n<!--nextpage-->\n\n\n\n<h5 class=\"wp-block-heading\"><strong>Esas alternativas han tenido m\u00e1s \u00e9xito en la parte de la infraestructura, donde el estado o las cooperativas pueden controlar la parte f\u00edsica. Sin embargo, parece mucho m\u00e1s dif\u00edcil en la parte digital, que desde el principio ha sido completamente privada. \u00bfEs factible un Facebook p\u00fablico?<\/strong><\/h5>\n\n\n\n<p class=\"wp-block-paragraph\">Es muy complicado. Creo que, como indica, es m\u00e1s f\u00e1cil entender c\u00f3mo ser\u00eda la privatizaci\u00f3n a nivel de la infraestructura, porque tanto en Estados Unidos como en Europa tenemos el ejemplo de redes comunitarias que est\u00e1n proporcionando un mejor servicio a un coste menor y en algunos casos nulo para las comunidades. Lo que resulta especialmente atractivo de estas organizaciones no es s\u00f3lo que proporcionan un mejor servicio, sino que dan a los usuarios la oportunidad de participar en las decisiones sobre el despliegue de la infraestructura. <\/p>\n\n\n<div class=\"wp-block-image\">\n<figure class=\"aligncenter size-full\"><img loading=\"lazy\" decoding=\"async\" width=\"1280\" height=\"905\" src=\"https:\/\/primerborrador.es\/wp-content\/uploads\/2022\/10\/Gerd-Altmann-on-Pixabay.jpg\" alt=\"Imagen de internet\" class=\"wp-image-1711\" srcset=\"https:\/\/primerborrador.es\/wp-content\/uploads\/2022\/10\/Gerd-Altmann-on-Pixabay.jpg 1280w, https:\/\/primerborrador.es\/wp-content\/uploads\/2022\/10\/Gerd-Altmann-on-Pixabay-768x543.jpg 768w\" sizes=\"auto, (max-width: 1280px) 100vw, 1280px\" \/><figcaption class=\"wp-element-caption\">? <a href=\"https:\/\/pixabay.com\/es\/users\/geralt-9301\/\" target=\"_blank\" rel=\"noreferrer noopener nofollow\">Gerd Altmann <\/a><\/figcaption><\/figure>\n<\/div>\n\n\n<p class=\"wp-block-paragraph\">En otras palabras, para m\u00ed, la cuesti\u00f3n no es fetichizar la propiedad p\u00fablica o cooperativa, sino pensar en qu\u00e9 nuevos tipos de gobernanza democr\u00e1tica posibilitan esas formas de propiedad. Estoy de acuerdo con usted. A medida que subimos hacia la capa digital la desprivatizaci\u00f3n se convierte en una propuesta menos lineal. En el libro sostengo que necesitamos un enfoque doble. El primero es rodear lo que yo llamo los modelos en l\u00ednea, o lo que podr\u00edamos llamar las plataformas. Reducir su huella. Desafiar su poder. Y para ello, creo que el conjunto de herramientas antimonopolio puede ser muy \u00fatil.<\/p>\n\n\n\n<p class=\"wp-block-paragraph\">Pero tambi\u00e9n tenemos que hacer algo m\u00e1s. Necesitamos construir una constelaci\u00f3n alternativa de instituciones que puedan reclamar el espacio que las plataformas ocupan actualmente. As\u00ed que si piensas en las plataformas como equivalentes en l\u00ednea de los centros comerciales, tenemos que crear grietas en sus recintos y tenemos que sembrar esas grietas con especies invasoras. Hay una serie de comunidades, como la comunidad de la web descentralizada, como las cooperativas y la comunidad de plataformas, como la comunidad en torno a Decidim, que est\u00e1n construyendo experimentos pr\u00e1cticos que intentan responder a esta pregunta de c\u00f3mo ser\u00eda una Internet diferente en la capa de las aplicaciones.<\/p>\n\n\n\n<p class=\"wp-block-paragraph\">Esos experimentos son limitados. Mi opini\u00f3n es que deben ampliarse y que necesitamos un amplio programa p\u00fablico de inversi\u00f3n para que surjan nuevos experimentos. Los espacios en los que surgen estos experimentos son bastante peque\u00f1os, son nichos. Tienden a atraer a una parte concreta de la poblaci\u00f3n. Y para democratizar Internet, para hacer una Internet que funcione para la gente de a pie, la gente de a pie tiene que participar en el dise\u00f1o, el desarrollo y el despliegue de estas tecnolog\u00edas.<\/p>\n\n\n\n<h5 class=\"wp-block-heading\"><strong>\u00bfY qu\u00e9 hacemos con la gente que est\u00e1 c\u00f3moda en el centro comercial? Que est\u00e1 conforme con usar servicios gratuitos a cambio de sus datos y piensa que hay problemas m\u00e1s importantes.<\/strong><\/h5>\n\n\n\n<p class=\"wp-block-paragraph\">Podr\u00eda estar de acuerdo con la opini\u00f3n de que tenemos problemas m\u00e1s importantes&#8230; Lo curioso de escribir este libro es que me ha hecho entender que s\u00f3lo un movimiento social es capaz de construir una Internet mejor. Pero los espacios de este movimiento tienden a estar muy limitados en sus recursos. Tienen que tomar decisiones sobre qu\u00e9 priorizar. Y no estoy seguro de que Internet deba estar en lo m\u00e1s alto de nuestra lista de prioridades. Puedo pensar en el clima como una cuesti\u00f3n algo m\u00e1s apremiante, por ejemplo. <\/p>\n\n\n\n<p class=\"has-nv-light-bg-background-color has-background wp-block-paragraph\">No obstante, Internet es una cuesti\u00f3n que forma parte de todas las dem\u00e1s cuestiones, porque Internet est\u00e1 embebida en todos los aspectos de nuestras vidas. Hay un elemento clim\u00e1tico con Internet, hay un elemento de justicia racial&#8230; Esa puede ser una forma de hacer que la gente se preocupe, porque normalmente se habla de Internet de forma muy aislada. Oh, es s\u00f3lo una colecci\u00f3n de aplicaciones en mi tel\u00e9fono. Pues no, no es as\u00ed. De hecho, tiene implicaciones para la crisis ecol\u00f3gica. Tiene implicaciones para la justicia racial, etc.<\/p>\n\n\n\n<p class=\"wp-block-paragraph\">Sin embargo, creo que esta conversaci\u00f3n se ha vuelto mucho m\u00e1s f\u00e1cil en los \u00faltimos a\u00f1os. Se ha vuelto mucho m\u00e1s f\u00e1cil tratar de explicar a la gente cu\u00e1les son las consecuencias pol\u00edticas del dominio de estas tecnolog\u00edas, porque en la conciencia popular, el papel de Facebook en la degradaci\u00f3n de las normas democr\u00e1ticas est\u00e1 bastante extendido. En realidad, incluso la conciencia de que una empresa como Uber es mala para los trabajadores est\u00e1 muy extendida. As\u00ed que, comparado con hace cinco a\u00f1os, ciertamente hace diez a\u00f1os, es mucho m\u00e1s f\u00e1cil iniciar una conversaci\u00f3n con alguien sobre cu\u00e1les son las pol\u00edticas que esconden estas tecnolog\u00edas.<\/p>\n\n\n\n<p class=\"wp-block-paragraph\">Pero, como se\u00f1ala, estas empresas tienen enormes cantidades de dinero que pueden gastar en cosas como la usabilidad y los experimentos alternativos que he mencionado antes no. As\u00ed que si has intentado usar Mastodon, puedes notar que no funciona tan bien como Twitter.<\/p>\n\n\n\n<h5 class=\"wp-block-heading\"><strong>Como el software de c\u00f3digo abierto<\/strong><\/h5>\n\n\n\n<p class=\"wp-block-paragraph\">El software libre, \u00bfverdad? Este es un problema conocido. Y creo que, de nuevo, por eso la inversi\u00f3n p\u00fablica tiene que tener un papel. Pero ayudar a la gente a entender lo que est\u00e1 en juego pol\u00edticamente en su uso de las diferentes tecnolog\u00edas es un componente cr\u00edtico de cualquier proyecto para mejorar Internet.<\/p>\n\n\n\n<h5 class=\"wp-block-heading\"><strong>En este momento hay varias tecnolog\u00edas que podr\u00edan originar una nueva era de Internet y todas se est\u00e1n desarrollando de manera totalmente privada. Pienso en la inteligencia artificial, el blockchain o incluso el metaverso. \u00bfQu\u00e9 le parece?<\/strong><\/h5>\n\n\n\n<p class=\"wp-block-paragraph\">Es interesante porque gran parte del lenguaje que utilizamos para describir la tecnolog\u00eda nos ha sido legado por las propias empresas tecnol\u00f3gicas. Y eso puede ser un problema porque operamos en su terreno discursivo y su discurso hace un trabajo estrat\u00e9gico para ellos.<\/p>\n\n\n\n<p class=\"wp-block-paragraph\">Creo que blockchain est\u00e1 aqu\u00ed para quedarse. Es una tecnolog\u00eda razonablemente interesante, pero que las implementaciones actuales de la misma no son interesantes. Por ejemplo Bitcoin es lo menos interesante que se puede hacer con blockchain. Pero dejando eso de lado, creo nada de esto va a cambiar la estructura m\u00e1s profunda de internet.<\/p>\n\n\n\n<p class=\"wp-block-paragraph\">Con el metaverso ocurre algo similar. Es esencialmente un cambio de marca de la realidad virtual que pretende describir una especie de Internet inversivo. Puede haber l\u00edneas de negocio rentables que surjan de estas diferentes ideas. Pero dudo que haya algo que reestructure fundamentalmente la arquitectura de Internet o c\u00f3mo se experimenta Internet. No estoy diciendo que eso no vaya a suceder. Inevitablemente, lo har\u00e1. Pero creo que el blockchain y la RV, por poner esos dos ejemplos, no son el veh\u00edculo para ello.<\/p>\n","protected":false},"excerpt":{"rendered":"<p>Entrevista realizada para eldiario.es por Carlos del Castillo \/ cc-by-nc Con su universo de servicios que se pueden usar sin pagar, el Internet actual camufla muy bien el hecho de que se trata de una infraestructura radicalmente privada, desde su sost\u00e9n f\u00edsico a la capa digital. Ben Tarnoff (Washington, 1978) usa habitualmente la met\u00e1fora del&hellip;&nbsp;<a href=\"https:\/\/primerborrador.es\/index.php\/2022\/11\/03\/ben-tarnoff-tenemos-que-encontrar-la-manera-de-disminuir-el-poder-de-que-todo-este-basado-en-el-beneficio\/\" rel=\"bookmark\">Leer m\u00e1s &raquo;<span class=\"screen-reader-text\">Ben Tarnoff: \u00abTenemos que encontrar la manera de disminuir el poder de que todo est\u00e9 basado en el beneficio\u00bb<\/span><\/a><\/p>\n","protected":false},"author":2,"featured_media":0,"comment_status":"open","ping_status":"closed","sticky":false,"template":"","format":"standard","meta":{"neve_meta_sidebar":"","neve_meta_container":"","neve_meta_enable_content_width":"","neve_meta_content_width":0,"neve_meta_title_alignment":"","neve_meta_author_avatar":"","neve_post_elements_order":"[\"thumbnail\",\"title\",\"meta\",\"content\",\"comments\",\"tags\"]","neve_meta_disable_header":"","neve_meta_disable_footer":"","neve_meta_disable_title":"","_ayudawp_aiss_exclude":false,"_ayudawp_aiss_exclude_summary":false,"_ayudawp_aiss_summary":"","_ayudawp_aiss_summary_provider":"","_ayudawp_aiss_summary_hash":"","footnotes":""},"categories":[13,5],"tags":[305,306,307,308],"class_list":["post-1695","post","type-post","status-publish","format-standard","hentry","category-andamios","category-entrevistas","tag-ben-tarnoff","tag-internet","tag-internet-for-the-people","tag-internet-libre"],"yoast_head":"<!-- This site is optimized with the Yoast SEO plugin v28.3 - https:\/\/yoast.com\/product\/yoast-seo-wordpress\/ -->\n<title>Ben Tarnoff: &quot;Tenemos que encontrar la manera de disminuir el poder de que todo est\u00e9 basado en el beneficio&quot; - Primer borrador<\/title>\n<meta name=\"description\" content=\"El autor de &quot;Internet for the people&quot; habla en esta entrevista de la evoluci\u00f3n de internet y c\u00f3mo hacer que sea m\u00e1s justa para los usuarios.\" \/>\n<meta name=\"robots\" content=\"index, follow, max-snippet:-1, max-image-preview:large, max-video-preview:-1\" \/>\n<link rel=\"canonical\" href=\"https:\/\/primerborrador.es\/index.php\/2022\/11\/03\/ben-tarnoff-tenemos-que-encontrar-la-manera-de-disminuir-el-poder-de-que-todo-este-basado-en-el-beneficio\/\" \/>\n<link rel=\"next\" href=\"https:\/\/primerborrador.es\/index.php\/2022\/11\/03\/ben-tarnoff-tenemos-que-encontrar-la-manera-de-disminuir-el-poder-de-que-todo-este-basado-en-el-beneficio\/2\/\" \/>\n<meta property=\"og:locale\" content=\"es_ES\" \/>\n<meta property=\"og:type\" content=\"article\" \/>\n<meta property=\"og:title\" content=\"Ben Tarnoff: &quot;Tenemos que encontrar la manera de disminuir el poder de que todo est\u00e9 basado en el beneficio&quot; - Primer borrador\" \/>\n<meta property=\"og:description\" content=\"El autor de &quot;Internet for the people&quot; habla en esta entrevista de la evoluci\u00f3n de internet y c\u00f3mo hacer que sea m\u00e1s justa para los usuarios.\" \/>\n<meta property=\"og:url\" content=\"https:\/\/primerborrador.es\/index.php\/2022\/11\/03\/ben-tarnoff-tenemos-que-encontrar-la-manera-de-disminuir-el-poder-de-que-todo-este-basado-en-el-beneficio\/\" \/>\n<meta property=\"og:site_name\" content=\"Primer borrador\" \/>\n<meta property=\"article:published_time\" content=\"2022-11-03T09:48:11+00:00\" \/>\n<meta property=\"article:modified_time\" content=\"2022-11-03T09:48:15+00:00\" \/>\n<meta property=\"og:image\" content=\"https:\/\/primerborrador.es\/wp-content\/uploads\/2022\/10\/Ben-Tarnoff-by-Claudia-Lopez-DecidimFest.jpg\" \/>\n<meta name=\"author\" content=\"Redacci\u00f3n\" \/>\n<script type=\"application\/ld+json\" class=\"yoast-schema-graph\">{\"@context\":\"https:\\\/\\\/schema.org\",\"@graph\":[{\"@type\":\"Article\",\"@id\":\"https:\\\/\\\/primerborrador.es\\\/index.php\\\/2022\\\/11\\\/03\\\/ben-tarnoff-tenemos-que-encontrar-la-manera-de-disminuir-el-poder-de-que-todo-este-basado-en-el-beneficio\\\/#article\",\"isPartOf\":{\"@id\":\"https:\\\/\\\/primerborrador.es\\\/index.php\\\/2022\\\/11\\\/03\\\/ben-tarnoff-tenemos-que-encontrar-la-manera-de-disminuir-el-poder-de-que-todo-este-basado-en-el-beneficio\\\/\"},\"author\":{\"name\":\"Redacci\u00f3n\",\"@id\":\"https:\\\/\\\/primerborrador.es\\\/#\\\/schema\\\/person\\\/0492196f9e50f87ef1f6e3ddcaba881e\"},\"headline\":\"Ben Tarnoff: \u00abTenemos que encontrar la manera de disminuir el poder de que todo est\u00e9 basado en el beneficio\u00bb\",\"datePublished\":\"2022-11-03T09:48:11+00:00\",\"dateModified\":\"2022-11-03T09:48:15+00:00\",\"mainEntityOfPage\":{\"@id\":\"https:\\\/\\\/primerborrador.es\\\/index.php\\\/2022\\\/11\\\/03\\\/ben-tarnoff-tenemos-que-encontrar-la-manera-de-disminuir-el-poder-de-que-todo-este-basado-en-el-beneficio\\\/\"},\"wordCount\":2551,\"commentCount\":0,\"publisher\":{\"@id\":\"https:\\\/\\\/primerborrador.es\\\/#\\\/schema\\\/person\\\/39b8af43fb1e2774f05a0812a8f21bbc\"},\"image\":{\"@id\":\"https:\\\/\\\/primerborrador.es\\\/index.php\\\/2022\\\/11\\\/03\\\/ben-tarnoff-tenemos-que-encontrar-la-manera-de-disminuir-el-poder-de-que-todo-este-basado-en-el-beneficio\\\/#primaryimage\"},\"thumbnailUrl\":\"https:\\\/\\\/primerborrador.es\\\/wp-content\\\/uploads\\\/2022\\\/10\\\/Ben-Tarnoff-by-Claudia-Lopez-DecidimFest.jpg\",\"keywords\":[\"ben-tarnoff\",\"internet\",\"internet-for-the-people\",\"internet-libre\"],\"articleSection\":[\"Andamios\",\"Entrevistas\"],\"inLanguage\":\"es\",\"potentialAction\":[{\"@type\":\"CommentAction\",\"name\":\"Comment\",\"target\":[\"https:\\\/\\\/primerborrador.es\\\/index.php\\\/2022\\\/11\\\/03\\\/ben-tarnoff-tenemos-que-encontrar-la-manera-de-disminuir-el-poder-de-que-todo-este-basado-en-el-beneficio\\\/#respond\"]}]},{\"@type\":\"WebPage\",\"@id\":\"https:\\\/\\\/primerborrador.es\\\/index.php\\\/2022\\\/11\\\/03\\\/ben-tarnoff-tenemos-que-encontrar-la-manera-de-disminuir-el-poder-de-que-todo-este-basado-en-el-beneficio\\\/\",\"url\":\"https:\\\/\\\/primerborrador.es\\\/index.php\\\/2022\\\/11\\\/03\\\/ben-tarnoff-tenemos-que-encontrar-la-manera-de-disminuir-el-poder-de-que-todo-este-basado-en-el-beneficio\\\/\",\"name\":\"Ben Tarnoff: \\\"Tenemos que encontrar la manera de disminuir el poder de que todo est\u00e9 basado en el beneficio\\\" - Primer borrador\",\"isPartOf\":{\"@id\":\"https:\\\/\\\/primerborrador.es\\\/#website\"},\"primaryImageOfPage\":{\"@id\":\"https:\\\/\\\/primerborrador.es\\\/index.php\\\/2022\\\/11\\\/03\\\/ben-tarnoff-tenemos-que-encontrar-la-manera-de-disminuir-el-poder-de-que-todo-este-basado-en-el-beneficio\\\/#primaryimage\"},\"image\":{\"@id\":\"https:\\\/\\\/primerborrador.es\\\/index.php\\\/2022\\\/11\\\/03\\\/ben-tarnoff-tenemos-que-encontrar-la-manera-de-disminuir-el-poder-de-que-todo-este-basado-en-el-beneficio\\\/#primaryimage\"},\"thumbnailUrl\":\"https:\\\/\\\/primerborrador.es\\\/wp-content\\\/uploads\\\/2022\\\/10\\\/Ben-Tarnoff-by-Claudia-Lopez-DecidimFest.jpg\",\"datePublished\":\"2022-11-03T09:48:11+00:00\",\"dateModified\":\"2022-11-03T09:48:15+00:00\",\"description\":\"El autor de \\\"Internet for the people\\\" habla en esta entrevista de la evoluci\u00f3n de internet y c\u00f3mo hacer que sea m\u00e1s justa para los usuarios.\",\"inLanguage\":\"es\",\"potentialAction\":[{\"@type\":\"ReadAction\",\"target\":[\"https:\\\/\\\/primerborrador.es\\\/index.php\\\/2022\\\/11\\\/03\\\/ben-tarnoff-tenemos-que-encontrar-la-manera-de-disminuir-el-poder-de-que-todo-este-basado-en-el-beneficio\\\/\"]}]},{\"@type\":\"ImageObject\",\"inLanguage\":\"es\",\"@id\":\"https:\\\/\\\/primerborrador.es\\\/index.php\\\/2022\\\/11\\\/03\\\/ben-tarnoff-tenemos-que-encontrar-la-manera-de-disminuir-el-poder-de-que-todo-este-basado-en-el-beneficio\\\/#primaryimage\",\"url\":\"https:\\\/\\\/primerborrador.es\\\/wp-content\\\/uploads\\\/2022\\\/10\\\/Ben-Tarnoff-by-Claudia-Lopez-DecidimFest.jpg\",\"contentUrl\":\"https:\\\/\\\/primerborrador.es\\\/wp-content\\\/uploads\\\/2022\\\/10\\\/Ben-Tarnoff-by-Claudia-Lopez-DecidimFest.jpg\",\"width\":1024,\"height\":682,\"caption\":\"Ben Tarnoff. ? Claudia L\u00f3pez - DecidimFest\"},{\"@type\":\"WebSite\",\"@id\":\"https:\\\/\\\/primerborrador.es\\\/#website\",\"url\":\"https:\\\/\\\/primerborrador.es\\\/\",\"name\":\"Primer borrador\",\"description\":\"Revista mensual de arte, literatura y jazz\",\"publisher\":{\"@id\":\"https:\\\/\\\/primerborrador.es\\\/#\\\/schema\\\/person\\\/39b8af43fb1e2774f05a0812a8f21bbc\"},\"potentialAction\":[{\"@type\":\"SearchAction\",\"target\":{\"@type\":\"EntryPoint\",\"urlTemplate\":\"https:\\\/\\\/primerborrador.es\\\/?s={search_term_string}\"},\"query-input\":{\"@type\":\"PropertyValueSpecification\",\"valueRequired\":true,\"valueName\":\"search_term_string\"}}],\"inLanguage\":\"es\"},{\"@type\":[\"Person\",\"Organization\"],\"@id\":\"https:\\\/\\\/primerborrador.es\\\/#\\\/schema\\\/person\\\/39b8af43fb1e2774f05a0812a8f21bbc\",\"name\":\"Santiago P\u00e9rez\",\"image\":{\"@type\":\"ImageObject\",\"inLanguage\":\"es\",\"@id\":\"https:\\\/\\\/primerborrador.es\\\/wp-content\\\/uploads\\\/2021\\\/02\\\/cropped-feather1-e1621103417910.png\",\"url\":\"https:\\\/\\\/primerborrador.es\\\/wp-content\\\/uploads\\\/2021\\\/02\\\/cropped-feather1-e1621103417910.png\",\"contentUrl\":\"https:\\\/\\\/primerborrador.es\\\/wp-content\\\/uploads\\\/2021\\\/02\\\/cropped-feather1-e1621103417910.png\",\"width\":256,\"height\":256,\"caption\":\"Santiago P\u00e9rez\"},\"logo\":{\"@id\":\"https:\\\/\\\/primerborrador.es\\\/wp-content\\\/uploads\\\/2021\\\/02\\\/cropped-feather1-e1621103417910.png\"},\"description\":\"Periodista. Escribo, desde Cadiz, sobre lo que me interesa: arte contempor\u00e1neo, literatura y m\u00fasica. Creo en la libertad de contar. Y tambi\u00e9n en la de elegir lo que quiero y no quiero leer.\",\"sameAs\":[\"https:\\\/\\\/primerborrador.es\"]},{\"@type\":\"Person\",\"@id\":\"https:\\\/\\\/primerborrador.es\\\/#\\\/schema\\\/person\\\/0492196f9e50f87ef1f6e3ddcaba881e\",\"name\":\"Redacci\u00f3n\",\"image\":{\"@type\":\"ImageObject\",\"inLanguage\":\"es\",\"@id\":\"https:\\\/\\\/secure.gravatar.com\\\/avatar\\\/ecfa6921d61c8a99d5adf0e2c01c7d995559046fd5cadd1b489361fcade4d655?s=96&d=mm&r=g\",\"url\":\"https:\\\/\\\/secure.gravatar.com\\\/avatar\\\/ecfa6921d61c8a99d5adf0e2c01c7d995559046fd5cadd1b489361fcade4d655?s=96&d=mm&r=g\",\"contentUrl\":\"https:\\\/\\\/secure.gravatar.com\\\/avatar\\\/ecfa6921d61c8a99d5adf0e2c01c7d995559046fd5cadd1b489361fcade4d655?s=96&d=mm&r=g\",\"caption\":\"Redacci\u00f3n\"},\"url\":\"https:\\\/\\\/primerborrador.es\\\/index.php\\\/author\\\/redaccion\\\/\"}]}<\/script>\n<!-- \/ Yoast SEO plugin. -->","yoast_head_json":{"title":"Ben Tarnoff: \"Tenemos que encontrar la manera de disminuir el poder de que todo est\u00e9 basado en el beneficio\" - Primer borrador","description":"El autor de \"Internet for the people\" habla en esta entrevista de la evoluci\u00f3n de internet y c\u00f3mo hacer que sea m\u00e1s justa para los usuarios.","robots":{"index":"index","follow":"follow","max-snippet":"max-snippet:-1","max-image-preview":"max-image-preview:large","max-video-preview":"max-video-preview:-1"},"canonical":"https:\/\/primerborrador.es\/index.php\/2022\/11\/03\/ben-tarnoff-tenemos-que-encontrar-la-manera-de-disminuir-el-poder-de-que-todo-este-basado-en-el-beneficio\/","next":"https:\/\/primerborrador.es\/index.php\/2022\/11\/03\/ben-tarnoff-tenemos-que-encontrar-la-manera-de-disminuir-el-poder-de-que-todo-este-basado-en-el-beneficio\/2\/","og_locale":"es_ES","og_type":"article","og_title":"Ben Tarnoff: \"Tenemos que encontrar la manera de disminuir el poder de que todo est\u00e9 basado en el beneficio\" - Primer borrador","og_description":"El autor de \"Internet for the people\" habla en esta entrevista de la evoluci\u00f3n de internet y c\u00f3mo hacer que sea m\u00e1s justa para los usuarios.","og_url":"https:\/\/primerborrador.es\/index.php\/2022\/11\/03\/ben-tarnoff-tenemos-que-encontrar-la-manera-de-disminuir-el-poder-de-que-todo-este-basado-en-el-beneficio\/","og_site_name":"Primer borrador","article_published_time":"2022-11-03T09:48:11+00:00","article_modified_time":"2022-11-03T09:48:15+00:00","og_image":[{"url":"https:\/\/primerborrador.es\/wp-content\/uploads\/2022\/10\/Ben-Tarnoff-by-Claudia-Lopez-DecidimFest.jpg","type":"","width":"","height":""}],"author":"Redacci\u00f3n","schema":{"@context":"https:\/\/schema.org","@graph":[{"@type":"Article","@id":"https:\/\/primerborrador.es\/index.php\/2022\/11\/03\/ben-tarnoff-tenemos-que-encontrar-la-manera-de-disminuir-el-poder-de-que-todo-este-basado-en-el-beneficio\/#article","isPartOf":{"@id":"https:\/\/primerborrador.es\/index.php\/2022\/11\/03\/ben-tarnoff-tenemos-que-encontrar-la-manera-de-disminuir-el-poder-de-que-todo-este-basado-en-el-beneficio\/"},"author":{"name":"Redacci\u00f3n","@id":"https:\/\/primerborrador.es\/#\/schema\/person\/0492196f9e50f87ef1f6e3ddcaba881e"},"headline":"Ben Tarnoff: \u00abTenemos que encontrar la manera de disminuir el poder de que todo est\u00e9 basado en el beneficio\u00bb","datePublished":"2022-11-03T09:48:11+00:00","dateModified":"2022-11-03T09:48:15+00:00","mainEntityOfPage":{"@id":"https:\/\/primerborrador.es\/index.php\/2022\/11\/03\/ben-tarnoff-tenemos-que-encontrar-la-manera-de-disminuir-el-poder-de-que-todo-este-basado-en-el-beneficio\/"},"wordCount":2551,"commentCount":0,"publisher":{"@id":"https:\/\/primerborrador.es\/#\/schema\/person\/39b8af43fb1e2774f05a0812a8f21bbc"},"image":{"@id":"https:\/\/primerborrador.es\/index.php\/2022\/11\/03\/ben-tarnoff-tenemos-que-encontrar-la-manera-de-disminuir-el-poder-de-que-todo-este-basado-en-el-beneficio\/#primaryimage"},"thumbnailUrl":"https:\/\/primerborrador.es\/wp-content\/uploads\/2022\/10\/Ben-Tarnoff-by-Claudia-Lopez-DecidimFest.jpg","keywords":["ben-tarnoff","internet","internet-for-the-people","internet-libre"],"articleSection":["Andamios","Entrevistas"],"inLanguage":"es","potentialAction":[{"@type":"CommentAction","name":"Comment","target":["https:\/\/primerborrador.es\/index.php\/2022\/11\/03\/ben-tarnoff-tenemos-que-encontrar-la-manera-de-disminuir-el-poder-de-que-todo-este-basado-en-el-beneficio\/#respond"]}]},{"@type":"WebPage","@id":"https:\/\/primerborrador.es\/index.php\/2022\/11\/03\/ben-tarnoff-tenemos-que-encontrar-la-manera-de-disminuir-el-poder-de-que-todo-este-basado-en-el-beneficio\/","url":"https:\/\/primerborrador.es\/index.php\/2022\/11\/03\/ben-tarnoff-tenemos-que-encontrar-la-manera-de-disminuir-el-poder-de-que-todo-este-basado-en-el-beneficio\/","name":"Ben Tarnoff: \"Tenemos que encontrar la manera de disminuir el poder de que todo est\u00e9 basado en el beneficio\" - Primer borrador","isPartOf":{"@id":"https:\/\/primerborrador.es\/#website"},"primaryImageOfPage":{"@id":"https:\/\/primerborrador.es\/index.php\/2022\/11\/03\/ben-tarnoff-tenemos-que-encontrar-la-manera-de-disminuir-el-poder-de-que-todo-este-basado-en-el-beneficio\/#primaryimage"},"image":{"@id":"https:\/\/primerborrador.es\/index.php\/2022\/11\/03\/ben-tarnoff-tenemos-que-encontrar-la-manera-de-disminuir-el-poder-de-que-todo-este-basado-en-el-beneficio\/#primaryimage"},"thumbnailUrl":"https:\/\/primerborrador.es\/wp-content\/uploads\/2022\/10\/Ben-Tarnoff-by-Claudia-Lopez-DecidimFest.jpg","datePublished":"2022-11-03T09:48:11+00:00","dateModified":"2022-11-03T09:48:15+00:00","description":"El autor de \"Internet for the people\" habla en esta entrevista de la evoluci\u00f3n de internet y c\u00f3mo hacer que sea m\u00e1s justa para los usuarios.","inLanguage":"es","potentialAction":[{"@type":"ReadAction","target":["https:\/\/primerborrador.es\/index.php\/2022\/11\/03\/ben-tarnoff-tenemos-que-encontrar-la-manera-de-disminuir-el-poder-de-que-todo-este-basado-en-el-beneficio\/"]}]},{"@type":"ImageObject","inLanguage":"es","@id":"https:\/\/primerborrador.es\/index.php\/2022\/11\/03\/ben-tarnoff-tenemos-que-encontrar-la-manera-de-disminuir-el-poder-de-que-todo-este-basado-en-el-beneficio\/#primaryimage","url":"https:\/\/primerborrador.es\/wp-content\/uploads\/2022\/10\/Ben-Tarnoff-by-Claudia-Lopez-DecidimFest.jpg","contentUrl":"https:\/\/primerborrador.es\/wp-content\/uploads\/2022\/10\/Ben-Tarnoff-by-Claudia-Lopez-DecidimFest.jpg","width":1024,"height":682,"caption":"Ben Tarnoff. ? Claudia L\u00f3pez - DecidimFest"},{"@type":"WebSite","@id":"https:\/\/primerborrador.es\/#website","url":"https:\/\/primerborrador.es\/","name":"Primer borrador","description":"Revista mensual de arte, literatura y jazz","publisher":{"@id":"https:\/\/primerborrador.es\/#\/schema\/person\/39b8af43fb1e2774f05a0812a8f21bbc"},"potentialAction":[{"@type":"SearchAction","target":{"@type":"EntryPoint","urlTemplate":"https:\/\/primerborrador.es\/?s={search_term_string}"},"query-input":{"@type":"PropertyValueSpecification","valueRequired":true,"valueName":"search_term_string"}}],"inLanguage":"es"},{"@type":["Person","Organization"],"@id":"https:\/\/primerborrador.es\/#\/schema\/person\/39b8af43fb1e2774f05a0812a8f21bbc","name":"Santiago P\u00e9rez","image":{"@type":"ImageObject","inLanguage":"es","@id":"https:\/\/primerborrador.es\/wp-content\/uploads\/2021\/02\/cropped-feather1-e1621103417910.png","url":"https:\/\/primerborrador.es\/wp-content\/uploads\/2021\/02\/cropped-feather1-e1621103417910.png","contentUrl":"https:\/\/primerborrador.es\/wp-content\/uploads\/2021\/02\/cropped-feather1-e1621103417910.png","width":256,"height":256,"caption":"Santiago P\u00e9rez"},"logo":{"@id":"https:\/\/primerborrador.es\/wp-content\/uploads\/2021\/02\/cropped-feather1-e1621103417910.png"},"description":"Periodista. Escribo, desde Cadiz, sobre lo que me interesa: arte contempor\u00e1neo, literatura y m\u00fasica. Creo en la libertad de contar. Y tambi\u00e9n en la de elegir lo que quiero y no quiero leer.","sameAs":["https:\/\/primerborrador.es"]},{"@type":"Person","@id":"https:\/\/primerborrador.es\/#\/schema\/person\/0492196f9e50f87ef1f6e3ddcaba881e","name":"Redacci\u00f3n","image":{"@type":"ImageObject","inLanguage":"es","@id":"https:\/\/secure.gravatar.com\/avatar\/ecfa6921d61c8a99d5adf0e2c01c7d995559046fd5cadd1b489361fcade4d655?s=96&d=mm&r=g","url":"https:\/\/secure.gravatar.com\/avatar\/ecfa6921d61c8a99d5adf0e2c01c7d995559046fd5cadd1b489361fcade4d655?s=96&d=mm&r=g","contentUrl":"https:\/\/secure.gravatar.com\/avatar\/ecfa6921d61c8a99d5adf0e2c01c7d995559046fd5cadd1b489361fcade4d655?s=96&d=mm&r=g","caption":"Redacci\u00f3n"},"url":"https:\/\/primerborrador.es\/index.php\/author\/redaccion\/"}]}},"_links":{"self":[{"href":"https:\/\/primerborrador.es\/index.php\/wp-json\/wp\/v2\/posts\/1695","targetHints":{"allow":["GET"]}}],"collection":[{"href":"https:\/\/primerborrador.es\/index.php\/wp-json\/wp\/v2\/posts"}],"about":[{"href":"https:\/\/primerborrador.es\/index.php\/wp-json\/wp\/v2\/types\/post"}],"author":[{"embeddable":true,"href":"https:\/\/primerborrador.es\/index.php\/wp-json\/wp\/v2\/users\/2"}],"replies":[{"embeddable":true,"href":"https:\/\/primerborrador.es\/index.php\/wp-json\/wp\/v2\/comments?post=1695"}],"version-history":[{"count":0,"href":"https:\/\/primerborrador.es\/index.php\/wp-json\/wp\/v2\/posts\/1695\/revisions"}],"wp:attachment":[{"href":"https:\/\/primerborrador.es\/index.php\/wp-json\/wp\/v2\/media?parent=1695"}],"wp:term":[{"taxonomy":"category","embeddable":true,"href":"https:\/\/primerborrador.es\/index.php\/wp-json\/wp\/v2\/categories?post=1695"},{"taxonomy":"post_tag","embeddable":true,"href":"https:\/\/primerborrador.es\/index.php\/wp-json\/wp\/v2\/tags?post=1695"}],"curies":[{"name":"wp","href":"https:\/\/api.w.org\/{rel}","templated":true}]}}