{"id":1637,"date":"2022-10-03T10:13:20","date_gmt":"2022-10-03T08:13:20","guid":{"rendered":"https:\/\/primerborrador.es\/?p=1637"},"modified":"2022-10-04T18:36:23","modified_gmt":"2022-10-04T16:36:23","slug":"arte-y-salud","status":"publish","type":"post","link":"https:\/\/primerborrador.es\/index.php\/2022\/10\/03\/arte-y-salud\/","title":{"rendered":"Arte y salud"},"content":{"rendered":"\n<p class=\"wp-block-paragraph\">Quienes se dedican a la creaci\u00f3n art\u00edstica y quienes disfrutan de ella intuyen o creen firmemente que existe una estrecha relaci\u00f3n entre arte y salud.<\/p>\n\n\n\n<p class=\"wp-block-paragraph\">Tambi\u00e9n los m\u00e9dicos y cient\u00edficos se preguntan acerca de esta posibilidad, como demuestra <a href=\"https:\/\/news.artnet.com\/art-world\/mental-health-museum-prescription-brussels-2178582\" target=\"_blank\" rel=\"noreferrer noopener nofollow\">el estudio que est\u00e1 realizando el Hospital Universitario Bruggman de Bruselas<\/a>, que pretende comprobar c\u00f3mo las actividades culturales pueden reducir la ansiedad o servir para tratar el s\u00edndrome del trabajador quemado.<\/p>\n\n\n\n<p class=\"wp-block-paragraph\">Pero no es el \u00fanico y posiblemente tampoco el \u00faltimo que se hace sobre el tema. El doctor Aser Garc\u00eda public\u00f3 este verano con el t\u00edtulo <em>El arte puede salvarnos la vida<\/em> un extenso reportaje sobre lo que se conoce hasta ahora de este asunto y que reproducimos a continuaci\u00f3n (a excepci\u00f3n de las im\u00e1genes, seleccionadas por Primer borrador.)<\/p>\n\n\n\n<hr class=\"wp-block-separator has-alpha-channel-opacity\"\/>\n\n\n\n<h4 class=\"wp-block-heading\">El arte puede salvarnos la vida<\/h4>\n\n\n\n<p class=\"wp-block-paragraph\">Un reportaje del doctor y periodista <a href=\"https:\/\/www.agenciasinc.es\/Autor\/Aser-Garcia\" target=\"_blank\" rel=\"noreferrer noopener\">Aser Garc\u00eda<\/a> para la <a href=\"https:\/\/www.agenciasinc.es\/\" target=\"_blank\" rel=\"noreferrer noopener\">Agencia Sync<\/a> (<a href=\"https:\/\/www.agenciasinc.es\/Sobre-SINC\/Licencia-CC\" target=\"_blank\" rel=\"noreferrer noopener\">CC-BY<\/a>)<\/p>\n\n\n\n<div style=\"height:35px\" aria-hidden=\"true\" class=\"wp-block-spacer\"><\/div>\n\n\n\n<p class=\"wp-block-paragraph\">El \u00faltimo n\u00famero navide\u00f1o de <em><a href=\"https:\/\/www.bmj.com\/content\/375\/bmj-2021-067726\" target=\"_blank\" rel=\"noreferrer noopener nofollow\">The BMJ<\/a><\/em> recog\u00eda un estudio que indicaba que el periodo durante el cual la canci\u00f3n del rapero estadounidense Logic \u201c<a href=\"https:\/\/www.youtube.com\/watch?v=Kb24RrHIbFk\" target=\"_blank\" rel=\"noreferrer noopener nofollow\">1-800-273-8255\u201d<\/a>&nbsp;tuvo mayor difusi\u00f3n social se asoci\u00f3 con un notable aumento de las llamadas a <em><a href=\"https:\/\/suicidepreventionlifeline.org\/\" target=\"_blank\" rel=\"noreferrer noopener nofollow\">Lifeline<\/a><\/em>, la l\u00ednea nacional estadounidense de <a href=\"https:\/\/www.agenciasinc.es\/Reportajes\/Como-hablar-del-suicidio-para-prevenirlo-y-acabar-con-el-estigma\" target=\"_blank\" rel=\"noreferrer noopener nofollow\">prevenci\u00f3n del suicidio<\/a>, cuyo n\u00famero da t\u00edtulo al tema.<\/p>\n\n\n\n<p class=\"wp-block-paragraph\">M\u00e1s importante a\u00fan, los investigadores constataron una reducci\u00f3n de los actos suicidas durante ese mismo periodo. En concreto, estimaron que se hab\u00edan producido 245 menos a los esperados.<\/p>\n\n\n\n<p class=\"wp-block-paragraph\">\u201cEsto es muy singular en dos aspectos. Primero porque es una canci\u00f3n, muy diferente de los mensajes de prevenci\u00f3n tradicionales; y segundo, no se centra en las muertes por suicidio ni en las lesiones casi mortales. Es una historia de esperanza y resiliencia\u201d, subrayaba en un v\u00eddeo adjunto a la publicaci\u00f3n su investigador principal,&nbsp;<strong>Thomas Niederkrotenthaler<\/strong>, profesor de la&nbsp;<a href=\"https:\/\/www.meduniwien.ac.at\/hp\/en\/sozialmedizin\/repraesentationen-und-wirkungen-suizidbezogener-websites\/mitarbeiter\/\" target=\"_blank\" rel=\"noreferrer noopener nofollow\">Universidad M\u00e9dica de Viena<\/a>.<\/p>\n\n\n\n<p class=\"wp-block-paragraph\">\u201cLos resultados tambi\u00e9n sugieren que es de crucial importancia colaborar con otros sectores, como la industria del entretenimiento y las artes creativas, para desarrollar narrativas poderosas que resuenen en audiencias diversas\u201d, zanjaba.&nbsp;Analizar que el hip-hop puede salvar vidas es uno de los ejemplos del creciente inter\u00e9s por los beneficios de las artes en la salud y de la propia ciencia por estudiarlos.<\/p>\n\n\n<div class=\"wp-block-image\">\n<figure class=\"aligncenter size-full\"><img loading=\"lazy\" decoding=\"async\" width=\"1200\" height=\"773\" src=\"https:\/\/primerborrador.es\/wp-content\/uploads\/2022\/10\/The-doctor-calls-by-Carl-Aspelin.png\" alt=\"Un doctor en el arte\" class=\"wp-image-1650\" srcset=\"https:\/\/primerborrador.es\/wp-content\/uploads\/2022\/10\/The-doctor-calls-by-Carl-Aspelin.png 1200w, https:\/\/primerborrador.es\/wp-content\/uploads\/2022\/10\/The-doctor-calls-by-Carl-Aspelin-768x495.png 768w\" sizes=\"auto, (max-width: 1200px) 100vw, 1200px\" \/><figcaption>The doctor calls &#8211; Carl Aspelin<\/figcaption><\/figure>\n<\/div>\n\n\n<p class=\"wp-block-paragraph\">Seg\u00fan manifestaba <strong>Christopher Bailey<\/strong>, director de la <a href=\"https:\/\/www.who.int\/initiatives\/arts-and-health\" target=\"_blank\" rel=\"noreferrer noopener nofollow\">Iniciativa Arte y Salud<\/a> de la Organizaci\u00f3n Mundial de la Salud (OMS), durante el <a href=\"https:\/\/www.who.int\/news\/item\/10-11-2021-the-future-is-unwritten---healing-arts-symposium\" target=\"_blank\" rel=\"noreferrer noopener nofollow\">Simposio de Artes Sanadoras<\/a>&nbsp;celebrado el pasado noviembre en el Museo Metropolitano de Arte de Nueva York, \u201ccon un creciente conjunto de pruebas de que la incorporaci\u00f3n de las artes a los sistemas [sanitarios] y lugares de curaci\u00f3n puede mejorar los resultados en salud, reducir los costes y apoyar la recuperaci\u00f3n de enfermedades y lesiones, es el momento de una \u2018revoluci\u00f3n de las artes sanadoras\u2019 que mejore el bienestar de millones de personas en todo el mundo\u201d.<\/p>\n\n\n\n<h4 class=\"wp-block-heading\"><a><\/a> <strong>El poder del arte: informes e iniciativas<\/strong><\/h4>\n\n\n\n<p class=\"wp-block-paragraph\">El evento en el que hablaba Bailey formaba parte de la <a href=\"https:\/\/www.culturunners.com\/projects\/healing-arts-initiative\" target=\"_blank\" rel=\"noreferrer noopener nofollow\">Iniciativa de Artes Sanadoras (Healing Arts Initiative)<\/a>, \u201cun llamamiento a la acci\u00f3n para abordar los retos mundiales de la salud a trav\u00e9s de las artes\u201d organizado por la plataforma <em>Culturunners<\/em> \u2014dedicada a promover la construcci\u00f3n de la paz y el desarrollo sostenible a trav\u00e9s del arte\u2014, en colaboraci\u00f3n con la OMS.<\/p>\n\n\n\n<p class=\"wp-block-paragraph\">Fue, de hecho, la&nbsp;Oficina Regional de esta agencia para Europa&nbsp;la que marc\u00f3 un hito relevante con la publicaci\u00f3n en 2019 del&nbsp;<a href=\"https:\/\/www.who.int\/europe\/publications\/i\/item\/9789289054553\" target=\"_blank\" rel=\"noreferrer noopener nofollow\">mayor informe hasta la fecha<\/a> sobre las pruebas subyacentes a este papel de las artes. El an\u00e1lisis de los resultados de m\u00e1s de 3.500 estudios cient\u00edficos mostr\u00f3 que \u201cpueden tener un impacto potencial en la salud mental y f\u00edsica\u201d de diferentes formas.<\/p>\n\n\n<div class=\"wp-block-image\">\n<figure class=\"alignleft size-full is-resized\"><img loading=\"lazy\" decoding=\"async\" src=\"https:\/\/primerborrador.es\/wp-content\/uploads\/2022\/10\/The-musician-by-Pascal-Adolphe-Jean-Dagnan-Bouveret.jpg\" alt=\"\" class=\"wp-image-1655\" width=\"346\" height=\"440\" srcset=\"https:\/\/primerborrador.es\/wp-content\/uploads\/2022\/10\/The-musician-by-Pascal-Adolphe-Jean-Dagnan-Bouveret.jpg 1382w, https:\/\/primerborrador.es\/wp-content\/uploads\/2022\/10\/The-musician-by-Pascal-Adolphe-Jean-Dagnan-Bouveret-768x978.jpg 768w, https:\/\/primerborrador.es\/wp-content\/uploads\/2022\/10\/The-musician-by-Pascal-Adolphe-Jean-Dagnan-Bouveret-1206x1536.jpg 1206w\" sizes=\"auto, (max-width: 346px) 100vw, 346px\" \/><figcaption>The musician &#8211; Pascal-Adolphe-Jean Dagnan-Bouveret<\/figcaption><\/figure>\n<\/div>\n\n\n<p class=\"wp-block-paragraph\">Entre otras, afectar a los determinantes sociales de la salud, favoreciendo el acceso al sistema sanitario de grupos marginados, contribuyendo al desarrollo infantil, disminuyendo el deterioro cognitivo y la fragilidad en edades avanzadas, fomentando comportamientos saludables, reduciendo el estr\u00e9s, apoyando la prestaci\u00f3n de cuidados, ayudando a las personas con trastornos neurol\u00f3gicos y del neurodesarrollo, as\u00ed como contribuyendo en la atenci\u00f3n al final de la vida.<\/p>\n\n\n\n<p class=\"wp-block-paragraph\">Algunos proyectos destacados por el documento son el <a href=\"https:\/\/elsistema.org.ve\/\" target=\"_blank\" rel=\"noreferrer noopener nofollow\">Sistema Venezuela<\/a>, creado por el director de orquesta Jos\u00e9 Antonio Abreu para fomentar la educaci\u00f3n musical y lograr el cambio social y la justicia para los ni\u00f1os pobres del pa\u00eds americano; el <a href=\"https:\/\/www.uniarts.fi\/en\/projects\/the-observatory-for-arts-and-cultural-education-finland\/\" target=\"_blank\" rel=\"noreferrer noopener nofollow\">Observatorio de las Artes y la Educaci\u00f3n Cultural<\/a> finland\u00e9s, que persigue fortalecer las habilidades creativas infantiles, la competencia cultural y el bienestar individual y social; o el brit\u00e1nico <a href=\"https:\/\/www.artsonprescription.org\/\" target=\"_blank\" rel=\"noreferrer noopener nofollow\">Arts On Prescription<\/a> (Arte Por Prescripci\u00f3n), utilizado desde hace dos d\u00e9cadas en el marco de programas m\u00e1s amplios de prescripci\u00f3n social por parte de los m\u00e9dicos de atenci\u00f3n primaria.<\/p>\n\n\n\n<p class=\"wp-block-paragraph\">Tambi\u00e9n est\u00e1&nbsp;<a href=\"https:\/\/doctorclown.org\/eng\/index.html\" target=\"_blank\" rel=\"noreferrer noopener nofollow\">Doctor Clown<\/a>, ONG rusa de payasos dirigida a mejorar el bienestar de los ni\u00f1os en orfanatos y hospitales de la Federaci\u00f3n Rusa y que desarrolla en la actualidad parte de su labor atendiendo a ni\u00f1os afectados por la guerra en Ucrania; <a href=\"https:\/\/breatheahr.org\/programmes\/breathe-magic\/#:~:text=The%20Breathe%20Magic%20Intensive%20Therapy,through%20the%20art%20of%20magic.\" target=\"_blank\" rel=\"noreferrer noopener nofollow\">Breathe&nbsp;Magic<\/a>, para ayudar mediante la magia a ni\u00f1os con hemiplejia en Reino Unido; o los numerosos grupos distribuidos por el mundo de la red <a href=\"https:\/\/bci-hub.org\/documents\/dance-pd-programmes-europe-wide\" target=\"_blank\" rel=\"noreferrer noopener nofollow\">Dance for PD<\/a> (Danza Para La Enfermedad de Parkinson), que ofrecen clases de baile especializadas para personas con p\u00e1rkinson y sus cuidadores.<\/p>\n\n\n\n<h4 class=\"wp-block-heading\"><strong>La postura de la OMS<\/strong><\/h4>\n\n\n\n<p class=\"wp-block-paragraph\">Entre sus recomendaciones, la instituci\u00f3n sanitaria pide implementar intervenciones art\u00edsticas con suficiente base cient\u00edfica, como que los pacientes escuchen m\u00fasica antes de la cirug\u00eda, el uso de t\u00e9cnicas art\u00edsticas en personas con demencia y el desarrollo de programas art\u00edsticos comunitarios para mejorar la salud mental.<\/p>\n\n\n\n<p class=\"wp-block-paragraph\">Tambi\u00e9n solicita potenciar las derivaciones entre los sectores sanitario y art\u00edstico, cofinanciar programas de salud con presupuestos del sector sanitario y cultural y que las artes sean parte de la formaci\u00f3n de los profesionales sanitarios.<\/p>\n\n\n\n<p class=\"has-nv-light-bg-background-color has-background wp-block-paragraph\">\u201cLas artes pueden conceptualizarse como actividades sanitarias multimodales que proporcionan un veh\u00edculo para que las personas participen en actividades diversas que promueven la salud (como la actividad f\u00edsica, la interacci\u00f3n social y la estimulaci\u00f3n cognitiva) para las que ya existe una s\u00f3lida base de pruebas\u201d, se\u00f1alaba en un <a href=\"https:\/\/blogs.bmj.com\/bmj\/2019\/11\/11\/the-role-of-the-arts-within-heath\/\" target=\"_blank\" rel=\"noreferrer noopener nofollow\">blog de <em>The BMJ<\/em><\/a>  <strong>Daisy Fancourt<\/strong>, coautora del informe de la OMS y profesora asociada en el University College de Londres.<\/p>\n\n\n\n<p class=\"wp-block-paragraph\">\u201cLo que tambi\u00e9n contribuye a sus efectos salut\u00edferos es que las artes implican imaginaci\u00f3n, est\u00e9tica y significado, lo que proporciona una motivaci\u00f3n inherente para que las personas participen\u201d, a\u00f1ad\u00eda esta investigadora.<\/p>\n\n\n\n<p class=\"wp-block-paragraph\">A solicitud del Gobierno brit\u00e1nico, Fancourt elabor\u00f3 <a href=\"https:\/\/www.gov.uk\/government\/publications\/evidence-summary-for-policy-the-role-of-arts-in-improving-health-and-wellbeing\" target=\"_blank\" rel=\"noreferrer noopener nofollow\">otro dossier publicado en 2020<\/a> constatando, por ejemplo, que existe base cient\u00edfica s\u00f3lida del papel positivo que tiene la m\u00fasica o la lectura de libros en el desarrollo social infantil o del habla y el lenguaje en beb\u00e9s y ni\u00f1os, as\u00ed como sobre los beneficios del uso de las artes en general en la cohesi\u00f3n social y el bienestar psicol\u00f3gico en adultos y en la reducci\u00f3n del deterioro f\u00edsico en la tercera edad.<\/p>\n\n\n<div class=\"wp-block-image\">\n<figure class=\"aligncenter size-full\"><img loading=\"lazy\" decoding=\"async\" width=\"984\" height=\"1200\" src=\"https:\/\/primerborrador.es\/wp-content\/uploads\/2022\/10\/The-Reader-Portrait-of-Dina-Babanina-a-cousin-of-the-artist-by-Marie-Bashkirtseff.png\" alt=\"\" class=\"wp-image-1652\" srcset=\"https:\/\/primerborrador.es\/wp-content\/uploads\/2022\/10\/The-Reader-Portrait-of-Dina-Babanina-a-cousin-of-the-artist-by-Marie-Bashkirtseff.png 984w, https:\/\/primerborrador.es\/wp-content\/uploads\/2022\/10\/The-Reader-Portrait-of-Dina-Babanina-a-cousin-of-the-artist-by-Marie-Bashkirtseff-768x937.png 768w\" sizes=\"auto, (max-width: 984px) 100vw, 984px\" \/><figcaption>The Reader (Portrait of Dina Babanina, a cousin of the artist) &#8211; Marie Bashkirtseff<\/figcaption><\/figure>\n<\/div>\n\n\n<p class=\"wp-block-paragraph\">Ambos documentos se\u00f1alaban que tambi\u00e9n hay \u00e1mbitos art\u00edsticos sobre los que el conocimiento es m\u00e1s d\u00e9bil, lo que \u201cparece deberse a la falta de estudios y no a la falta de resultados\u201d, aseguraba Fancourt.<\/p>\n\n\n\n<p class=\"has-nv-light-bg-background-color has-background wp-block-paragraph\">Como explica a SINC <strong>Francisco Javier Saavedra Mac\u00edas<\/strong>, profesor del departamento de psicolog\u00eda experimental de la Universidad de Sevilla, \u201cdesde finales del siglo XIX y principios del XX hay literatura que respalda el uso de las artes en el \u00e1mbito de la salud, pero solo desde hace 20 o 30 a\u00f1os se desarrollan estudios experimentales aleatorizados con grupos control\u201d, incluso usando marcadores biol\u00f3gicos para cuantificar sus beneficios.<\/p>\n\n\n\n<p class=\"wp-block-paragraph\">Como ejemplos, este doctor en psicolog\u00eda refiere una publicaci\u00f3n en <em><a href=\"https:\/\/www.frontiersin.org\/articles\/10.3389\/fpsyg.2015.01242\/full\" target=\"_blank\" rel=\"noreferrer noopener nofollow\">Frontiers in Psychology<\/a><\/em> que demostr\u00f3 c\u00f3mo el canto afecta a los niveles sangu\u00edneos del cortisol, hormona relacionada con el estr\u00e9s, y otro que evidenci\u00f3 en <em><a href=\"https:\/\/journals.plos.org\/plosone\/article?id=10.1371\/journal.pone.0151136\" target=\"_blank\" rel=\"noreferrer noopener nofollow\">Plos ONE<\/a><\/em> que la participaci\u00f3n en un grupo de percusi\u00f3n de personas con trastornos mentales mejoraba sus variables psicol\u00f3gicas y modificaba su perfil inmunitario.<\/p>\n\n\n\n<h4 class=\"wp-block-heading\"><a><\/a> <strong>Arte y sanidad en Espa\u00f1a<\/strong><\/h4>\n\n\n\n<p class=\"wp-block-paragraph\">Saavedra Mac\u00edas es fundador del&nbsp;<a href=\"http:\/\/arteypsicologias.blogspot.com\/\" target=\"_blank\" rel=\"noreferrer noopener nofollow\">Seminario Arte y Psicolog\u00eda<\/a>&nbsp;y coautor de una investigaci\u00f3n publicada en&nbsp;<em><a href=\"https:\/\/www.tandfonline.com\/journals\/rahe20\" target=\"_blank\" rel=\"noreferrer noopener nofollow\">Arts &amp; Health<\/a><\/em>&nbsp;sobre c\u00f3mo una intervenci\u00f3n basada en la m\u00fasica, el dibujo, la escritura y la danza disminuy\u00f3 los s\u00edntomas depresivos y el estr\u00e9s de un peque\u00f1o grupo de inmigrantes indocumentados.<\/p>\n\n\n\n<p class=\"wp-block-paragraph\">En otro trabajo, publicado en&nbsp;<em><a href=\"https:\/\/www.tandfonline.com\/doi\/abs\/10.1080\/09638288.2017.1278797\" target=\"_blank\" rel=\"noreferrer noopener nofollow\">Disability and Rehabilitation<\/a><\/em>, demostr\u00f3 que un taller de pr\u00e1cticas creativas celebrado en el&nbsp;Centro Andaluz de Arte Contempor\u00e1neo, que inclu\u00eda visitar la exposici\u00f3n de la artista brasile\u00f1a Maria Thereza Alves&nbsp;<a href=\"http:\/\/www.caac.es\/programa\/alves14\/frame.htm\" target=\"_blank\" rel=\"noreferrer noopener\">\u201cEl largo camino a Xico (1991\u20132014)\u201d<\/a>, mejor\u00f3 la inclusi\u00f3n social y el bienestar de personas con enfermedades mentales graves.<\/p>\n\n\n<div class=\"wp-block-image\">\n<figure class=\"alignleft size-full is-resized\"><img loading=\"lazy\" decoding=\"async\" src=\"https:\/\/primerborrador.es\/wp-content\/uploads\/2022\/10\/Autorretrato-de-Vinvent-Van-Gogh.png\" alt=\"Imagen de arte y salud\" class=\"wp-image-1660\" width=\"461\" height=\"600\" srcset=\"https:\/\/primerborrador.es\/wp-content\/uploads\/2022\/10\/Autorretrato-de-Vinvent-Van-Gogh.png 921w, https:\/\/primerborrador.es\/wp-content\/uploads\/2022\/10\/Autorretrato-de-Vinvent-Van-Gogh-768x1001.png 768w\" sizes=\"auto, (max-width: 461px) 100vw, 461px\" \/><figcaption>Autorretrato de Vincent Van Gogh<\/figcaption><\/figure>\n<\/div>\n\n\n<p class=\"wp-block-paragraph\">Citando una investigaci\u00f3n publicada en&nbsp;<em><a href=\"https:\/\/bmjopen.bmj.com\/content\/11\/9\/e045512.long\" target=\"_blank\" rel=\"noreferrer noopener nofollow\">BMJ Open<\/a><\/em>, su autor destaca los estudios epidemiol\u00f3gicos que correlacionan el nivel de actividad cultural en una determinada zona con la salud de sus comunidades. \u201cAquellos distritos donde hay m\u00e1s participaci\u00f3n cultural tienen mejores \u00edndices de salud, independientemente del nivel educativo y del estatus socioecon\u00f3mico\u201d, recalca.<\/p>\n\n\n\n<p class=\"wp-block-paragraph\">Para este investigador, se necesita sensibilidad institucional para promover investigaci\u00f3n de calidad. \u201cLa inversi\u00f3n que hay en pa\u00edses como Reino Unido es incre\u00edble, algo que en Espa\u00f1a es totalmente inconcebible. All\u00ed existe hasta una comisi\u00f3n parlamentaria para el estudio del uso de las artes en el \u00e1mbito de la salud\u201d, remata este experto.<\/p>\n\n\n\n<p class=\"wp-block-paragraph\">En efecto, en 2014 se cre\u00f3 el&nbsp;<a href=\"https:\/\/www.culturehealthandwellbeing.org.uk\/who-we-are\/appg\" target=\"_blank\" rel=\"noreferrer noopener nofollow\">Grupo Parlamentario Multipartidista sobre Arte, Salud y Bienestar<\/a>, que tiene como objetivo mejorar la conciencia de los beneficios que las artes pueden aportar.<\/p>\n\n\n\n<p class=\"has-nv-light-bg-background-color has-background wp-block-paragraph\">\u201cHay que revalorizar las humanidades y las artes dentro del mundo de la salud\u201d, apunta a SINC&nbsp;<strong>Luz Mar Gonz\u00e1lez-Arias<\/strong>, profesora titular de filolog\u00eda Inglesa de la Universidad de Oviedo e investigadora principal del grupo interdisciplinar de investigaci\u00f3n de humanidades m\u00e9dicas y medioambientales&nbsp;<a href=\"https:\/\/www.unioviedo.es\/heal\/\" target=\"_blank\" rel=\"noreferrer noopener nofollow\">HEAL (Health, Environment, Arts and Literature)<\/a>, dedicado al estudio de la enfermedad a trav\u00e9s de la historia en sus representaciones literarias, art\u00edsticas, culturales o ling\u00fc\u00edsticas.<\/p>\n\n\n\n<p class=\"wp-block-paragraph\">\u201cLa creaci\u00f3n, tanto para quien la hace como para quien la recibe, tiene un poder terap\u00e9utico\u201d, se\u00f1ala esta experta que insiste en contextualizar a la persona y el tipo de manifestaci\u00f3n art\u00edstica. \u201cPuede haber a quien la m\u00fasica le eleve, pero otra persona para quien sea deprimente\u201d, explica.<\/p>\n\n\n\n<p class=\"wp-block-paragraph\">Desde su perspectiva, \u201cun poema o una obra musical no te cura en el sentido de la quimioterapia, pero el poema adecuado o la m\u00fasica adecuada s\u00ed te salva el d\u00eda, te ayuda a cerrar una herida\u201d.<\/p>\n\n\n\n<h4 class=\"wp-block-heading\"><strong>M\u00e1s all\u00e1 de curar: la visibilizaci\u00f3n de las dolencias<\/strong><\/h4>\n\n\n\n<p class=\"wp-block-paragraph\">Las artes tambi\u00e9n tienen su papel para hacer visible la enfermedad. El cine, por ejemplo, ha sido particularmente proclive a sensibilizar <a href=\"https:\/\/www.agenciasinc.es\/Reportajes\/Y-el-Oscar-es-para-la-medicina\" target=\"_blank\" rel=\"noreferrer noopener nofollow\">sobre numerosas dolencias<\/a>, en especial sobre las que afectan a la salud mental. Es el caso de pel\u00edculas como <em>Despertares<\/em> (<em>Awakenings<\/em>, Penny Marshall, 1990), basada en el libro hom\u00f3nimo del neur\u00f3logo <a href=\"https:\/\/www.agenciasinc.es\/Opinion\/Oliver-Sacks-la-inspiracion-en-las-aulas\" target=\"_blank\" rel=\"noreferrer noopener nofollow\">Oliver Sacks<\/a> sobre la encefalitis let\u00e1rgica; <em>Arrugas<\/em> (Ignacio Ferreras, 2011), basada en un c\u00f3mic de Paco Roca (Premio Nacional de C\u00f3mic 2008) sobre el Alzheimer; o <em>La teor\u00eda del todo<\/em> (<em>The theory of everything<\/em>, James Marsh, 2014), biopic del f\u00edsico <a href=\"https:\/\/www.agenciasinc.es\/Reportajes\/Como-logro-Stephen-Hawking-vivir-decadas-con-una-enfermedad-que-mata-en-pocos-anos\" target=\"_blank\" rel=\"noreferrer noopener nofollow\">Stephen Hawking<\/a>, que convivi\u00f3 con la esclerosis lateral amiotr\u00f3fica.<\/p>\n\n\n\n<p class=\"wp-block-paragraph\">Destacadas producciones sobre otras enfermedades son&nbsp;<em>Philadelphia<\/em> (Ron Nyswaner, 1993), que abord\u00f3 el estigma del sida en la dram\u00e1tica d\u00e9cada de los 90, el drama musical sobre una ceguera progresiva <em>Bailar en la oscuridad<\/em> (<em>Dancer in the dark<\/em>, Lars Von Trier, 2000) o <em>Mi vida sin m\u00ed<\/em> (Isabel Coixet, 2003), sobre el duelo personal por un c\u00e1ncer terminal.<\/p>\n\n\n<div class=\"wp-block-image\">\n<figure class=\"aligncenter size-full\"><img loading=\"lazy\" decoding=\"async\" width=\"2045\" height=\"1390\" src=\"https:\/\/primerborrador.es\/wp-content\/uploads\/2022\/10\/The-model-writing-a-postcard-by-Carl-Larsson.jpg\" alt=\"\" class=\"wp-image-1663\" srcset=\"https:\/\/primerborrador.es\/wp-content\/uploads\/2022\/10\/The-model-writing-a-postcard-by-Carl-Larsson.jpg 2045w, https:\/\/primerborrador.es\/wp-content\/uploads\/2022\/10\/The-model-writing-a-postcard-by-Carl-Larsson-768x522.jpg 768w, https:\/\/primerborrador.es\/wp-content\/uploads\/2022\/10\/The-model-writing-a-postcard-by-Carl-Larsson-1536x1044.jpg 1536w\" sizes=\"auto, (max-width: 2045px) 100vw, 2045px\" \/><figcaption>The model writing a postcard &#8211; Carl Larsson<\/figcaption><\/figure>\n<\/div>\n\n\n<p class=\"wp-block-paragraph\">El mundo de la medicina y el del arte y la cultura \u201cquiz\u00e1 incluso sean inseparables\u201d, afirmaban dos neur\u00f3logos y un poeta en <a href=\"https:\/\/www.bmj.com\/content\/363\/bmj.k5353\" target=\"_blank\" rel=\"noreferrer noopener nofollow\">\u201cArte para mejorar la salud y el bienestar\u201d<\/a>, ensayo publicado en 2018 en <em>The BMJ<\/em>. \u201cCreemos que una colaboraci\u00f3n m\u00e1s estrecha entre ambos podr\u00eda mejorar el futuro de la atenci\u00f3n a nuestros pacientes\u201d, a\u00f1ad\u00edan.<\/p>\n\n\n\n<p class=\"wp-block-paragraph\">Recordando las habilidades anat\u00f3micas de <a href=\"https:\/\/www.agenciasinc.es\/Reportajes\/Cinco-siglos-sin-Leonardo-el-genio-que-dibujo-las-entranas-del-cuerpo-humano\" target=\"_blank\" rel=\"noreferrer noopener nofollow\">Leonardo da Vinci<\/a> para dibujar por primera vez la tiroides, las del franc\u00e9s <a href=\"https:\/\/www.sciencedirect.com\/science\/article\/abs\/pii\/B9780444627308000074\" target=\"_blank\" rel=\"noreferrer noopener nofollow\">Jean-Martin Charcot<\/a>&nbsp;para representar a sus pacientes en pinturas o esculturas y educar a sus alumnos o las del cirujano e ilustrador estadounidense Frank Netter, cuyos atlas de anatom\u00eda adornan las estanter\u00edas de miles de m\u00e9dicos en el mundo, los autores sintetizaban: \u201cLos or\u00edgenes de la medicina y el arte fueron uno, y su separaci\u00f3n actual es solo el resultado de nuestra necesidad normativa y cultural de etiquetas, estructura y compartimentos\u201d.<\/p>\n\n\n\n<p class=\"wp-block-paragraph\"><\/p>\n","protected":false},"excerpt":{"rendered":"<p>Quienes se dedican a la creaci\u00f3n art\u00edstica y quienes disfrutan de ella intuyen o creen firmemente que existe una estrecha relaci\u00f3n entre arte y salud. Tambi\u00e9n los m\u00e9dicos y cient\u00edficos se preguntan acerca de esta posibilidad, como demuestra el estudio que est\u00e1 realizando el Hospital Universitario Bruggman de Bruselas, que pretende comprobar c\u00f3mo las actividades&hellip;&nbsp;<a href=\"https:\/\/primerborrador.es\/index.php\/2022\/10\/03\/arte-y-salud\/\" rel=\"bookmark\">Leer m\u00e1s &raquo;<span class=\"screen-reader-text\">Arte y salud<\/span><\/a><\/p>\n","protected":false},"author":2,"featured_media":1648,"comment_status":"open","ping_status":"closed","sticky":false,"template":"","format":"standard","meta":{"neve_meta_sidebar":"","neve_meta_container":"","neve_meta_enable_content_width":"","neve_meta_content_width":0,"neve_meta_title_alignment":"","neve_meta_author_avatar":"","neve_post_elements_order":"[\"thumbnail\",\"title\",\"meta\",\"content\",\"comments\",\"tags\"]","neve_meta_disable_header":"","neve_meta_disable_footer":"","neve_meta_disable_title":"","_ayudawp_aiss_exclude":false,"_ayudawp_aiss_exclude_summary":false,"_ayudawp_aiss_summary":"","_ayudawp_aiss_summary_provider":"","_ayudawp_aiss_summary_hash":"","footnotes":""},"categories":[11,6],"tags":[298,294,295,296,297],"class_list":["post-1637","post","type-post","status-publish","format-standard","has-post-thumbnail","hentry","category-arte","category-reportajes","tag-agencia-sync","tag-arte-salud","tag-arte-terapeutico","tag-arte-y-medicina","tag-aser-garcia"],"yoast_head":"<!-- This site is optimized with the Yoast SEO plugin v28.3 - https:\/\/yoast.com\/product\/yoast-seo-wordpress\/ -->\n<title>Arte y salud - Primer borrador<\/title>\n<meta name=\"description\" content=\"Reproducimos por su inter\u00e9s el reportaje sobre la relaci\u00f3n entre arte y salud del doctor Aser Garc\u00eda para la Agencia Sync.\" \/>\n<meta name=\"robots\" content=\"index, follow, max-snippet:-1, max-image-preview:large, max-video-preview:-1\" \/>\n<link rel=\"canonical\" href=\"https:\/\/primerborrador.es\/index.php\/2022\/10\/03\/arte-y-salud\/\" \/>\n<meta property=\"og:locale\" content=\"es_ES\" \/>\n<meta property=\"og:type\" content=\"article\" \/>\n<meta property=\"og:title\" content=\"Arte y salud - Primer borrador\" \/>\n<meta property=\"og:description\" content=\"Reproducimos por su inter\u00e9s el reportaje sobre la relaci\u00f3n entre arte y salud del doctor Aser Garc\u00eda para la Agencia Sync.\" \/>\n<meta property=\"og:url\" content=\"https:\/\/primerborrador.es\/index.php\/2022\/10\/03\/arte-y-salud\/\" \/>\n<meta property=\"og:site_name\" content=\"Primer borrador\" \/>\n<meta property=\"article:published_time\" content=\"2022-10-03T08:13:20+00:00\" \/>\n<meta property=\"article:modified_time\" content=\"2022-10-04T16:36:23+00:00\" \/>\n<meta property=\"og:image\" content=\"https:\/\/primerborrador.es\/wp-content\/uploads\/2022\/10\/hands.jpg\" \/>\n\t<meta property=\"og:image:width\" content=\"1280\" \/>\n\t<meta property=\"og:image:height\" content=\"853\" \/>\n\t<meta property=\"og:image:type\" content=\"image\/jpeg\" \/>\n<meta name=\"author\" content=\"Redacci\u00f3n\" \/>\n<script type=\"application\/ld+json\" class=\"yoast-schema-graph\">{\"@context\":\"https:\\\/\\\/schema.org\",\"@graph\":[{\"@type\":\"Article\",\"@id\":\"https:\\\/\\\/primerborrador.es\\\/index.php\\\/2022\\\/10\\\/03\\\/arte-y-salud\\\/#article\",\"isPartOf\":{\"@id\":\"https:\\\/\\\/primerborrador.es\\\/index.php\\\/2022\\\/10\\\/03\\\/arte-y-salud\\\/\"},\"author\":{\"name\":\"Redacci\u00f3n\",\"@id\":\"https:\\\/\\\/primerborrador.es\\\/#\\\/schema\\\/person\\\/0492196f9e50f87ef1f6e3ddcaba881e\"},\"headline\":\"Arte y salud\",\"datePublished\":\"2022-10-03T08:13:20+00:00\",\"dateModified\":\"2022-10-04T16:36:23+00:00\",\"mainEntityOfPage\":{\"@id\":\"https:\\\/\\\/primerborrador.es\\\/index.php\\\/2022\\\/10\\\/03\\\/arte-y-salud\\\/\"},\"wordCount\":2215,\"commentCount\":0,\"publisher\":{\"@id\":\"https:\\\/\\\/primerborrador.es\\\/#\\\/schema\\\/person\\\/39b8af43fb1e2774f05a0812a8f21bbc\"},\"image\":{\"@id\":\"https:\\\/\\\/primerborrador.es\\\/index.php\\\/2022\\\/10\\\/03\\\/arte-y-salud\\\/#primaryimage\"},\"thumbnailUrl\":\"https:\\\/\\\/primerborrador.es\\\/wp-content\\\/uploads\\\/2022\\\/10\\\/hands.jpg\",\"keywords\":[\"agencia-sync\",\"arte-salud\",\"arte-terapeutico\",\"arte-y-medicina\",\"aser-garc\u00eda\"],\"articleSection\":[\"Arte\",\"Reportajes\"],\"inLanguage\":\"es\",\"potentialAction\":[{\"@type\":\"CommentAction\",\"name\":\"Comment\",\"target\":[\"https:\\\/\\\/primerborrador.es\\\/index.php\\\/2022\\\/10\\\/03\\\/arte-y-salud\\\/#respond\"]}]},{\"@type\":\"WebPage\",\"@id\":\"https:\\\/\\\/primerborrador.es\\\/index.php\\\/2022\\\/10\\\/03\\\/arte-y-salud\\\/\",\"url\":\"https:\\\/\\\/primerborrador.es\\\/index.php\\\/2022\\\/10\\\/03\\\/arte-y-salud\\\/\",\"name\":\"Arte y salud - Primer borrador\",\"isPartOf\":{\"@id\":\"https:\\\/\\\/primerborrador.es\\\/#website\"},\"primaryImageOfPage\":{\"@id\":\"https:\\\/\\\/primerborrador.es\\\/index.php\\\/2022\\\/10\\\/03\\\/arte-y-salud\\\/#primaryimage\"},\"image\":{\"@id\":\"https:\\\/\\\/primerborrador.es\\\/index.php\\\/2022\\\/10\\\/03\\\/arte-y-salud\\\/#primaryimage\"},\"thumbnailUrl\":\"https:\\\/\\\/primerborrador.es\\\/wp-content\\\/uploads\\\/2022\\\/10\\\/hands.jpg\",\"datePublished\":\"2022-10-03T08:13:20+00:00\",\"dateModified\":\"2022-10-04T16:36:23+00:00\",\"description\":\"Reproducimos por su inter\u00e9s el reportaje sobre la relaci\u00f3n entre arte y salud del doctor Aser Garc\u00eda para la Agencia Sync.\",\"breadcrumb\":{\"@id\":\"https:\\\/\\\/primerborrador.es\\\/index.php\\\/2022\\\/10\\\/03\\\/arte-y-salud\\\/#breadcrumb\"},\"inLanguage\":\"es\",\"potentialAction\":[{\"@type\":\"ReadAction\",\"target\":[\"https:\\\/\\\/primerborrador.es\\\/index.php\\\/2022\\\/10\\\/03\\\/arte-y-salud\\\/\"]}]},{\"@type\":\"ImageObject\",\"inLanguage\":\"es\",\"@id\":\"https:\\\/\\\/primerborrador.es\\\/index.php\\\/2022\\\/10\\\/03\\\/arte-y-salud\\\/#primaryimage\",\"url\":\"https:\\\/\\\/primerborrador.es\\\/wp-content\\\/uploads\\\/2022\\\/10\\\/hands.jpg\",\"contentUrl\":\"https:\\\/\\\/primerborrador.es\\\/wp-content\\\/uploads\\\/2022\\\/10\\\/hands.jpg\",\"width\":1280,\"height\":853,\"caption\":\"Arte y salud\"},{\"@type\":\"BreadcrumbList\",\"@id\":\"https:\\\/\\\/primerborrador.es\\\/index.php\\\/2022\\\/10\\\/03\\\/arte-y-salud\\\/#breadcrumb\",\"itemListElement\":[{\"@type\":\"ListItem\",\"position\":1,\"name\":\"Home\",\"item\":\"https:\\\/\\\/primerborrador.es\\\/\"},{\"@type\":\"ListItem\",\"position\":2,\"name\":\"Arte y salud\"}]},{\"@type\":\"WebSite\",\"@id\":\"https:\\\/\\\/primerborrador.es\\\/#website\",\"url\":\"https:\\\/\\\/primerborrador.es\\\/\",\"name\":\"Primer borrador\",\"description\":\"Revista mensual de arte, literatura y jazz\",\"publisher\":{\"@id\":\"https:\\\/\\\/primerborrador.es\\\/#\\\/schema\\\/person\\\/39b8af43fb1e2774f05a0812a8f21bbc\"},\"potentialAction\":[{\"@type\":\"SearchAction\",\"target\":{\"@type\":\"EntryPoint\",\"urlTemplate\":\"https:\\\/\\\/primerborrador.es\\\/?s={search_term_string}\"},\"query-input\":{\"@type\":\"PropertyValueSpecification\",\"valueRequired\":true,\"valueName\":\"search_term_string\"}}],\"inLanguage\":\"es\"},{\"@type\":[\"Person\",\"Organization\"],\"@id\":\"https:\\\/\\\/primerborrador.es\\\/#\\\/schema\\\/person\\\/39b8af43fb1e2774f05a0812a8f21bbc\",\"name\":\"Santiago P\u00e9rez\",\"image\":{\"@type\":\"ImageObject\",\"inLanguage\":\"es\",\"@id\":\"https:\\\/\\\/primerborrador.es\\\/wp-content\\\/uploads\\\/2021\\\/02\\\/cropped-feather1-e1621103417910.png\",\"url\":\"https:\\\/\\\/primerborrador.es\\\/wp-content\\\/uploads\\\/2021\\\/02\\\/cropped-feather1-e1621103417910.png\",\"contentUrl\":\"https:\\\/\\\/primerborrador.es\\\/wp-content\\\/uploads\\\/2021\\\/02\\\/cropped-feather1-e1621103417910.png\",\"width\":256,\"height\":256,\"caption\":\"Santiago P\u00e9rez\"},\"logo\":{\"@id\":\"https:\\\/\\\/primerborrador.es\\\/wp-content\\\/uploads\\\/2021\\\/02\\\/cropped-feather1-e1621103417910.png\"},\"description\":\"Periodista. Escribo, desde Cadiz, sobre lo que me interesa: arte contempor\u00e1neo, literatura y m\u00fasica. Creo en la libertad de contar. Y tambi\u00e9n en la de elegir lo que quiero y no quiero leer.\",\"sameAs\":[\"https:\\\/\\\/primerborrador.es\"]},{\"@type\":\"Person\",\"@id\":\"https:\\\/\\\/primerborrador.es\\\/#\\\/schema\\\/person\\\/0492196f9e50f87ef1f6e3ddcaba881e\",\"name\":\"Redacci\u00f3n\",\"image\":{\"@type\":\"ImageObject\",\"inLanguage\":\"es\",\"@id\":\"https:\\\/\\\/secure.gravatar.com\\\/avatar\\\/ecfa6921d61c8a99d5adf0e2c01c7d995559046fd5cadd1b489361fcade4d655?s=96&d=mm&r=g\",\"url\":\"https:\\\/\\\/secure.gravatar.com\\\/avatar\\\/ecfa6921d61c8a99d5adf0e2c01c7d995559046fd5cadd1b489361fcade4d655?s=96&d=mm&r=g\",\"contentUrl\":\"https:\\\/\\\/secure.gravatar.com\\\/avatar\\\/ecfa6921d61c8a99d5adf0e2c01c7d995559046fd5cadd1b489361fcade4d655?s=96&d=mm&r=g\",\"caption\":\"Redacci\u00f3n\"},\"url\":\"https:\\\/\\\/primerborrador.es\\\/index.php\\\/author\\\/redaccion\\\/\"}]}<\/script>\n<!-- \/ Yoast SEO plugin. -->","yoast_head_json":{"title":"Arte y salud - Primer borrador","description":"Reproducimos por su inter\u00e9s el reportaje sobre la relaci\u00f3n entre arte y salud del doctor Aser Garc\u00eda para la Agencia Sync.","robots":{"index":"index","follow":"follow","max-snippet":"max-snippet:-1","max-image-preview":"max-image-preview:large","max-video-preview":"max-video-preview:-1"},"canonical":"https:\/\/primerborrador.es\/index.php\/2022\/10\/03\/arte-y-salud\/","og_locale":"es_ES","og_type":"article","og_title":"Arte y salud - Primer borrador","og_description":"Reproducimos por su inter\u00e9s el reportaje sobre la relaci\u00f3n entre arte y salud del doctor Aser Garc\u00eda para la Agencia Sync.","og_url":"https:\/\/primerborrador.es\/index.php\/2022\/10\/03\/arte-y-salud\/","og_site_name":"Primer borrador","article_published_time":"2022-10-03T08:13:20+00:00","article_modified_time":"2022-10-04T16:36:23+00:00","og_image":[{"width":1280,"height":853,"url":"https:\/\/primerborrador.es\/wp-content\/uploads\/2022\/10\/hands.jpg","type":"image\/jpeg"}],"author":"Redacci\u00f3n","schema":{"@context":"https:\/\/schema.org","@graph":[{"@type":"Article","@id":"https:\/\/primerborrador.es\/index.php\/2022\/10\/03\/arte-y-salud\/#article","isPartOf":{"@id":"https:\/\/primerborrador.es\/index.php\/2022\/10\/03\/arte-y-salud\/"},"author":{"name":"Redacci\u00f3n","@id":"https:\/\/primerborrador.es\/#\/schema\/person\/0492196f9e50f87ef1f6e3ddcaba881e"},"headline":"Arte y salud","datePublished":"2022-10-03T08:13:20+00:00","dateModified":"2022-10-04T16:36:23+00:00","mainEntityOfPage":{"@id":"https:\/\/primerborrador.es\/index.php\/2022\/10\/03\/arte-y-salud\/"},"wordCount":2215,"commentCount":0,"publisher":{"@id":"https:\/\/primerborrador.es\/#\/schema\/person\/39b8af43fb1e2774f05a0812a8f21bbc"},"image":{"@id":"https:\/\/primerborrador.es\/index.php\/2022\/10\/03\/arte-y-salud\/#primaryimage"},"thumbnailUrl":"https:\/\/primerborrador.es\/wp-content\/uploads\/2022\/10\/hands.jpg","keywords":["agencia-sync","arte-salud","arte-terapeutico","arte-y-medicina","aser-garc\u00eda"],"articleSection":["Arte","Reportajes"],"inLanguage":"es","potentialAction":[{"@type":"CommentAction","name":"Comment","target":["https:\/\/primerborrador.es\/index.php\/2022\/10\/03\/arte-y-salud\/#respond"]}]},{"@type":"WebPage","@id":"https:\/\/primerborrador.es\/index.php\/2022\/10\/03\/arte-y-salud\/","url":"https:\/\/primerborrador.es\/index.php\/2022\/10\/03\/arte-y-salud\/","name":"Arte y salud - Primer borrador","isPartOf":{"@id":"https:\/\/primerborrador.es\/#website"},"primaryImageOfPage":{"@id":"https:\/\/primerborrador.es\/index.php\/2022\/10\/03\/arte-y-salud\/#primaryimage"},"image":{"@id":"https:\/\/primerborrador.es\/index.php\/2022\/10\/03\/arte-y-salud\/#primaryimage"},"thumbnailUrl":"https:\/\/primerborrador.es\/wp-content\/uploads\/2022\/10\/hands.jpg","datePublished":"2022-10-03T08:13:20+00:00","dateModified":"2022-10-04T16:36:23+00:00","description":"Reproducimos por su inter\u00e9s el reportaje sobre la relaci\u00f3n entre arte y salud del doctor Aser Garc\u00eda para la Agencia Sync.","breadcrumb":{"@id":"https:\/\/primerborrador.es\/index.php\/2022\/10\/03\/arte-y-salud\/#breadcrumb"},"inLanguage":"es","potentialAction":[{"@type":"ReadAction","target":["https:\/\/primerborrador.es\/index.php\/2022\/10\/03\/arte-y-salud\/"]}]},{"@type":"ImageObject","inLanguage":"es","@id":"https:\/\/primerborrador.es\/index.php\/2022\/10\/03\/arte-y-salud\/#primaryimage","url":"https:\/\/primerborrador.es\/wp-content\/uploads\/2022\/10\/hands.jpg","contentUrl":"https:\/\/primerborrador.es\/wp-content\/uploads\/2022\/10\/hands.jpg","width":1280,"height":853,"caption":"Arte y salud"},{"@type":"BreadcrumbList","@id":"https:\/\/primerborrador.es\/index.php\/2022\/10\/03\/arte-y-salud\/#breadcrumb","itemListElement":[{"@type":"ListItem","position":1,"name":"Home","item":"https:\/\/primerborrador.es\/"},{"@type":"ListItem","position":2,"name":"Arte y salud"}]},{"@type":"WebSite","@id":"https:\/\/primerborrador.es\/#website","url":"https:\/\/primerborrador.es\/","name":"Primer borrador","description":"Revista mensual de arte, literatura y jazz","publisher":{"@id":"https:\/\/primerborrador.es\/#\/schema\/person\/39b8af43fb1e2774f05a0812a8f21bbc"},"potentialAction":[{"@type":"SearchAction","target":{"@type":"EntryPoint","urlTemplate":"https:\/\/primerborrador.es\/?s={search_term_string}"},"query-input":{"@type":"PropertyValueSpecification","valueRequired":true,"valueName":"search_term_string"}}],"inLanguage":"es"},{"@type":["Person","Organization"],"@id":"https:\/\/primerborrador.es\/#\/schema\/person\/39b8af43fb1e2774f05a0812a8f21bbc","name":"Santiago P\u00e9rez","image":{"@type":"ImageObject","inLanguage":"es","@id":"https:\/\/primerborrador.es\/wp-content\/uploads\/2021\/02\/cropped-feather1-e1621103417910.png","url":"https:\/\/primerborrador.es\/wp-content\/uploads\/2021\/02\/cropped-feather1-e1621103417910.png","contentUrl":"https:\/\/primerborrador.es\/wp-content\/uploads\/2021\/02\/cropped-feather1-e1621103417910.png","width":256,"height":256,"caption":"Santiago P\u00e9rez"},"logo":{"@id":"https:\/\/primerborrador.es\/wp-content\/uploads\/2021\/02\/cropped-feather1-e1621103417910.png"},"description":"Periodista. Escribo, desde Cadiz, sobre lo que me interesa: arte contempor\u00e1neo, literatura y m\u00fasica. Creo en la libertad de contar. Y tambi\u00e9n en la de elegir lo que quiero y no quiero leer.","sameAs":["https:\/\/primerborrador.es"]},{"@type":"Person","@id":"https:\/\/primerborrador.es\/#\/schema\/person\/0492196f9e50f87ef1f6e3ddcaba881e","name":"Redacci\u00f3n","image":{"@type":"ImageObject","inLanguage":"es","@id":"https:\/\/secure.gravatar.com\/avatar\/ecfa6921d61c8a99d5adf0e2c01c7d995559046fd5cadd1b489361fcade4d655?s=96&d=mm&r=g","url":"https:\/\/secure.gravatar.com\/avatar\/ecfa6921d61c8a99d5adf0e2c01c7d995559046fd5cadd1b489361fcade4d655?s=96&d=mm&r=g","contentUrl":"https:\/\/secure.gravatar.com\/avatar\/ecfa6921d61c8a99d5adf0e2c01c7d995559046fd5cadd1b489361fcade4d655?s=96&d=mm&r=g","caption":"Redacci\u00f3n"},"url":"https:\/\/primerborrador.es\/index.php\/author\/redaccion\/"}]}},"_links":{"self":[{"href":"https:\/\/primerborrador.es\/index.php\/wp-json\/wp\/v2\/posts\/1637","targetHints":{"allow":["GET"]}}],"collection":[{"href":"https:\/\/primerborrador.es\/index.php\/wp-json\/wp\/v2\/posts"}],"about":[{"href":"https:\/\/primerborrador.es\/index.php\/wp-json\/wp\/v2\/types\/post"}],"author":[{"embeddable":true,"href":"https:\/\/primerborrador.es\/index.php\/wp-json\/wp\/v2\/users\/2"}],"replies":[{"embeddable":true,"href":"https:\/\/primerborrador.es\/index.php\/wp-json\/wp\/v2\/comments?post=1637"}],"version-history":[{"count":0,"href":"https:\/\/primerborrador.es\/index.php\/wp-json\/wp\/v2\/posts\/1637\/revisions"}],"wp:featuredmedia":[{"embeddable":true,"href":"https:\/\/primerborrador.es\/index.php\/wp-json\/wp\/v2\/media\/1648"}],"wp:attachment":[{"href":"https:\/\/primerborrador.es\/index.php\/wp-json\/wp\/v2\/media?parent=1637"}],"wp:term":[{"taxonomy":"category","embeddable":true,"href":"https:\/\/primerborrador.es\/index.php\/wp-json\/wp\/v2\/categories?post=1637"},{"taxonomy":"post_tag","embeddable":true,"href":"https:\/\/primerborrador.es\/index.php\/wp-json\/wp\/v2\/tags?post=1637"}],"curies":[{"name":"wp","href":"https:\/\/api.w.org\/{rel}","templated":true}]}}