{"id":1629,"date":"2022-10-03T10:23:32","date_gmt":"2022-10-03T08:23:32","guid":{"rendered":"https:\/\/primerborrador.es\/?p=1629"},"modified":"2025-01-16T11:55:37","modified_gmt":"2025-01-16T10:55:37","slug":"ines-mahjoubi-el-reto-de-la-luz-y-el-agua","status":"publish","type":"post","link":"https:\/\/primerborrador.es\/index.php\/2022\/10\/03\/ines-mahjoubi-el-reto-de-la-luz-y-el-agua\/","title":{"rendered":"In\u00e9s Mahjoubi,  el reto de la luz y el agua"},"content":{"rendered":"\n<p class=\"wp-block-paragraph\">La arquitecta tunecina In\u00e9s Mahjoubi expone este mes de octubre algunos de sus trabajos con la acuarela en la sala del Caf\u00e9 Unicornio de C\u00e1diz.<\/p>\n\n\n\n<p class=\"wp-block-paragraph\">Mahjoubi prefiere esta a otro tipo de t\u00e9cnica \u201cporque tiene agua y me encanta el agua\u201d, afirma en una conversaci\u00f3n mientras instala las obras en las paredes del Unicornio.<\/p>\n\n\n\n<!--more-->\n\n\n\n<p class=\"wp-block-paragraph\">Esta cafeter\u00eda, una de las pioneras, sino la primera de C\u00e1diz en albergar exposiciones de arte, es un punto de paso frecuente no solo de artistas locales consagrados, sino tambi\u00e9n de otros que quieren empezar a dar a conocer su obra.<\/p>\n\n\n\n<p class=\"wp-block-paragraph\">In\u00e9s va instalando los cuadros con la ayuda de su profesor, el pintor jerezano <a href=\"https:\/\/www.diariodecadiz.es\/ocio\/Rafael-Casado-indaga-visible-invisible_0_755325095.html\" target=\"_blank\" rel=\"noreferrer noopener nofollow\">Rafael Casado<\/a>, que mide atento que todas las obras est\u00e9n colocadas en el lugar m\u00e1s adecuado y de la forma m\u00e1s correcta posible.<\/p>\n\n\n<div class=\"wp-block-image\">\n<figure class=\"aligncenter size-full\"><img loading=\"lazy\" decoding=\"async\" width=\"1200\" height=\"814\" src=\"https:\/\/primerborrador.es\/wp-content\/uploads\/2022\/10\/Ines3.png\" alt=\"Imagen de una acuarela de Ines Mahjoubi\" class=\"wp-image-1634\" srcset=\"https:\/\/primerborrador.es\/wp-content\/uploads\/2022\/10\/Ines3.png 1200w, https:\/\/primerborrador.es\/wp-content\/uploads\/2022\/10\/Ines3-768x521.png 768w\" sizes=\"auto, (max-width: 1200px) 100vw, 1200px\" \/><figcaption class=\"wp-element-caption\">Cogidos de la mano. In\u00e9s Mahjoubi (acuarela). Foto: Santiago P\u00e9rez<\/figcaption><\/figure>\n<\/div>\n\n\n<p class=\"wp-block-paragraph\">Las acuarelas que expone Mahjoubi fueron realizadas en los \u00faltimos tres a\u00f1os, parte de ellas durante la pandemia del Covid-19. Para ella, coger los pinceles es hacer una pausa en las preocupaciones diarias y abstraerse en la creaci\u00f3n.<\/p>\n\n\n\n<h4 class=\"wp-block-heading\"><strong>El reto de la luz y el agua<\/strong><\/h4>\n\n\n\n<p class=\"wp-block-paragraph\">En la mayor\u00eda de ellas predomina el color azul, con la excepci\u00f3n de dos grandes cuadros de tonos melocot\u00f3n. Lo que m\u00e1s le atrae en estos momentos es tratar de captar c\u00f3mo cambia la luz al reflejarse en el agua. \u201cEs un reto\u201d asegura sonriente.<\/p>\n\n\n\n<p class=\"wp-block-paragraph\">Acostumbrada a viajar por varios pa\u00edses del mundo por razones profesionales y familiares, est\u00e1 convencida de que el conocimiento de otras historias nutre tambi\u00e9n sus obras \u201csi no eres una piedra\u201d, dice. O con otras palabras, \u201cTe deja una huella y la puedes utilizar\u201d. Y tambi\u00e9n: \u201ces m\u00e1s bagaje para el resto del camino\u201d.<\/p>\n\n\n\n<p class=\"wp-block-paragraph\">No le preocupa demasiado, afirma, que el resultado final guste o no, pero subraya la autenticidad, la honestidad del trabajo que hace y que expone ahora: \u201calgo me m\u00ed he puesto en esos cuadros seguro\u201d.<\/p>\n\n\n\n<p class=\"has-nv-light-bg-background-color has-background wp-block-paragraph\"><strong>Exposici\u00f3n Ines Mehjoubi. Acuarelas.<\/strong><br>Caf\u00e9 Unicornio. (Hasta el 31 de octubre)<br>Calle Escritor Ram\u00f3n Sol\u00eds, 10. C\u00e1diz.<br>Horario: Lunes a Domingo de 18:00 h, a 03:00 h.<\/p>\n\n\n\n<p class=\"has-background wp-block-paragraph\" style=\"background-color:#ffe9d2\"><span style=\"text-decoration: underline;\">Nota del editor<\/span>: A\u00f1ado a continuaci\u00f3n (p\u00e1ginas 2 y 3), por expreso deseo de la artista, las traducciones de esta nota en ingl\u00e9s y franc\u00e9s, realizadas ambas por ella misma a partir del texto original en espa\u00f1ol.<\/p>\n\n\n\n<!--nextpage-->\n\n\n\n<h4 class=\"wp-block-heading\">Ines Mahjoubi, the challenge of light and water<\/h4>\n\n\n\n<p class=\"wp-block-paragraph\">The Tunisian architect Ines Mahjoubi exhibits this October some of her watercolor&#8217;s works at the Caf\u00e9 Unicornio in Cadiz.<\/p>\n\n\n\n<p class=\"wp-block-paragraph\">Mahjoubi prefers this technique to any another one \u00abbecause it involves water and I love water,\u00bb she says in a conversation while installing her paintings on the walls of the Unicornio.<\/p>\n\n\n\n<p class=\"wp-block-paragraph\">This cafeteria, one of the pioneers, if not the first in C\u00e1diz to host art exhibitions, is a frequent stopover point not only for established local artists, but also for others who want to start making their work known.<\/p>\n\n\n\n<p class=\"wp-block-paragraph\">Ines installs her works with the help of her teacher, the painter from Jerez Rafael Casado, who carefully measures that all the works are placed in the most suitable place and in the most correct way possible.<\/p>\n\n\n<div class=\"wp-block-image\">\n<figure class=\"aligncenter size-full\"><img loading=\"lazy\" decoding=\"async\" width=\"1200\" height=\"814\" src=\"https:\/\/primerborrador.es\/wp-content\/uploads\/2022\/10\/Ines3.png\" alt=\"Imagen de una acuarela de Ines Mahjoubi\" class=\"wp-image-1634\" srcset=\"https:\/\/primerborrador.es\/wp-content\/uploads\/2022\/10\/Ines3.png 1200w, https:\/\/primerborrador.es\/wp-content\/uploads\/2022\/10\/Ines3-768x521.png 768w\" sizes=\"auto, (max-width: 1200px) 100vw, 1200px\" \/><figcaption class=\"wp-element-caption\">Holding hands. Ines Mahjoubi (watercolor). Photo: Santiago P\u00e9rez<\/figcaption><\/figure>\n<\/div>\n\n\n<p class=\"wp-block-paragraph\">The watercolors that Mahjoubi exhibits were made in the last three years, part of them during the Covid-19 pandemic. For her, picking up the brushes means taking a break from daily worries and losing herself in creation.<\/p>\n\n\n\n<h4 class=\"wp-block-heading\">The challenge of light and water<\/h4>\n\n\n\n<p class=\"wp-block-paragraph\">In most of them the color blue predominates, with the exception of two large paintings in peach tones. What most appeals to her right now is trying to capture how the light changes as it reflects on the water. \u00abIt&#8217;s a constant challenge,\u00bb she says with a smile.<\/p>\n\n\n\n<p class=\"wp-block-paragraph\">Accustomed to traveling to various countries around the world for professional and family reasons, she is convinced that knowledge of other stories also nourishes her works \u201cI amnot a stone\u201d, she says. Or in other words, \u201cIt leaves a mark on you and you can use it\u201d. And also: \u201cit is more baggage for the rest of the way\u201d.<\/p>\n\n\n\n<p class=\"wp-block-paragraph\">She is not too concerned, she says, whether people would like the final result or not, but she underlines the authenticity and the honesty of the work she does and which she exhibits now: \u201cI have put something of myself in those paintings for sure\u201d.<\/p>\n\n\n\n<p class=\"has-nv-light-bg-background-color has-background wp-block-paragraph\"><strong>Ines Mahjoubi Exhibition. watercolors.<\/strong><br>Unicornio Caf\u00e9. (Until October 31)<br>Escritor Ram\u00f3n Sol\u00eds Street, 10. C\u00e1diz.<br>Hours: Monday to Sunday from 6:00 p.m. to 3:00 a.m<\/p>\n\n\n\n<!--nextpage-->\n\n\n\n<h4 class=\"wp-block-heading\">Ines Mahjoubi, le d\u00e9fi de la lumi\u00e8re et de l&#8217;eau<\/h4>\n\n\n\n<p class=\"wp-block-paragraph\">L&#8217;architecte tunisienne Ines Mahjoubi expose en octobre quelques-unes de ses aquarelles dans la salle du Caf\u00e9 Unicornio \u00e0 Cadix.<\/p>\n\n\n\n<p class=\"wp-block-paragraph\">Mahjoubi a une pr\u00e9f\u00e9rence pour cette technique \u00abparce qu&#8217;elle implique l&#8217;usage de l&#8217;eau et j&#8217;aime l&#8217;eau\u00bb, dit-elle dans une conversation en installant ses \u0153uvres sur les murs de l&#8217;Unicornio.<\/p>\n\n\n\n<p class=\"wp-block-paragraph\">Cette caf\u00e9t\u00e9ria, l&#8217;une des pionni\u00e8res, sinon la premi\u00e8re \u00e0 Cadix \u00e0 accueillir des expositions d&#8217;art, est une escale fr\u00e9quente non seulement pour les artistes locaux \u00e9tablis, mais aussi pour tous ceux qui veulent commencer \u00e0 faire conna\u00eetre leur travail.<\/p>\n\n\n\n<p class=\"wp-block-paragraph\">Ines installe ses peintures avec l&#8217;aide de son professeur, le peintre de Jerez Rafael Casado, qui veille soigneusement \u00e0 ce que toutes les \u0153uvres soient plac\u00e9es \u00e0 l&#8217;endroit le plus appropri\u00e9 et de la mani\u00e8re la plus correcte possible.<\/p>\n\n\n<div class=\"wp-block-image\">\n<figure class=\"aligncenter size-full\"><img loading=\"lazy\" decoding=\"async\" width=\"1200\" height=\"814\" src=\"https:\/\/primerborrador.es\/wp-content\/uploads\/2022\/10\/Ines3.png\" alt=\"Imagen de una acuarela de Ines Mahjoubi\" class=\"wp-image-1634\" srcset=\"https:\/\/primerborrador.es\/wp-content\/uploads\/2022\/10\/Ines3.png 1200w, https:\/\/primerborrador.es\/wp-content\/uploads\/2022\/10\/Ines3-768x521.png 768w\" sizes=\"auto, (max-width: 1200px) 100vw, 1200px\" \/><figcaption class=\"wp-element-caption\">Main dans la main. Ines Mahjoubi (aquarelle). Photo: Santiago P\u00e9rez\n<\/figcaption><\/figure>\n<\/div>\n\n\n<p class=\"wp-block-paragraph\">Les aquarelles que Mahjoubi expose ont \u00e9t\u00e9 r\u00e9alis\u00e9es au cours des trois derni\u00e8res ann\u00e9es, dont une partie au cours de la pand\u00e9mie de Covid-19. Pour elle, prendre le pinceau est une fa\u00e7on de faire une pause loin des soucis quotidiens et de se perdre dans la cr\u00e9ativit\u00e9.<\/p>\n\n\n\n<h4 class=\"wp-block-heading\">Le d\u00e9fi de la lumi\u00e8re et de l&#8217;eau<\/h4>\n\n\n\n<p class=\"wp-block-paragraph\">Dans la plupart des aquarelles, la couleur bleue pr\u00e9domine, \u00e0 l&#8217;exception de deux grands tableaux aux tons p\u00eache. Ce qui l&#8217;attire le plus en ce moment, c&#8217;est d&#8217;essayer de capturer comment la lumi\u00e8re change lorsqu&#8217;elle se refl\u00e8te sur l&#8217;eau. \u00abC&#8217;est un d\u00e9fi constant\u00bb, dit-elle avec un sourire.<\/p>\n\n\n\n<p class=\"wp-block-paragraph\">Habitu\u00e9e \u00e0 voyager dans divers pays du monde pour des raisons professionnelles et familiales, elle est convaincue que la connaissance d&#8217;autres histoires nourrit aussi ses \u0153uvres \u00abje ne suis pas une pierre\u00bb, dit-elle. En d&#8217;autres termes, \u00abCela laisse des marques et on peut s&#8217;en servir\u00bb. Et de rajouter : \u00ab cela rajoute un peu plus de bagages pour la suite du trajet \u00bb.<\/p>\n\n\n\n<p class=\"wp-block-paragraph\">Elle ne se soucie pas trop, dit-elle, que l&#8217;on appr\u00e9cie ou pas le r\u00e9sultat final, mais elle souligne l&#8217;authenticit\u00e9, l&#8217;honn\u00eatet\u00e9 du travail qu&#8217;elle fait et qu&#8217;elle expose maintenant : \u00abJ&#8217;ai mis quelque chose de moi-m\u00eame dans ces peintures, c&#8217;est s\u00fbr\u00bb .<\/p>\n\n\n\n<p class=\"has-nv-light-bg-background-color has-background wp-block-paragraph\"><strong>Exposition Ines Mahjoubi. aquarelles.<\/strong><br>Caf\u00e9 Unicornio. (Jusqu&#8217;au 31 octobre)<br>10, rue Escritor Ram\u00f3n Sol\u00eds . Cadix.<br>Horaires : du lundi au dimanche de 18h00 \u00e0 03h00<\/p>\n","protected":false},"excerpt":{"rendered":"<p>La arquitecta tunecina In\u00e9s Mahjoubi expone este mes de octubre algunos de sus trabajos con la acuarela en la sala del Caf\u00e9 Unicornio de C\u00e1diz. Mahjoubi prefiere esta a otro tipo de t\u00e9cnica \u201cporque tiene agua y me encanta el agua\u201d, afirma en una conversaci\u00f3n mientras instala las obras en las paredes del Unicornio.<\/p>\n","protected":false},"author":1,"featured_media":1632,"comment_status":"open","ping_status":"closed","sticky":false,"template":"","format":"standard","meta":{"neve_meta_sidebar":"","neve_meta_container":"","neve_meta_enable_content_width":"","neve_meta_content_width":0,"neve_meta_title_alignment":"","neve_meta_author_avatar":"","neve_post_elements_order":"","neve_meta_disable_header":"","neve_meta_disable_footer":"","neve_meta_disable_title":"","_ayudawp_aiss_exclude":false,"_ayudawp_aiss_exclude_summary":false,"_ayudawp_aiss_summary":"","_ayudawp_aiss_summary_provider":"","_ayudawp_aiss_summary_hash":"","footnotes":""},"categories":[11],"tags":[118,177,292,291,293],"class_list":["post-1629","post","type-post","status-publish","format-standard","has-post-thumbnail","hentry","category-arte","tag-acuarelas","tag-arte-cadiz","tag-cafe-unicornio-cadiz","tag-ines-mehjoubi","tag-rafael-casado"],"yoast_head":"<!-- This site is optimized with the Yoast SEO plugin v28.3 - https:\/\/yoast.com\/product\/yoast-seo-wordpress\/ -->\n<title>In\u00e9s Mahjoubi, el reto de la luz y el agua - Primer borrador<\/title>\n<meta name=\"description\" content=\"La arquitecta tunecina In\u00e9s Mahjoubi expone este mes de octubre algunos de sus trabajos con la acuarela en la sala del Caf\u00e9 Unicornio de C\u00e1diz\" \/>\n<meta name=\"robots\" content=\"index, follow, max-snippet:-1, max-image-preview:large, max-video-preview:-1\" \/>\n<link rel=\"canonical\" href=\"https:\/\/primerborrador.es\/index.php\/2022\/10\/03\/ines-mahjoubi-el-reto-de-la-luz-y-el-agua\/\" \/>\n<link rel=\"next\" href=\"https:\/\/primerborrador.es\/index.php\/2022\/10\/03\/ines-mahjoubi-el-reto-de-la-luz-y-el-agua\/2\/\" \/>\n<meta property=\"og:locale\" content=\"es_ES\" \/>\n<meta property=\"og:type\" content=\"article\" \/>\n<meta property=\"og:title\" content=\"In\u00e9s Mahjoubi, el reto de la luz y el agua - Primer borrador\" \/>\n<meta property=\"og:description\" content=\"La arquitecta tunecina In\u00e9s Mahjoubi expone este mes de octubre algunos de sus trabajos con la acuarela en la sala del Caf\u00e9 Unicornio de C\u00e1diz\" \/>\n<meta property=\"og:url\" content=\"https:\/\/primerborrador.es\/index.php\/2022\/10\/03\/ines-mahjoubi-el-reto-de-la-luz-y-el-agua\/\" \/>\n<meta property=\"og:site_name\" content=\"Primer borrador\" \/>\n<meta property=\"article:published_time\" content=\"2022-10-03T08:23:32+00:00\" \/>\n<meta property=\"article:modified_time\" content=\"2025-01-16T10:55:37+00:00\" \/>\n<meta property=\"og:image\" content=\"https:\/\/primerborrador.es\/wp-content\/uploads\/2022\/10\/Ines-1.png\" \/>\n\t<meta property=\"og:image:width\" content=\"1200\" \/>\n\t<meta property=\"og:image:height\" content=\"770\" \/>\n\t<meta property=\"og:image:type\" content=\"image\/png\" \/>\n<meta name=\"author\" content=\"Santiago P\u00e9rez\" \/>\n<script type=\"application\/ld+json\" class=\"yoast-schema-graph\">{\"@context\":\"https:\\\/\\\/schema.org\",\"@graph\":[{\"@type\":\"Article\",\"@id\":\"https:\\\/\\\/primerborrador.es\\\/index.php\\\/2022\\\/10\\\/03\\\/ines-mahjoubi-el-reto-de-la-luz-y-el-agua\\\/#article\",\"isPartOf\":{\"@id\":\"https:\\\/\\\/primerborrador.es\\\/index.php\\\/2022\\\/10\\\/03\\\/ines-mahjoubi-el-reto-de-la-luz-y-el-agua\\\/\"},\"author\":{\"name\":\"Santiago P\u00e9rez\",\"@id\":\"https:\\\/\\\/primerborrador.es\\\/#\\\/schema\\\/person\\\/39b8af43fb1e2774f05a0812a8f21bbc\"},\"headline\":\"In\u00e9s Mahjoubi, el reto de la luz y el agua\",\"datePublished\":\"2022-10-03T08:23:32+00:00\",\"dateModified\":\"2025-01-16T10:55:37+00:00\",\"mainEntityOfPage\":{\"@id\":\"https:\\\/\\\/primerborrador.es\\\/index.php\\\/2022\\\/10\\\/03\\\/ines-mahjoubi-el-reto-de-la-luz-y-el-agua\\\/\"},\"wordCount\":1218,\"commentCount\":0,\"publisher\":{\"@id\":\"https:\\\/\\\/primerborrador.es\\\/#\\\/schema\\\/person\\\/39b8af43fb1e2774f05a0812a8f21bbc\"},\"image\":{\"@id\":\"https:\\\/\\\/primerborrador.es\\\/index.php\\\/2022\\\/10\\\/03\\\/ines-mahjoubi-el-reto-de-la-luz-y-el-agua\\\/#primaryimage\"},\"thumbnailUrl\":\"https:\\\/\\\/primerborrador.es\\\/wp-content\\\/uploads\\\/2022\\\/10\\\/Ines-1.png\",\"keywords\":[\"acuarelas\",\"arte-cadiz\",\"cafe-unicornio-cadiz\",\"ines-mehjoubi\",\"rafael-casado\"],\"articleSection\":[\"Arte\"],\"inLanguage\":\"es\",\"potentialAction\":[{\"@type\":\"CommentAction\",\"name\":\"Comment\",\"target\":[\"https:\\\/\\\/primerborrador.es\\\/index.php\\\/2022\\\/10\\\/03\\\/ines-mahjoubi-el-reto-de-la-luz-y-el-agua\\\/#respond\"]}]},{\"@type\":\"WebPage\",\"@id\":\"https:\\\/\\\/primerborrador.es\\\/index.php\\\/2022\\\/10\\\/03\\\/ines-mahjoubi-el-reto-de-la-luz-y-el-agua\\\/\",\"url\":\"https:\\\/\\\/primerborrador.es\\\/index.php\\\/2022\\\/10\\\/03\\\/ines-mahjoubi-el-reto-de-la-luz-y-el-agua\\\/\",\"name\":\"In\u00e9s Mahjoubi, el reto de la luz y el agua - Primer borrador\",\"isPartOf\":{\"@id\":\"https:\\\/\\\/primerborrador.es\\\/#website\"},\"primaryImageOfPage\":{\"@id\":\"https:\\\/\\\/primerborrador.es\\\/index.php\\\/2022\\\/10\\\/03\\\/ines-mahjoubi-el-reto-de-la-luz-y-el-agua\\\/#primaryimage\"},\"image\":{\"@id\":\"https:\\\/\\\/primerborrador.es\\\/index.php\\\/2022\\\/10\\\/03\\\/ines-mahjoubi-el-reto-de-la-luz-y-el-agua\\\/#primaryimage\"},\"thumbnailUrl\":\"https:\\\/\\\/primerborrador.es\\\/wp-content\\\/uploads\\\/2022\\\/10\\\/Ines-1.png\",\"datePublished\":\"2022-10-03T08:23:32+00:00\",\"dateModified\":\"2025-01-16T10:55:37+00:00\",\"description\":\"La arquitecta tunecina In\u00e9s Mahjoubi expone este mes de octubre algunos de sus trabajos con la acuarela en la sala del Caf\u00e9 Unicornio de C\u00e1diz\",\"inLanguage\":\"es\",\"potentialAction\":[{\"@type\":\"ReadAction\",\"target\":[\"https:\\\/\\\/primerborrador.es\\\/index.php\\\/2022\\\/10\\\/03\\\/ines-mahjoubi-el-reto-de-la-luz-y-el-agua\\\/\"]}]},{\"@type\":\"ImageObject\",\"inLanguage\":\"es\",\"@id\":\"https:\\\/\\\/primerborrador.es\\\/index.php\\\/2022\\\/10\\\/03\\\/ines-mahjoubi-el-reto-de-la-luz-y-el-agua\\\/#primaryimage\",\"url\":\"https:\\\/\\\/primerborrador.es\\\/wp-content\\\/uploads\\\/2022\\\/10\\\/Ines-1.png\",\"contentUrl\":\"https:\\\/\\\/primerborrador.es\\\/wp-content\\\/uploads\\\/2022\\\/10\\\/Ines-1.png\",\"width\":1200,\"height\":770,\"caption\":\"Imagen de una acuarela de Ines Mahjoubi\"},{\"@type\":\"WebSite\",\"@id\":\"https:\\\/\\\/primerborrador.es\\\/#website\",\"url\":\"https:\\\/\\\/primerborrador.es\\\/\",\"name\":\"Primer borrador\",\"description\":\"Revista mensual de arte, literatura y jazz\",\"publisher\":{\"@id\":\"https:\\\/\\\/primerborrador.es\\\/#\\\/schema\\\/person\\\/39b8af43fb1e2774f05a0812a8f21bbc\"},\"potentialAction\":[{\"@type\":\"SearchAction\",\"target\":{\"@type\":\"EntryPoint\",\"urlTemplate\":\"https:\\\/\\\/primerborrador.es\\\/?s={search_term_string}\"},\"query-input\":{\"@type\":\"PropertyValueSpecification\",\"valueRequired\":true,\"valueName\":\"search_term_string\"}}],\"inLanguage\":\"es\"},{\"@type\":[\"Person\",\"Organization\"],\"@id\":\"https:\\\/\\\/primerborrador.es\\\/#\\\/schema\\\/person\\\/39b8af43fb1e2774f05a0812a8f21bbc\",\"name\":\"Santiago P\u00e9rez\",\"image\":{\"@type\":\"ImageObject\",\"inLanguage\":\"es\",\"@id\":\"https:\\\/\\\/primerborrador.es\\\/wp-content\\\/uploads\\\/2021\\\/02\\\/cropped-feather1-e1621103417910.png\",\"url\":\"https:\\\/\\\/primerborrador.es\\\/wp-content\\\/uploads\\\/2021\\\/02\\\/cropped-feather1-e1621103417910.png\",\"contentUrl\":\"https:\\\/\\\/primerborrador.es\\\/wp-content\\\/uploads\\\/2021\\\/02\\\/cropped-feather1-e1621103417910.png\",\"width\":256,\"height\":256,\"caption\":\"Santiago P\u00e9rez\"},\"logo\":{\"@id\":\"https:\\\/\\\/primerborrador.es\\\/wp-content\\\/uploads\\\/2021\\\/02\\\/cropped-feather1-e1621103417910.png\"},\"description\":\"Periodista. Escribo, desde Cadiz, sobre lo que me interesa: arte contempor\u00e1neo, literatura y m\u00fasica. Creo en la libertad de contar. Y tambi\u00e9n en la de elegir lo que quiero y no quiero leer.\",\"sameAs\":[\"https:\\\/\\\/primerborrador.es\"],\"url\":\"https:\\\/\\\/primerborrador.es\\\/index.php\\\/author\\\/santiagomperezm\\\/\"}]}<\/script>\n<!-- \/ Yoast SEO plugin. -->","yoast_head_json":{"title":"In\u00e9s Mahjoubi, el reto de la luz y el agua - Primer borrador","description":"La arquitecta tunecina In\u00e9s Mahjoubi expone este mes de octubre algunos de sus trabajos con la acuarela en la sala del Caf\u00e9 Unicornio de C\u00e1diz","robots":{"index":"index","follow":"follow","max-snippet":"max-snippet:-1","max-image-preview":"max-image-preview:large","max-video-preview":"max-video-preview:-1"},"canonical":"https:\/\/primerborrador.es\/index.php\/2022\/10\/03\/ines-mahjoubi-el-reto-de-la-luz-y-el-agua\/","next":"https:\/\/primerborrador.es\/index.php\/2022\/10\/03\/ines-mahjoubi-el-reto-de-la-luz-y-el-agua\/2\/","og_locale":"es_ES","og_type":"article","og_title":"In\u00e9s Mahjoubi, el reto de la luz y el agua - Primer borrador","og_description":"La arquitecta tunecina In\u00e9s Mahjoubi expone este mes de octubre algunos de sus trabajos con la acuarela en la sala del Caf\u00e9 Unicornio de C\u00e1diz","og_url":"https:\/\/primerborrador.es\/index.php\/2022\/10\/03\/ines-mahjoubi-el-reto-de-la-luz-y-el-agua\/","og_site_name":"Primer borrador","article_published_time":"2022-10-03T08:23:32+00:00","article_modified_time":"2025-01-16T10:55:37+00:00","og_image":[{"width":1200,"height":770,"url":"https:\/\/primerborrador.es\/wp-content\/uploads\/2022\/10\/Ines-1.png","type":"image\/png"}],"author":"Santiago P\u00e9rez","schema":{"@context":"https:\/\/schema.org","@graph":[{"@type":"Article","@id":"https:\/\/primerborrador.es\/index.php\/2022\/10\/03\/ines-mahjoubi-el-reto-de-la-luz-y-el-agua\/#article","isPartOf":{"@id":"https:\/\/primerborrador.es\/index.php\/2022\/10\/03\/ines-mahjoubi-el-reto-de-la-luz-y-el-agua\/"},"author":{"name":"Santiago P\u00e9rez","@id":"https:\/\/primerborrador.es\/#\/schema\/person\/39b8af43fb1e2774f05a0812a8f21bbc"},"headline":"In\u00e9s Mahjoubi, el reto de la luz y el agua","datePublished":"2022-10-03T08:23:32+00:00","dateModified":"2025-01-16T10:55:37+00:00","mainEntityOfPage":{"@id":"https:\/\/primerborrador.es\/index.php\/2022\/10\/03\/ines-mahjoubi-el-reto-de-la-luz-y-el-agua\/"},"wordCount":1218,"commentCount":0,"publisher":{"@id":"https:\/\/primerborrador.es\/#\/schema\/person\/39b8af43fb1e2774f05a0812a8f21bbc"},"image":{"@id":"https:\/\/primerborrador.es\/index.php\/2022\/10\/03\/ines-mahjoubi-el-reto-de-la-luz-y-el-agua\/#primaryimage"},"thumbnailUrl":"https:\/\/primerborrador.es\/wp-content\/uploads\/2022\/10\/Ines-1.png","keywords":["acuarelas","arte-cadiz","cafe-unicornio-cadiz","ines-mehjoubi","rafael-casado"],"articleSection":["Arte"],"inLanguage":"es","potentialAction":[{"@type":"CommentAction","name":"Comment","target":["https:\/\/primerborrador.es\/index.php\/2022\/10\/03\/ines-mahjoubi-el-reto-de-la-luz-y-el-agua\/#respond"]}]},{"@type":"WebPage","@id":"https:\/\/primerborrador.es\/index.php\/2022\/10\/03\/ines-mahjoubi-el-reto-de-la-luz-y-el-agua\/","url":"https:\/\/primerborrador.es\/index.php\/2022\/10\/03\/ines-mahjoubi-el-reto-de-la-luz-y-el-agua\/","name":"In\u00e9s Mahjoubi, el reto de la luz y el agua - Primer borrador","isPartOf":{"@id":"https:\/\/primerborrador.es\/#website"},"primaryImageOfPage":{"@id":"https:\/\/primerborrador.es\/index.php\/2022\/10\/03\/ines-mahjoubi-el-reto-de-la-luz-y-el-agua\/#primaryimage"},"image":{"@id":"https:\/\/primerborrador.es\/index.php\/2022\/10\/03\/ines-mahjoubi-el-reto-de-la-luz-y-el-agua\/#primaryimage"},"thumbnailUrl":"https:\/\/primerborrador.es\/wp-content\/uploads\/2022\/10\/Ines-1.png","datePublished":"2022-10-03T08:23:32+00:00","dateModified":"2025-01-16T10:55:37+00:00","description":"La arquitecta tunecina In\u00e9s Mahjoubi expone este mes de octubre algunos de sus trabajos con la acuarela en la sala del Caf\u00e9 Unicornio de C\u00e1diz","inLanguage":"es","potentialAction":[{"@type":"ReadAction","target":["https:\/\/primerborrador.es\/index.php\/2022\/10\/03\/ines-mahjoubi-el-reto-de-la-luz-y-el-agua\/"]}]},{"@type":"ImageObject","inLanguage":"es","@id":"https:\/\/primerborrador.es\/index.php\/2022\/10\/03\/ines-mahjoubi-el-reto-de-la-luz-y-el-agua\/#primaryimage","url":"https:\/\/primerborrador.es\/wp-content\/uploads\/2022\/10\/Ines-1.png","contentUrl":"https:\/\/primerborrador.es\/wp-content\/uploads\/2022\/10\/Ines-1.png","width":1200,"height":770,"caption":"Imagen de una acuarela de Ines Mahjoubi"},{"@type":"WebSite","@id":"https:\/\/primerborrador.es\/#website","url":"https:\/\/primerborrador.es\/","name":"Primer borrador","description":"Revista mensual de arte, literatura y jazz","publisher":{"@id":"https:\/\/primerborrador.es\/#\/schema\/person\/39b8af43fb1e2774f05a0812a8f21bbc"},"potentialAction":[{"@type":"SearchAction","target":{"@type":"EntryPoint","urlTemplate":"https:\/\/primerborrador.es\/?s={search_term_string}"},"query-input":{"@type":"PropertyValueSpecification","valueRequired":true,"valueName":"search_term_string"}}],"inLanguage":"es"},{"@type":["Person","Organization"],"@id":"https:\/\/primerborrador.es\/#\/schema\/person\/39b8af43fb1e2774f05a0812a8f21bbc","name":"Santiago P\u00e9rez","image":{"@type":"ImageObject","inLanguage":"es","@id":"https:\/\/primerborrador.es\/wp-content\/uploads\/2021\/02\/cropped-feather1-e1621103417910.png","url":"https:\/\/primerborrador.es\/wp-content\/uploads\/2021\/02\/cropped-feather1-e1621103417910.png","contentUrl":"https:\/\/primerborrador.es\/wp-content\/uploads\/2021\/02\/cropped-feather1-e1621103417910.png","width":256,"height":256,"caption":"Santiago P\u00e9rez"},"logo":{"@id":"https:\/\/primerborrador.es\/wp-content\/uploads\/2021\/02\/cropped-feather1-e1621103417910.png"},"description":"Periodista. Escribo, desde Cadiz, sobre lo que me interesa: arte contempor\u00e1neo, literatura y m\u00fasica. Creo en la libertad de contar. Y tambi\u00e9n en la de elegir lo que quiero y no quiero leer.","sameAs":["https:\/\/primerborrador.es"],"url":"https:\/\/primerborrador.es\/index.php\/author\/santiagomperezm\/"}]}},"_links":{"self":[{"href":"https:\/\/primerborrador.es\/index.php\/wp-json\/wp\/v2\/posts\/1629","targetHints":{"allow":["GET"]}}],"collection":[{"href":"https:\/\/primerborrador.es\/index.php\/wp-json\/wp\/v2\/posts"}],"about":[{"href":"https:\/\/primerborrador.es\/index.php\/wp-json\/wp\/v2\/types\/post"}],"author":[{"embeddable":true,"href":"https:\/\/primerborrador.es\/index.php\/wp-json\/wp\/v2\/users\/1"}],"replies":[{"embeddable":true,"href":"https:\/\/primerborrador.es\/index.php\/wp-json\/wp\/v2\/comments?post=1629"}],"version-history":[{"count":0,"href":"https:\/\/primerborrador.es\/index.php\/wp-json\/wp\/v2\/posts\/1629\/revisions"}],"wp:featuredmedia":[{"embeddable":true,"href":"https:\/\/primerborrador.es\/index.php\/wp-json\/wp\/v2\/media\/1632"}],"wp:attachment":[{"href":"https:\/\/primerborrador.es\/index.php\/wp-json\/wp\/v2\/media?parent=1629"}],"wp:term":[{"taxonomy":"category","embeddable":true,"href":"https:\/\/primerborrador.es\/index.php\/wp-json\/wp\/v2\/categories?post=1629"},{"taxonomy":"post_tag","embeddable":true,"href":"https:\/\/primerborrador.es\/index.php\/wp-json\/wp\/v2\/tags?post=1629"}],"curies":[{"name":"wp","href":"https:\/\/api.w.org\/{rel}","templated":true}]}}